{"id":3442,"date":"2019-07-24T09:04:19","date_gmt":"2019-07-24T08:04:19","guid":{"rendered":"http:\/\/www.enviroscop.fr\/actu\/?p=3442"},"modified":"2019-08-07T14:29:58","modified_gmt":"2019-08-07T13:29:58","slug":"la-plus-grande-turbine-eolienne-en-mer-lhaliade-x-12mw","status":"publish","type":"post","link":"https:\/\/www.enviroscop.fr\/actu\/2019\/07\/la-plus-grande-turbine-eolienne-en-mer-lhaliade-x-12mw\/","title":{"rendered":"La plus grande turbine \u00e9olienne en mer, l&rsquo;Haliade X-12MW"},"content":{"rendered":"\n<p><strong>Ce 22 juillet, GE Renewable Energy a d\u00e9voil\u00e9 les sp\u00e9cifications de son nouveau mod\u00e8le destin\u00e9 \u00e0 l&rsquo;\u00e9quipement des parcs marins, l\u2019Haliade-X 12 MW. <\/strong><\/p>\n\n\n\n<figure class=\"wp-block-image\"><img data-recalc-dims=\"1\" loading=\"lazy\" decoding=\"async\" width=\"620\" height=\"350\" data-attachment-id=\"3444\" data-permalink=\"https:\/\/www.enviroscop.fr\/actu\/2019\/07\/la-plus-grande-turbine-eolienne-en-mer-lhaliade-x-12mw\/haliadex12-2\/\" data-orig-file=\"https:\/\/i0.wp.com\/www.enviroscop.fr\/actu\/wp-content\/uploads\/2019\/07\/haliadeX12-1.jpg?fit=620%2C350&amp;ssl=1\" data-orig-size=\"620,350\" data-comments-opened=\"1\" data-image-meta=\"{&quot;aperture&quot;:&quot;0&quot;,&quot;credit&quot;:&quot;&quot;,&quot;camera&quot;:&quot;&quot;,&quot;caption&quot;:&quot;&quot;,&quot;created_timestamp&quot;:&quot;0&quot;,&quot;copyright&quot;:&quot;&quot;,&quot;focal_length&quot;:&quot;0&quot;,&quot;iso&quot;:&quot;0&quot;,&quot;shutter_speed&quot;:&quot;0&quot;,&quot;title&quot;:&quot;&quot;,&quot;orientation&quot;:&quot;0&quot;}\" data-image-title=\"haliadeX12\" data-image-description=\"\" data-image-caption=\"\" data-large-file=\"https:\/\/i0.wp.com\/www.enviroscop.fr\/actu\/wp-content\/uploads\/2019\/07\/haliadeX12-1.jpg?fit=620%2C350&amp;ssl=1\" src=\"https:\/\/i0.wp.com\/www.enviroscop.fr\/actu\/wp-content\/uploads\/2019\/07\/haliadeX12-1.jpg?resize=620%2C350&#038;ssl=1\" alt=\"\" class=\"wp-image-3444\" srcset=\"https:\/\/i0.wp.com\/www.enviroscop.fr\/actu\/wp-content\/uploads\/2019\/07\/haliadeX12-1.jpg?w=620&amp;ssl=1 620w, https:\/\/i0.wp.com\/www.enviroscop.fr\/actu\/wp-content\/uploads\/2019\/07\/haliadeX12-1.jpg?resize=300%2C169&amp;ssl=1 300w\" sizes=\"auto, (max-width: 620px) 100vw, 620px\" \/><\/figure>\n\n\n\n<p>Avec un rotor de 220 m\u00e8tres, elle mesure 260 m\u00e8tres de haut avec des pales de 107 m\u00e8tres et devient le mod\u00e8le le plus imposant et le plus puissant jamais cr\u00e9\u00e9 :  \u00ab&nbsp;la production de cette nouvelle turbine, aux dimensions in\u00e9dites et \u00e0 la technologie de pointe, a \u00e9t\u00e9 enti\u00e8rement assur\u00e9e depuis la France, sur le site de GE \u00e0 Saint-Nazaire&nbsp;\u00bb, se f\u00e9licite GE Renewable Energy.<\/p>\n\n\n\n<p>Reste maintenant \u00e0 la tester (sur terre) avant ses premi\u00e8res installation (en mer).<\/p>\n","protected":false},"excerpt":{"rendered":"<p>Ce 22 juillet, GE Renewable Energy a d\u00e9voil\u00e9 les sp\u00e9cifications de son nouveau mod\u00e8le destin\u00e9 \u00e0 l&rsquo;\u00e9quipement des parcs marins, l\u2019Haliade-X 12 MW. Avec un rotor de 220 m\u00e8tres, elle mesure 260 m\u00e8tres de haut avec des pales de 107 m\u00e8tres et devient le mod\u00e8le le plus imposant et le plus puissant jamais cr\u00e9\u00e9 : &hellip; <\/p>\n<p><a class=\"more-link btn\" href=\"https:\/\/www.enviroscop.fr\/actu\/2019\/07\/la-plus-grande-turbine-eolienne-en-mer-lhaliade-x-12mw\/\">Lire la suite<\/a><\/p>\n","protected":false},"author":1,"featured_media":0,"comment_status":"open","ping_status":"open","sticky":false,"template":"","format":"standard","meta":{"jetpack_post_was_ever_published":false,"_jetpack_newsletter_access":"","_jetpack_dont_email_post_to_subs":false,"_jetpack_newsletter_tier_id":0,"_jetpack_memberships_contains_paywalled_content":false,"_jetpack_memberships_contains_paid_content":false,"footnotes":"","jetpack_publicize_message":"","jetpack_publicize_feature_enabled":true,"jetpack_social_post_already_shared":true,"jetpack_social_options":{"image_generator_settings":{"template":"highway","default_image_id":0,"font":"","enabled":false},"version":2}},"categories":[7,1,8,68,32,72],"tags":[],"class_list":["post-3442","post","type-post","status-publish","format-standard","hentry","category-energie","category-non-classe","category-eolien","category-france","category-icpe","category-marine","item-wrap"],"jetpack_publicize_connections":[],"jetpack_featured_media_url":"","jetpack_shortlink":"https:\/\/wp.me\/p3rXAp-Tw","jetpack_likes_enabled":true,"jetpack-related-posts":[{"id":1604,"url":"https:\/\/www.enviroscop.fr\/actu\/2013\/11\/alstom-installe-son-eolienne-geante-sur-le-site-de-belwind-en-belgique-eolien-enerzine-com\/","url_meta":{"origin":3442,"position":0},"title":"Alstom installe son \u00e9olienne g\u00e9ante sur le site de Belwind en Belgique > Eolien &#8211; Enerzine.com","author":"Enviroscop","date":"21 novembre 2013","format":false,"excerpt":"Alstom a annonc\u00e9 mercredi avoir finalis\u00e9 ce week-end l'installation en mer de son \u00e9olienne offshore nouvelle g\u00e9n\u00e9ration Haliade 150 - 6MW, au large des c\u00f4tes d'Ostende sur le site de Belwind en Belgique. Il s'agit selon l'industriel fran\u00e7ais de la plus grande \u00e9olienne jamais install\u00e9e en mer. Avec un rotor\u2026","rel":"","context":"Dans &quot;Eolien&quot;","block_context":{"text":"Eolien","link":"https:\/\/www.enviroscop.fr\/actu\/category\/energie\/renouvelable\/eolien\/"},"img":{"alt_text":"","src":"","width":0,"height":0},"classes":[]},{"id":1098,"url":"https:\/\/www.enviroscop.fr\/actu\/2013\/06\/eolien-offshore-consortium-reduit-edf-et-wpd-offshore-avec-alstom-comme-fournisseur\/","url_meta":{"origin":3442,"position":1},"title":"\u00c9olien offshore : consortium r\u00e9duit EDF et WPD Offshore, avec Alstom comme fournisseur","author":"Enviroscop","date":"3 juin 2013","format":false,"excerpt":"EDF \u00c9nergies Nouvelles et l\u2019allemand WPD Offshore vont cr\u00e9er une soci\u00e9t\u00e9 commune pour r\u00e9pondre au second appel d\u2019offres gouvernemental pour l\u2019\u00e9olien en mer. EDF Energies Nouvelles EDF EN et WPD Offshore ont annonc\u00e9 la signature d\u2019un accord de partenariat. Les deux groupes veulent ainsi r\u00e9pondre ensemble au second appel d\u2019offres\u2026","rel":"","context":"Dans &quot;Energie&quot;","block_context":{"text":"Energie","link":"https:\/\/www.enviroscop.fr\/actu\/category\/energie\/"},"img":{"alt_text":"eole3","src":"https:\/\/i0.wp.com\/www.enviroscop.fr\/actu\/wp-content\/uploads\/2013\/04\/eole3.jpg?resize=350%2C200","width":350,"height":200},"classes":[]},{"id":5040,"url":"https:\/\/www.enviroscop.fr\/actu\/2022\/11\/changement-climatique-le-taux-de-mortalite-des-forets-a-augmente-de-plus-de-50-sur-la-derniere-decennie\/","url_meta":{"origin":3442,"position":2},"title":"Changement climatique : le taux de mortalit\u00e9 des for\u00eats a augment\u00e9 de plus de 50% sur la derni\u00e8re d\u00e9cennie","author":"Enviroscop","date":"2 novembre 2022","format":false,"excerpt":"Selon l'\u00e9dition 2022 de l'Inventaire forestier national r\u00e9alis\u00e9 par l'IGN, la mortalit\u00e9 des for\u00eats fran\u00e7aises a augment\u00e9 de 54% au cours de la derni\u00e8re d\u00e9cennie malgr\u00e9 une superficie qui continue de progresser et une diversit\u00e9 des peuplements qui s'accro\u00eet. Le changement climatique, avec la r\u00e9currence d'\u00e9pisodes de s\u00e9cheresse favorisant les\u2026","rel":"","context":"Dans &quot;Banque des Territoires&quot;","block_context":{"text":"Banque des Territoires","link":"https:\/\/www.enviroscop.fr\/actu\/category\/source\/banque-des-territoires\/"},"img":{"alt_text":"Bois ","src":"https:\/\/i0.wp.com\/www.banquedesterritoires.fr\/sites\/default\/files\/styles\/landscape_auto_crop\/public\/2022-10\/Sanscxfvvghjdfs%20titre-2.jpg?resize=350%2C200&ssl=1","width":350,"height":200,"srcset":"https:\/\/i0.wp.com\/www.banquedesterritoires.fr\/sites\/default\/files\/styles\/landscape_auto_crop\/public\/2022-10\/Sanscxfvvghjdfs%20titre-2.jpg?resize=350%2C200&ssl=1 1x, https:\/\/i0.wp.com\/www.banquedesterritoires.fr\/sites\/default\/files\/styles\/landscape_auto_crop\/public\/2022-10\/Sanscxfvvghjdfs%20titre-2.jpg?resize=525%2C300&ssl=1 1.5x, https:\/\/i0.wp.com\/www.banquedesterritoires.fr\/sites\/default\/files\/styles\/landscape_auto_crop\/public\/2022-10\/Sanscxfvvghjdfs%20titre-2.jpg?resize=700%2C400&ssl=1 2x"},"classes":[]},{"id":5136,"url":"https:\/\/www.enviroscop.fr\/actu\/2023\/01\/energies-renouvelables-eolien-en-mer-et-solaire-les-principales-mesures-du-texte\/","url_meta":{"origin":3442,"position":3},"title":"Energies renouvelables : \u00e9olien en mer et solaire, les principales mesures du texte","author":"Enviroscop","date":"11 janvier 2023","format":false,"excerpt":"All\u00e9ger les proc\u00e9dures administratives, installer des panneaux solaires en bord d'autoroute et sur les parkings, d\u00e9velopper massivement l'\u00e9olien en mer: le projet de loi d'acc\u00e9l\u00e9ration des \u00e9nergies renouvelables doit permettre \u00e0 la France de rattraper son retard. - Des objectifs ambitieux - En France, qui s'est longtemps repos\u00e9e sur la\u2026","rel":"","context":"Dans &quot;AFP&quot;","block_context":{"text":"AFP","link":"https:\/\/www.enviroscop.fr\/actu\/category\/source\/afp\/"},"img":{"alt_text":"Eoliennes \u00e0 Campigny, dans l'Eure, le 23 d\u00e9cembre 2022","src":"https:\/\/i0.wp.com\/www.sciencesetavenir.fr\/assets\/img\/2023\/01\/10\/cover-r4x3w1000-63bcd785450b0-62950727228e6b0996d5f41743f12442a54c3775-jpg.jpg?resize=350%2C200&ssl=1","width":350,"height":200,"srcset":"https:\/\/i0.wp.com\/www.sciencesetavenir.fr\/assets\/img\/2023\/01\/10\/cover-r4x3w1000-63bcd785450b0-62950727228e6b0996d5f41743f12442a54c3775-jpg.jpg?resize=350%2C200&ssl=1 1x, https:\/\/i0.wp.com\/www.sciencesetavenir.fr\/assets\/img\/2023\/01\/10\/cover-r4x3w1000-63bcd785450b0-62950727228e6b0996d5f41743f12442a54c3775-jpg.jpg?resize=525%2C300&ssl=1 1.5x, https:\/\/i0.wp.com\/www.sciencesetavenir.fr\/assets\/img\/2023\/01\/10\/cover-r4x3w1000-63bcd785450b0-62950727228e6b0996d5f41743f12442a54c3775-jpg.jpg?resize=700%2C400&ssl=1 2x"},"classes":[]},{"id":5374,"url":"https:\/\/www.enviroscop.fr\/actu\/2023\/11\/observatoire-de-leolien-2023\/","url_meta":{"origin":3442,"position":4},"title":"Observatoire de l\u2019\u00e9olien 2023","author":"Enviroscop","date":"13 novembre 2023","format":false,"excerpt":"Etablie en association avec\u00a0Capgemini Invent, l\u2019\u00e9dition 2023 de l\u2019Observatoire permet d\u2019\u00e9valuer les emplois et le march\u00e9 de l\u2019\u00e9olien en France. Avec un total de 28 266 emplois en France, l\u2019\u00e9olien est le premier employeur des \u00e9nergies renouvelables \u00e9lectriques dans notre pays et s\u2019impose comme un levier de cr\u00e9ation d\u2019emplois durables\u2026","rel":"","context":"Dans &quot;Economie&quot;","block_context":{"text":"Economie","link":"https:\/\/www.enviroscop.fr\/actu\/category\/activite\/economie\/"},"img":{"alt_text":"","src":"https:\/\/i0.wp.com\/fee.asso.fr\/wp-content\/uploads\/2023\/10\/diapositive2.png?resize=350%2C200&ssl=1","width":350,"height":200,"srcset":"https:\/\/i0.wp.com\/fee.asso.fr\/wp-content\/uploads\/2023\/10\/diapositive2.png?resize=350%2C200&ssl=1 1x, https:\/\/i0.wp.com\/fee.asso.fr\/wp-content\/uploads\/2023\/10\/diapositive2.png?resize=525%2C300&ssl=1 1.5x, https:\/\/i0.wp.com\/fee.asso.fr\/wp-content\/uploads\/2023\/10\/diapositive2.png?resize=700%2C400&ssl=1 2x, https:\/\/i0.wp.com\/fee.asso.fr\/wp-content\/uploads\/2023\/10\/diapositive2.png?resize=1050%2C600&ssl=1 3x"},"classes":[]},{"id":3848,"url":"https:\/\/www.enviroscop.fr\/actu\/2020\/09\/lobservatoire-fee-de-leolien-2020-est-disponible\/","url_meta":{"origin":3442,"position":5},"title":"L&rsquo;Observatoire FEE de l&rsquo;Eolien 2020 est disponible","author":"Enviroscop","date":"25 septembre 2020","format":false,"excerpt":"Etabli en association avec\u00a0Capgemini Invent, l\u2019\u00e9dition 2020 de l\u2019Observatoire permets d\u2019\u00e9valuer les emplois et le march\u00e9 de l\u2019\u00e9olien en France. Avec un total de 20 200 emplois en France l\u2019\u00e9olien est le premier employeur \u201c\u00e9nergies renouvelables\u201d en France et s\u2019impose comme levier de cr\u00e9ation d\u2019emplois durables dans les territoires. R\u00e9v\u00e9lateur\u2026","rel":"","context":"Dans &quot;Climat&quot;","block_context":{"text":"Climat","link":"https:\/\/www.enviroscop.fr\/actu\/category\/climat\/"},"img":{"alt_text":"Logo FEE bleu","src":"https:\/\/i0.wp.com\/ccibusiness.fr\/sites\/default\/files\/styles\/article_detail_620_320\/public\/2020-09\/Logo_FEE_RVB.png?resize=350%2C200&ssl=1","width":350,"height":200},"classes":[]}],"jetpack_sharing_enabled":true,"_links":{"self":[{"href":"https:\/\/www.enviroscop.fr\/actu\/wp-json\/wp\/v2\/posts\/3442","targetHints":{"allow":["GET"]}}],"collection":[{"href":"https:\/\/www.enviroscop.fr\/actu\/wp-json\/wp\/v2\/posts"}],"about":[{"href":"https:\/\/www.enviroscop.fr\/actu\/wp-json\/wp\/v2\/types\/post"}],"author":[{"embeddable":true,"href":"https:\/\/www.enviroscop.fr\/actu\/wp-json\/wp\/v2\/users\/1"}],"replies":[{"embeddable":true,"href":"https:\/\/www.enviroscop.fr\/actu\/wp-json\/wp\/v2\/comments?post=3442"}],"version-history":[{"count":4,"href":"https:\/\/www.enviroscop.fr\/actu\/wp-json\/wp\/v2\/posts\/3442\/revisions"}],"predecessor-version":[{"id":3448,"href":"https:\/\/www.enviroscop.fr\/actu\/wp-json\/wp\/v2\/posts\/3442\/revisions\/3448"}],"wp:attachment":[{"href":"https:\/\/www.enviroscop.fr\/actu\/wp-json\/wp\/v2\/media?parent=3442"}],"wp:term":[{"taxonomy":"category","embeddable":true,"href":"https:\/\/www.enviroscop.fr\/actu\/wp-json\/wp\/v2\/categories?post=3442"},{"taxonomy":"post_tag","embeddable":true,"href":"https:\/\/www.enviroscop.fr\/actu\/wp-json\/wp\/v2\/tags?post=3442"}],"curies":[{"name":"wp","href":"https:\/\/api.w.org\/{rel}","templated":true}]}}