{"id":3451,"date":"2019-08-06T07:31:34","date_gmt":"2019-08-06T06:31:34","guid":{"rendered":"http:\/\/www.enviroscop.fr\/actu\/?p=3451"},"modified":"2019-08-06T07:41:14","modified_gmt":"2019-08-06T06:41:14","slug":"milieu-marin-un-schema-national","status":"publish","type":"post","link":"https:\/\/www.enviroscop.fr\/actu\/2019\/08\/milieu-marin-un-schema-national\/","title":{"rendered":"Milieu marin : un sch\u00e9ma national"},"content":{"rendered":"\n<div class=\"wp-block-image\"><figure class=\"alignleft is-resized\"><img loading=\"lazy\" decoding=\"async\" data-attachment-id=\"3452\" data-permalink=\"https:\/\/www.enviroscop.fr\/actu\/2019\/08\/milieu-marin-un-schema-national\/img_20170729_132528\/\" data-orig-file=\"https:\/\/i0.wp.com\/www.enviroscop.fr\/actu\/wp-content\/uploads\/2019\/08\/IMG_20170729_132528.jpg?fit=4640%2C2610&amp;ssl=1\" data-orig-size=\"4640,2610\" data-comments-opened=\"1\" data-image-meta=\"{&quot;aperture&quot;:&quot;2&quot;,&quot;credit&quot;:&quot;&quot;,&quot;camera&quot;:&quot;ONEPLUS A3003&quot;,&quot;caption&quot;:&quot;&quot;,&quot;created_timestamp&quot;:&quot;1501334729&quot;,&quot;copyright&quot;:&quot;&quot;,&quot;focal_length&quot;:&quot;4.26&quot;,&quot;iso&quot;:&quot;100&quot;,&quot;shutter_speed&quot;:&quot;0.00052083333333333&quot;,&quot;title&quot;:&quot;&quot;,&quot;orientation&quot;:&quot;0&quot;}\" data-image-title=\"IMG_20170729_132528\" data-image-description=\"\" data-image-caption=\"&lt;p&gt;(c) P. SAUVAJON&lt;\/p&gt;\n\" data-large-file=\"https:\/\/i0.wp.com\/www.enviroscop.fr\/actu\/wp-content\/uploads\/2019\/08\/IMG_20170729_132528.jpg?fit=750%2C422&amp;ssl=1\" src=\"https:\/\/i1.wp.com\/www.enviroscop.fr\/actu\/wp-content\/uploads\/2019\/08\/IMG_20170729_132528.jpg?fit=750%2C422\" alt=\"\" class=\"wp-image-3452\" width=\"356\" height=\"200\" srcset=\"https:\/\/i0.wp.com\/www.enviroscop.fr\/actu\/wp-content\/uploads\/2019\/08\/IMG_20170729_132528.jpg?w=4640&amp;ssl=1 4640w, https:\/\/i0.wp.com\/www.enviroscop.fr\/actu\/wp-content\/uploads\/2019\/08\/IMG_20170729_132528.jpg?resize=300%2C169&amp;ssl=1 300w, https:\/\/i0.wp.com\/www.enviroscop.fr\/actu\/wp-content\/uploads\/2019\/08\/IMG_20170729_132528.jpg?resize=768%2C432&amp;ssl=1 768w, https:\/\/i0.wp.com\/www.enviroscop.fr\/actu\/wp-content\/uploads\/2019\/08\/IMG_20170729_132528.jpg?resize=1024%2C576&amp;ssl=1 1024w, https:\/\/i0.wp.com\/www.enviroscop.fr\/actu\/wp-content\/uploads\/2019\/08\/IMG_20170729_132528.jpg?w=1500&amp;ssl=1 1500w, https:\/\/i0.wp.com\/www.enviroscop.fr\/actu\/wp-content\/uploads\/2019\/08\/IMG_20170729_132528.jpg?w=2250&amp;ssl=1 2250w\" sizes=\"auto, (max-width: 356px) 100vw, 356px\" \/><\/figure><\/div>\n\n\n\n<p>L&rsquo;<a href=\"https:\/\/www.legifrance.gouv.fr\/affichCodeArticle.do?cidTexte=LEGITEXT000006074220&amp;idArticle=LEGIARTI000033697404&amp;dateTexte=29990101&amp;categorieLien=cid\">article R. 131-34 du code de l&rsquo;environnement<\/a>&nbsp;pr\u00e9voit la mise en place d&rsquo;un syst\u00e8me d&rsquo;information sur le milieu marin. Ce syst\u00e8me d&rsquo;information vise \u00e0 f\u00e9d\u00e9rer, valoriser et diffuser largement, d&rsquo;une fa\u00e7on fiable, coordonn\u00e9e et interop\u00e9rable, l&rsquo;ensemble des donn\u00e9es produites par les services de l&rsquo;Etat mais aussi par les secteurs de la recherche, des entreprises, des collectivit\u00e9s, des administrations d\u00e8s lors qu&rsquo;elles concernent l&rsquo;\u00e9tat des \u00e9cosyst\u00e8mes marins, leurs usages, les pressions et les r\u00e9ponses. Il renforce \u00e9galement l&rsquo;objectif national de r\u00e9ponse aux exigences de la directive INSPIRE en mati\u00e8re d&rsquo;interop\u00e9rabilit\u00e9 des donn\u00e9es g\u00e9ographiques.&nbsp;<br>L&rsquo;existence du syst\u00e8me d&rsquo;information sur le milieu marin est conditionn\u00e9e par l&rsquo;approbation de son outil de mise en \u0153uvre qu&rsquo;est le sch\u00e9ma national des donn\u00e9es sur le milieu marin. Ce sch\u00e9ma pr\u00e9cise notamment :&nbsp;<br>&#8211; le p\u00e9rim\u00e8tre des donn\u00e9es entrant dans le syst\u00e8me d&rsquo;information sur le milieu marin et leur organisation en syst\u00e8mes d&rsquo;information m\u00e9tiers ;&nbsp;<br>&#8211; la composition du r\u00e9f\u00e9rentiel technique et ses modalit\u00e9s d&rsquo;approbation ;&nbsp;<br>&#8211; la cr\u00e9ation de services en r\u00e9seau, notamment un service d&rsquo;acc\u00e8s aux donn\u00e9es via le portail en ligne \u00e0 l&rsquo;adresse \u00ab milieumarinfrance.fr \u00bb et un service d\u00e9di\u00e9 \u00e0 la mise en \u0153uvre et au partage du r\u00e9f\u00e9rentiel technique (le service d&rsquo;administration des r\u00e9f\u00e9rentiels marins, SAR) ;&nbsp;<br>&#8211; les principes de mise \u00e0 disposition des informations ;&nbsp;<br>&#8211; la gouvernance du dispositif.&nbsp;<br>R\u00e9f\u00e9rences : le pr\u00e9sent arr\u00eat\u00e9 peut \u00eatre <a href=\"https:\/\/www.legifrance.gouv.fr\/affichTexte.do?cidTexte=JORFTEXT000038880666&amp;dateTexte=&amp;categorieLien=id\">consult\u00e9 sur le site L\u00e9gifrance<\/a> (https:\/\/legifrance.gouv.fr). <\/p>\n","protected":false},"excerpt":{"rendered":"<p>L&rsquo;article R. 131-34 du code de l&rsquo;environnement&nbsp;pr\u00e9voit la mise en place d&rsquo;un syst\u00e8me d&rsquo;information sur le milieu marin. Ce syst\u00e8me d&rsquo;information vise \u00e0 f\u00e9d\u00e9rer, valoriser et diffuser largement, d&rsquo;une fa\u00e7on fiable, coordonn\u00e9e et interop\u00e9rable, l&rsquo;ensemble des donn\u00e9es produites par les services de l&rsquo;Etat mais aussi par les secteurs de la recherche, des entreprises, des collectivit\u00e9s, &hellip; <\/p>\n<p><a class=\"more-link btn\" href=\"https:\/\/www.enviroscop.fr\/actu\/2019\/08\/milieu-marin-un-schema-national\/\">Lire la suite<\/a><\/p>\n","protected":false},"author":1,"featured_media":0,"comment_status":"open","ping_status":"open","sticky":false,"template":"","format":"standard","meta":{"jetpack_post_was_ever_published":false,"_jetpack_newsletter_access":"","_jetpack_dont_email_post_to_subs":false,"_jetpack_newsletter_tier_id":0,"_jetpack_memberships_contains_paywalled_content":false,"_jetpack_memberships_contains_paid_content":false,"footnotes":"","jetpack_publicize_message":"","jetpack_publicize_feature_enabled":true,"jetpack_social_post_already_shared":true,"jetpack_social_options":{"image_generator_settings":{"template":"highway","default_image_id":0,"font":"","enabled":false},"version":2}},"categories":[71,11,21,6,22,7,1,68,33,35,72,88,39,67,91,46,53],"tags":[],"class_list":["post-3451","post","type-post","status-publish","format-standard","hentry","category-arrete","category-biodiversite","category-eau","category-ecologie","category-economie","category-energie","category-non-classe","category-france","category-indicateur","category-juridique","category-marine","category-mer","category-natura2000","category-nature","category-pnr","category-risque","category-trames-verte-et-bleue","item-wrap"],"jetpack_publicize_connections":[],"jetpack_featured_media_url":"","jetpack_shortlink":"https:\/\/wp.me\/p3rXAp-TF","jetpack_likes_enabled":true,"jetpack-related-posts":[{"id":4080,"url":"https:\/\/www.enviroscop.fr\/actu\/2021\/01\/arrete-du-31-decembre-2020-approuvant-le-schema-national-des-donnees-sur-la-biodiversite\/","url_meta":{"origin":3451,"position":0},"title":"Arr\u00eat\u00e9 du 31 d\u00e9cembre 2020 approuvant le sch\u00e9ma national des donn\u00e9es sur la biodiversit\u00e9","author":"Enviroscop","date":"25 janvier 2021","format":false,"excerpt":"Publics concern\u00e9s : Etat et ses \u00e9tablissements publics, collectivit\u00e9s territoriales, entreprises, bureaux d'\u00e9tudes, associations. Objet : publication du sch\u00e9ma national des donn\u00e9es sur la biodiversit\u00e9 en application de l'article R. 131-34 du code de l'environnement. Entr\u00e9e en vigueur : ce texte entre en vigueur le lendemain de sa publication. Notice\u2026","rel":"","context":"Dans &quot;Arr\u00eat\u00e9&quot;","block_context":{"text":"Arr\u00eat\u00e9","link":"https:\/\/www.enviroscop.fr\/actu\/category\/juridique\/arrete\/"},"img":{"alt_text":"","src":"https:\/\/i0.wp.com\/www.enviroscop.fr\/actu\/wp-content\/uploads\/2013\/05\/17141_une.jpg?resize=350%2C200","width":350,"height":200},"classes":[]},{"id":2192,"url":"https:\/\/www.enviroscop.fr\/actu\/2015\/01\/consultation-eau-inondation-milieu-marin\/","url_meta":{"origin":3451,"position":1},"title":"Consultation eau &#8211; inondation &#8211; milieu marin","author":"Enviroscop","date":"6 janvier 2015","format":false,"excerpt":"De nouveaux plans de gestion portant sur l\u2019eau, les risques d\u2019inondation et le milieu marin sont en cours d\u2019\u00e9laboration. Ils sont soumis \u00e0 l\u2019avis du public avant leur adoption fin 2015. Dans chaque bassin hydrographique, le sch\u00e9ma directeur d\u2019am\u00e9nagement et de gestion des eaux et son programme de mesures, d\u2019une\u2026","rel":"","context":"Dans &quot;Climat&quot;","block_context":{"text":"Climat","link":"https:\/\/www.enviroscop.fr\/actu\/category\/climat\/"},"img":{"alt_text":"","src":"","width":0,"height":0},"classes":[]},{"id":1141,"url":"https:\/\/www.enviroscop.fr\/actu\/2013\/06\/circulaire-du-15-mai-2013-relative-au-protocole-dadhesion-au-systeme-dinformation-sur-la-nature-et-les-paysages\/","url_meta":{"origin":3451,"position":2},"title":"Circulaire du 15 mai 2013  relative au protocole d\u2019adh\u00e9sion au syst\u00e8me d\u2019information sur la nature et les paysages","author":"Enviroscop","date":"12 juin 2013","format":false,"excerpt":"Le syst\u00e8me d\u2019information sur la nature et les paysage a pour objet le recensement, la\u00a0standardisation et la diffusion des donn\u00e9es g\u00e9olocalis\u00e9es et num\u00e9ris\u00e9es sur la nature (bio et\u00a0g\u00e9odiversit\u00e9) et les paysages. Il est con\u00e7u selon un mode partenarial, collaboratif et d\u00e9centralis\u00e9. Cette circulaire a pour objet la publication et la\u2026","rel":"","context":"Dans &quot;Circulaire&quot;","block_context":{"text":"Circulaire","link":"https:\/\/www.enviroscop.fr\/actu\/category\/juridique\/circulaire\/"},"img":{"alt_text":"","src":"","width":0,"height":0},"classes":[]},{"id":298,"url":"https:\/\/www.enviroscop.fr\/actu\/2010\/10\/naissance-du-reseau-partenarial-des-donnees-s\/","url_meta":{"origin":3451,"position":3},"title":"Naissance du R\u00e9seau Partenarial des Donn\u00e9es sur les Zones Humides (RPDZH)","author":"Enviroscop","date":"21 octobre 2010","format":false,"excerpt":"Le Forum des Marais Atlantiques, en s???appuyant sur les organismes nationaux, r??gionaux, d??partementaux et locaux, veut favoriser la mise en place d???outils cartographiques permettant la prise en compte de la sp??cificit?? des zones humides vi...","rel":"","context":"Dans &quot;Trames verte et bleue&quot;","block_context":{"text":"Trames verte et bleue","link":"https:\/\/www.enviroscop.fr\/actu\/category\/nature\/trames-verte-et-bleue\/"},"img":{"alt_text":"","src":"","width":0,"height":0},"classes":[]},{"id":164,"url":"https:\/\/www.enviroscop.fr\/actu\/2012\/02\/commissions-dinformation-icpe\/","url_meta":{"origin":3451,"position":4},"title":"Commissions d&rsquo;information ICPE","author":"Enviroscop","date":"10 f\u00e9vrier 2012","format":false,"excerpt":"Le d??cret n 2012-189 du 7 f??vrier 2012 d??finit les modalit??s de constitution et de fonctionnement des commissions de suivi de site (CSS) institu??es par la loi Grenelle 2. En effet, plusieurs type d'ICPE pr??sentes diverses commissions de su...","rel":"","context":"Dans &quot;Carri\u00e8res&quot;","block_context":{"text":"Carri\u00e8res","link":"https:\/\/www.enviroscop.fr\/actu\/category\/icpe\/carrieres\/"},"img":{"alt_text":"","src":"","width":0,"height":0},"classes":[]},{"id":3907,"url":"https:\/\/www.enviroscop.fr\/actu\/2020\/10\/site-les-sites-francais-reconnus-pour-leurs-qualites-paysageres\/","url_meta":{"origin":3451,"position":5},"title":"SITE : les sites fran\u00e7ais reconnus pour leurs qualit\u00e9s paysag\u00e8res","author":"Enviroscop","date":"26 octobre 2020","format":false,"excerpt":"Depuis le 16 octobre 2020, la plateforme du syst\u00e8me d'information sur les sites et territoires d'exception (SITE) met \u00e0 disposition de tous les donn\u00e9es concernant les territoires fran\u00e7ais reconnus pour la qualit\u00e9 de leurs paysages. D\u00e9velopp\u00e9 par le minist\u00e8re de la Transition \u00e9cologique et destin\u00e9 \u00e0 tous les publics (particuliers,\u2026","rel":"","context":"Dans &quot;France&quot;","block_context":{"text":"France","link":"https:\/\/www.enviroscop.fr\/actu\/category\/europe\/france\/"},"img":{"alt_text":"","src":"https:\/\/i0.wp.com\/www.enviroscop.fr\/actu\/wp-content\/uploads\/2020\/10\/Capture-decran-2020-10-26-094335-300x156.jpg?resize=350%2C200","width":350,"height":200},"classes":[]}],"jetpack_sharing_enabled":true,"_links":{"self":[{"href":"https:\/\/www.enviroscop.fr\/actu\/wp-json\/wp\/v2\/posts\/3451","targetHints":{"allow":["GET"]}}],"collection":[{"href":"https:\/\/www.enviroscop.fr\/actu\/wp-json\/wp\/v2\/posts"}],"about":[{"href":"https:\/\/www.enviroscop.fr\/actu\/wp-json\/wp\/v2\/types\/post"}],"author":[{"embeddable":true,"href":"https:\/\/www.enviroscop.fr\/actu\/wp-json\/wp\/v2\/users\/1"}],"replies":[{"embeddable":true,"href":"https:\/\/www.enviroscop.fr\/actu\/wp-json\/wp\/v2\/comments?post=3451"}],"version-history":[{"count":2,"href":"https:\/\/www.enviroscop.fr\/actu\/wp-json\/wp\/v2\/posts\/3451\/revisions"}],"predecessor-version":[{"id":3457,"href":"https:\/\/www.enviroscop.fr\/actu\/wp-json\/wp\/v2\/posts\/3451\/revisions\/3457"}],"wp:attachment":[{"href":"https:\/\/www.enviroscop.fr\/actu\/wp-json\/wp\/v2\/media?parent=3451"}],"wp:term":[{"taxonomy":"category","embeddable":true,"href":"https:\/\/www.enviroscop.fr\/actu\/wp-json\/wp\/v2\/categories?post=3451"},{"taxonomy":"post_tag","embeddable":true,"href":"https:\/\/www.enviroscop.fr\/actu\/wp-json\/wp\/v2\/tags?post=3451"}],"curies":[{"name":"wp","href":"https:\/\/api.w.org\/{rel}","templated":true}]}}