{"id":346,"date":"2012-09-17T12:53:00","date_gmt":"2012-09-17T11:53:00","guid":{"rendered":"http:\/\/actu.enviroscop.com\/les-indicateurs-de-biodiversite-ont-maintenan"},"modified":"2013-05-01T13:06:30","modified_gmt":"2013-05-01T12:06:30","slug":"les-indicateurs-de-biodiversite-ont-maintenan","status":"publish","type":"post","link":"https:\/\/www.enviroscop.fr\/actu\/2012\/09\/les-indicateurs-de-biodiversite-ont-maintenan\/","title":{"rendered":"Les indicateurs de biodiversit\u00e9 ont maintenant leur site"},"content":{"rendered":"<p>Ce site pr&eacute;sente les&nbsp;<strong style=\"margin:0;padding:0;border:0;vertical-align:baseline;font:inherit;\">indicateurs de biodiversit&eacute;<\/strong>&nbsp;d&eacute;velopp&eacute;s par l&rsquo;<strong style=\"margin:0;padding:0;border:0;vertical-align:baseline;font:inherit;\">observatoire national de la               biodiversit&eacute; (ONB)<\/strong>. Il s&rsquo;agit de doter la             nouvelle&nbsp;<strong style=\"margin:0;padding:0;border:0;vertical-align:baseline;font:inherit;\">strat&eacute;gie nationale pour la               biodiversit&eacute; (SNB)<\/strong>d&rsquo;indicateurs robustes,             &eacute;labor&eacute;s en concertation, compr&eacute;hensibles par le plus grand             nombre et utilis&eacute;s pour orienter l&rsquo;action en faveur de la             biodiversit&eacute;. Ces premiers indicateurs propos&eacute;s sont             organis&eacute;s en r&eacute;ponse &agrave; de grandes questions de soci&eacute;t&eacute;             concernant la biodiversit&eacute;.<br \/> Ces propositions, accompagn&eacute;es de l&rsquo;ouverture de ce site le             22 mai 2012, Journ&eacute;e internationale de la biodiversit&eacute;,             s&rsquo;enrichiront rapidement des travaux de l&rsquo;ONB et des             &eacute;changes autour des indicateurs publi&eacute;s.<\/p>\n<p>Pour le consulter, <a href=\"http:\/\/indicateurs-biodiversite.naturefrance.fr\/\" target=\"_blank\">c&rsquo;est ICI.<\/a><\/p>\n","protected":false},"excerpt":{"rendered":"<p>Ce site pr??sente les indicateurs de biodiversit?? d??velopp??s par l&rsquo;observatoire national de la biodiversit?? (ONB). Il s&rsquo;agit de doter la nouvelle strat??gie nationale pour la biodiversit?? (SNB)d&rsquo;indicateurs robustes, ??labor??s en concertatio&#8230;<\/p>\n","protected":false},"author":1,"featured_media":0,"comment_status":"open","ping_status":"open","sticky":false,"template":"","format":"standard","meta":{"jetpack_post_was_ever_published":false,"_jetpack_newsletter_access":"","_jetpack_dont_email_post_to_subs":false,"_jetpack_newsletter_tier_id":0,"_jetpack_memberships_contains_paywalled_content":false,"_jetpack_memberships_contains_paid_content":false,"footnotes":"","jetpack_publicize_message":"","jetpack_publicize_feature_enabled":true,"jetpack_social_post_already_shared":false,"jetpack_social_options":{"image_generator_settings":{"template":"highway","default_image_id":0,"font":"","enabled":false},"version":2}},"categories":[11,33],"tags":[],"class_list":["post-346","post","type-post","status-publish","format-standard","hentry","category-biodiversite","category-indicateur","item-wrap"],"jetpack_publicize_connections":[],"jetpack_featured_media_url":"","jetpack_shortlink":"https:\/\/wp.me\/p3rXAp-5A","jetpack_likes_enabled":true,"jetpack-related-posts":[{"id":119,"url":"https:\/\/www.enviroscop.fr\/actu\/2012\/05\/journee-mondiale-de-la-biodiversite\/","url_meta":{"origin":346,"position":0},"title":"Journ\u00e9e mondiale de la biodiversit\u00e9","author":"Enviroscop","date":"23 mai 2012","format":false,"excerpt":"Pour f??ter cela (et les 20 ans de Natura 2000 ?), le Minist??re vient de lancer l???observatoire national de la biodiversit??. Vous pouvez consulter ce 1er barom??tre de l?????tat de la biodiversit?? en France sur : http:\/\/indicateurs-biodiversite.naturefr...","rel":"","context":"Dans &quot;biodiversit\u00e9&quot;","block_context":{"text":"biodiversit\u00e9","link":"https:\/\/www.enviroscop.fr\/actu\/category\/nature\/biodiversite\/"},"img":{"alt_text":"","src":"","width":0,"height":0},"classes":[]},{"id":139,"url":"https:\/\/www.enviroscop.fr\/actu\/2012\/09\/seminaire-biodiversite-et-adaptation-au-chang\/","url_meta":{"origin":346,"position":1},"title":"S\u00e9minaire \u00ab\u00a0Biodiversit\u00e9 et adaptation au changement climatique\u00a0\u00bb Co-organis\u00e9 par l&rsquo;Onerc et la Direction de l&rsquo;eau et de la biodiversit\u00e9","author":"Enviroscop","date":"25 septembre 2012","format":false,"excerpt":"INVITATION 3 octobre 2012, Paris, Arche de la D??fense Le lien entre les objectifs de conservation de la biodiversit?? et la lutte contre les effets du changement climatique a ??t?? explicitement ??tabli tant au niveau international (objectifs d'A...","rel":"","context":"Dans &quot;biodiversit\u00e9&quot;","block_context":{"text":"biodiversit\u00e9","link":"https:\/\/www.enviroscop.fr\/actu\/category\/nature\/biodiversite\/"},"img":{"alt_text":"","src":"","width":0,"height":0},"classes":[]},{"id":74,"url":"https:\/\/www.enviroscop.fr\/actu\/2011\/05\/la-strategie-nationale-pour-la-biodiversite-2\/","url_meta":{"origin":346,"position":2},"title":"La strat??gie nationale pour la biodiversit?? 2011-2020 est lanc??e","author":"Enviroscop","date":"20 mai 2011","format":false,"excerpt":"Source : Minist??re L???Etat s???engage ??galement pour la p??riode 2011-2013 mener des actions compl??mentaires celles d??j initi??es dans le cadre du Grenelle Environnement. Voici quelques-uns de ces engagements, articul??s autour de qua...","rel":"","context":"Dans &quot;biodiversit\u00e9&quot;","block_context":{"text":"biodiversit\u00e9","link":"https:\/\/www.enviroscop.fr\/actu\/category\/nature\/biodiversite\/"},"img":{"alt_text":"Arton22730-ec863","src":"https:\/\/i0.wp.com\/www.enviroscop.fr\/actu\/wp-content\/uploads\/2013\/02\/arton22730-ec863-scaled500.jpg?resize=350%2C200","width":350,"height":200},"classes":[]},{"id":1708,"url":"https:\/\/www.enviroscop.fr\/actu\/2014\/01\/les-indicateurs-du-developpement-durable-une-diversite-denjeux-dans-les-territoires-haut-normands\/","url_meta":{"origin":346,"position":3},"title":"Les indicateurs du d\u00e9veloppement durable &#8211; une diversit\u00e9 d&rsquo;enjeux dans les territoires haut-normands","author":"Enviroscop","date":"7 janvier 2014","format":false,"excerpt":"Pour la premi\u00e8re fois en Haute-Normandie, un ensemble d'indicateurs illustrant le d\u00e9veloppement durable au plan local est pr\u00e9sent\u00e9 au public. Ces indicateurs sont class\u00e9s selon les huit d\u00e9fis de la strat\u00e9gie nationale du d\u00e9veloppement durable. Ce socle commun d'informations locales est ici d\u00e9clin\u00e9 pour les 30 territoires haut-normands qui ont\u2026","rel":"","context":"Dans &quot;DREAL&quot;","block_context":{"text":"DREAL","link":"https:\/\/www.enviroscop.fr\/actu\/category\/source\/dreal\/"},"img":{"alt_text":"","src":"","width":0,"height":0},"classes":[]},{"id":296,"url":"https:\/\/www.enviroscop.fr\/actu\/2012\/10\/agriculture-et-biodiversite\/","url_meta":{"origin":346,"position":4},"title":"Agriculture et biodiversit\u00e9","author":"Enviroscop","date":"15 octobre 2012","format":false,"excerpt":"L'agriculteur producteur de biodiversit?? : l'exemple des mesures compensatoires IXe Rencontres de Droit Rural organis??es par la SAF en partenariat avec l'AFDR L???agriculteur producteur de biodiversit?? : l???exemple des mesures compensatoires Quelles ...","rel":"","context":"Dans &quot;Agriculture&quot;","block_context":{"text":"Agriculture","link":"https:\/\/www.enviroscop.fr\/actu\/category\/activite\/agriculture\/"},"img":{"alt_text":"","src":"","width":0,"height":0},"classes":[]},{"id":300,"url":"https:\/\/www.enviroscop.fr\/actu\/2012\/10\/la-lpo-presente-son-livret-biodiversite-bati\/","url_meta":{"origin":346,"position":5},"title":"La LPO pr\u00e9sente son livret \u00ab\u00a0Biodiversit\u00e9 &#038; b\u00e2ti\u00a0\u00bb","author":"Enviroscop","date":"4 octobre 2012","format":false,"excerpt":"La LPO Is??re et la LPO France ont ??dit?? un livret, intitul?? Biodiversit?? & b??ti , pour accompagner les professionnels du BTP dans l'int??gration de la biodiversit?? lors des projets de construction ou de r??novation des b??timents. Ce liv...","rel":"","context":"Dans &quot;biodiversit\u00e9&quot;","block_context":{"text":"biodiversit\u00e9","link":"https:\/\/www.enviroscop.fr\/actu\/category\/nature\/biodiversite\/"},"img":{"alt_text":"","src":"","width":0,"height":0},"classes":[]}],"jetpack_sharing_enabled":true,"_links":{"self":[{"href":"https:\/\/www.enviroscop.fr\/actu\/wp-json\/wp\/v2\/posts\/346","targetHints":{"allow":["GET"]}}],"collection":[{"href":"https:\/\/www.enviroscop.fr\/actu\/wp-json\/wp\/v2\/posts"}],"about":[{"href":"https:\/\/www.enviroscop.fr\/actu\/wp-json\/wp\/v2\/types\/post"}],"author":[{"embeddable":true,"href":"https:\/\/www.enviroscop.fr\/actu\/wp-json\/wp\/v2\/users\/1"}],"replies":[{"embeddable":true,"href":"https:\/\/www.enviroscop.fr\/actu\/wp-json\/wp\/v2\/comments?post=346"}],"version-history":[{"count":0,"href":"https:\/\/www.enviroscop.fr\/actu\/wp-json\/wp\/v2\/posts\/346\/revisions"}],"wp:attachment":[{"href":"https:\/\/www.enviroscop.fr\/actu\/wp-json\/wp\/v2\/media?parent=346"}],"wp:term":[{"taxonomy":"category","embeddable":true,"href":"https:\/\/www.enviroscop.fr\/actu\/wp-json\/wp\/v2\/categories?post=346"},{"taxonomy":"post_tag","embeddable":true,"href":"https:\/\/www.enviroscop.fr\/actu\/wp-json\/wp\/v2\/tags?post=346"}],"curies":[{"name":"wp","href":"https:\/\/api.w.org\/{rel}","templated":true}]}}