{"id":347,"date":"2012-04-06T06:26:00","date_gmt":"2012-04-06T05:26:00","guid":{"rendered":"http:\/\/actu.enviroscop.com\/urbanisation-et-consommation-de-lespace-une-q"},"modified":"2013-05-01T13:12:34","modified_gmt":"2013-05-01T12:12:34","slug":"urbanisation-et-consommation-de-lespace-une-q","status":"publish","type":"post","link":"https:\/\/www.enviroscop.fr\/actu\/2012\/04\/urbanisation-et-consommation-de-lespace-une-q\/","title":{"rendered":"Urbanisation et consommation de l&rsquo;espace, une question de mesure"},"content":{"rendered":"<p>Ce nouveau num&eacute;ro de la revue du Commissariat g&eacute;n&eacute;ral au d&eacute;veloppement  durable (CGDD) dresse un bilan des connaissances en donn&eacute;es et &eacute;tudes  r&eacute;centes sur la mesure de la consommation des espaces naturels et  agricoles due &agrave; la progression de l&rsquo;urbanisation. Les causes de  l&rsquo;&eacute;talement urbain sont examin&eacute;es, ses cons&eacute;quences sur l&rsquo;environnement,  ainsi que les mesures pr&eacute;vues par le Grenelle de l&rsquo;environnement.&nbsp;<\/p>\n<p>Pour le t&eacute;l&eacute;charger,<a href=\"http:\/\/www.statistiques.developpement-durable.gouv.fr\/publications\/p\/1969\/1532\/urbanisation-consommation-lespace-question-mesure.html\" target=\"_blank\"> c&rsquo;est ICI<\/a><\/p>\n","protected":false},"excerpt":{"rendered":"<p>Ce nouveau num??ro de la revue du Commissariat g??n??ral au d??veloppement durable (CGDD) dresse un bilan des connaissances en donn??es et ??tudes r??centes sur la mesure de la consommation des espaces naturels et agricoles due   la progression d&#8230;<\/p>\n","protected":false},"author":1,"featured_media":0,"comment_status":"open","ping_status":"open","sticky":false,"template":"","format":"standard","meta":{"jetpack_post_was_ever_published":false,"_jetpack_newsletter_access":"","_jetpack_dont_email_post_to_subs":false,"_jetpack_newsletter_tier_id":0,"_jetpack_memberships_contains_paywalled_content":false,"_jetpack_memberships_contains_paid_content":false,"footnotes":"","jetpack_publicize_message":"","jetpack_publicize_feature_enabled":true,"jetpack_social_post_already_shared":false,"jetpack_social_options":{"image_generator_settings":{"template":"highway","default_image_id":0,"font":"","enabled":false},"version":2}},"categories":[56],"tags":[],"class_list":["post-347","post","type-post","status-publish","format-standard","hentry","category-urbanisation","item-wrap"],"jetpack_publicize_connections":[],"jetpack_featured_media_url":"","jetpack_shortlink":"https:\/\/wp.me\/p3rXAp-5B","jetpack_likes_enabled":true,"jetpack-related-posts":[{"id":223,"url":"https:\/\/www.enviroscop.fr\/actu\/2011\/12\/consommation-des-terres-agricoles-periurbaine\/","url_meta":{"origin":347,"position":0},"title":"Consommation des terres agricoles p\u00e9riurbaines","author":"Enviroscop","date":"5 d\u00e9cembre 2011","format":false,"excerpt":"Ce 30 novembre et 1er d??cembres'est tenu le congr??s annuel de la SAFER sur le th??me \"L'action des Safer en zones p??riurbaines\" Les zones p??riurbaines s???accroissent au d??triment des espaces agricoles et naturels. Entre 1999 et 2008, les espaces p??r...","rel":"","context":"Dans &quot;Am\u00e9nagement&quot;","block_context":{"text":"Am\u00e9nagement","link":"https:\/\/www.enviroscop.fr\/actu\/category\/amenagement\/"},"img":{"alt_text":"","src":"","width":0,"height":0},"classes":[]},{"id":4887,"url":"https:\/\/www.enviroscop.fr\/actu\/2022\/08\/tableau-de-bord-et-analyses-de-la-consommation-despaces-naturels-et-agricoles\/","url_meta":{"origin":347,"position":1},"title":"Tableau de bord et analyses de la consommation d&rsquo;espaces naturels et agricoles","author":"Enviroscop","date":"17 ao\u00fbt 2022","format":false,"excerpt":"Dans le cadre de l'observatoire de l'artificialisation des sols, le Cerema produit les chiffres de mesure annuelle des flux de consommation d'espaces, gr\u00e2ce \u00e0 l'analyse des fichiers fonciers. Nous mettons \u00e9galement \u00e0 disposition des outils d'aide \u00e0 la visualisation et \u00e0 l'analyse de ces donn\u00e9es, via un tableau de bord\u2026","rel":"","context":"Dans &quot;Agriculture&quot;","block_context":{"text":"Agriculture","link":"https:\/\/www.enviroscop.fr\/actu\/category\/activite\/agriculture\/"},"img":{"alt_text":"","src":"","width":0,"height":0},"classes":[]},{"id":5447,"url":"https:\/\/www.enviroscop.fr\/actu\/2024\/05\/le-cerema-publie-les-donnees-2009-2023-de-consommation-foncier\/","url_meta":{"origin":347,"position":2},"title":"Le Cerema publie les donn\u00e9es 2009-2023 de consommation fonci\u00e8re","author":"Enviroscop","date":"14 mai 2024","format":false,"excerpt":"Dans le cadre de l'observatoire de l'artificialisation des sols, le Cerema vient de produire les nouveaux chiffres de mesure annuelle de la consommation d'espaces. Des outils d'aide \u00e0 la visualisation et \u00e0 l'analyse de ces donn\u00e9es sont aussi propos\u00e9s, via un tableau de bord interactif et la publication d'indicateurs pr\u00e9-calcul\u00e9s\u2026","rel":"","context":"Dans &quot;Agriculture&quot;","block_context":{"text":"Agriculture","link":"https:\/\/www.enviroscop.fr\/actu\/category\/activite\/agriculture\/"},"img":{"alt_text":"Consommation annuelle d'espaces naturels, agricoles et forestiers","src":"https:\/\/i0.wp.com\/www.cerema.fr\/sites\/default\/files\/inline-images\/graphe1_2023.png?resize=350%2C200&ssl=1","width":350,"height":200,"srcset":"https:\/\/i0.wp.com\/www.cerema.fr\/sites\/default\/files\/inline-images\/graphe1_2023.png?resize=350%2C200&ssl=1 1x, https:\/\/i0.wp.com\/www.cerema.fr\/sites\/default\/files\/inline-images\/graphe1_2023.png?resize=525%2C300&ssl=1 1.5x, https:\/\/i0.wp.com\/www.cerema.fr\/sites\/default\/files\/inline-images\/graphe1_2023.png?resize=700%2C400&ssl=1 2x, https:\/\/i0.wp.com\/www.cerema.fr\/sites\/default\/files\/inline-images\/graphe1_2023.png?resize=1050%2C600&ssl=1 3x, https:\/\/i0.wp.com\/www.cerema.fr\/sites\/default\/files\/inline-images\/graphe1_2023.png?resize=1400%2C800&ssl=1 4x"},"classes":[]},{"id":2118,"url":"https:\/\/www.enviroscop.fr\/actu\/2014\/10\/energie-et-preservation-des-espaces-naturels-agricoles-et-forestiers-note-sur-la-loi-du-13-octobre-2014-arnaud-gossement-avocat\/","url_meta":{"origin":347,"position":3},"title":"Energie et pr\u00e9servation des espaces naturels, agricoles et forestiers : note sur la loi du 13 octobre 2014 : Arnaud Gossement &#8211; Avocat","author":"Enviroscop","date":"31 octobre 2014","format":false,"excerpt":"La loi n\u00b0 2014-1170 du 13 octobre 2014 d'avenir pour l'agriculture, l'alimentation et la for\u00eat\u00a0 a \u00e9t\u00e9 r\u00e9cemment publi\u00e9e au Journal officiel (JORF n\u00b00238 du 14 octobre 2014). Cette loi renforce la lutte contre la consommation d\u2019espaces naturels, agricoles et forestiers. Elle int\u00e9resse notamment les acteurs du d\u00e9veloppement de projets\u2026","rel":"","context":"Dans &quot;Agriculture&quot;","block_context":{"text":"Agriculture","link":"https:\/\/www.enviroscop.fr\/actu\/category\/activite\/agriculture\/"},"img":{"alt_text":"","src":"","width":0,"height":0},"classes":[]},{"id":4982,"url":"https:\/\/www.enviroscop.fr\/actu\/2022\/09\/guide-de-la-sobriete-fonciere-en-ile-de-france\/","url_meta":{"origin":347,"position":4},"title":"Guide de la sobri\u00e9t\u00e9 fonci\u00e8re en \u00cele-de-France","author":"Enviroscop","date":"29 septembre 2022","format":false,"excerpt":"Alors qu\u2019ils sont une ressource finie et non renouvelable, h\u00f4tes de la biodiversit\u00e9 et participent \u00e0 la r\u00e9gulation du climat, les sols ont longtemps \u00e9t\u00e9 consid\u00e9r\u00e9s comme le simple support de nos activit\u00e9s humaines et de nos b\u00e2timents. Cette appr\u00e9hension du sol comme un potentiel \u00ab \u00e0 exploiter \u00bb a\u2026","rel":"","context":"Dans &quot;Concertation&quot;","block_context":{"text":"Concertation","link":"https:\/\/www.enviroscop.fr\/actu\/category\/concertation\/"},"img":{"alt_text":"","src":"","width":0,"height":0},"classes":[]},{"id":812,"url":"https:\/\/www.enviroscop.fr\/actu\/2013\/04\/lobservatoire-sur-la-consommation-des-terres-agricoles-enfin-installe\/","url_meta":{"origin":347,"position":5},"title":"L&rsquo;Observatoire sur la consommation des terres agricoles enfin install\u00e9","author":"Enviroscop","date":"19 avril 2013","format":false,"excerpt":"Cr\u00e9\u00e9 par\u00a0la loi de modernisation de l'agriculture de 2010, l'Observatoire national de la consommation des espaces agricoles (Oncea) a enfin vu le jour, mercredi 17 avril. Il est pr\u00e9sid\u00e9 par la d\u00e9put\u00e9e socialiste de l'H\u00e9rault Fanny Dombre-Coste, membre de la commission du d\u00e9veloppement durable et de l'am\u00e9nagement du territoire \u00e0\u2026","rel":"","context":"Dans &quot;Agriculture&quot;","block_context":{"text":"Agriculture","link":"https:\/\/www.enviroscop.fr\/actu\/category\/activite\/agriculture\/"},"img":{"alt_text":"champ","src":"https:\/\/i0.wp.com\/www.enviroscop.fr\/actu\/wp-content\/uploads\/2013\/04\/champ-300x169.jpg?resize=350%2C200","width":350,"height":200},"classes":[]}],"jetpack_sharing_enabled":true,"_links":{"self":[{"href":"https:\/\/www.enviroscop.fr\/actu\/wp-json\/wp\/v2\/posts\/347","targetHints":{"allow":["GET"]}}],"collection":[{"href":"https:\/\/www.enviroscop.fr\/actu\/wp-json\/wp\/v2\/posts"}],"about":[{"href":"https:\/\/www.enviroscop.fr\/actu\/wp-json\/wp\/v2\/types\/post"}],"author":[{"embeddable":true,"href":"https:\/\/www.enviroscop.fr\/actu\/wp-json\/wp\/v2\/users\/1"}],"replies":[{"embeddable":true,"href":"https:\/\/www.enviroscop.fr\/actu\/wp-json\/wp\/v2\/comments?post=347"}],"version-history":[{"count":0,"href":"https:\/\/www.enviroscop.fr\/actu\/wp-json\/wp\/v2\/posts\/347\/revisions"}],"wp:attachment":[{"href":"https:\/\/www.enviroscop.fr\/actu\/wp-json\/wp\/v2\/media?parent=347"}],"wp:term":[{"taxonomy":"category","embeddable":true,"href":"https:\/\/www.enviroscop.fr\/actu\/wp-json\/wp\/v2\/categories?post=347"},{"taxonomy":"post_tag","embeddable":true,"href":"https:\/\/www.enviroscop.fr\/actu\/wp-json\/wp\/v2\/tags?post=347"}],"curies":[{"name":"wp","href":"https:\/\/api.w.org\/{rel}","templated":true}]}}