{"id":3488,"date":"2019-09-05T08:01:37","date_gmt":"2019-09-05T07:01:37","guid":{"rendered":"http:\/\/www.enviroscop.fr\/actu\/?p=3488"},"modified":"2019-09-05T08:03:57","modified_gmt":"2019-09-05T07:03:57","slug":"note-technique-relative-aux-autorisations-durbanisme-et-prerequis-au-classement-des-terrains-de-camping-et-des-parcs-residentiels-de-loisirs","status":"publish","type":"post","link":"https:\/\/www.enviroscop.fr\/actu\/2019\/09\/note-technique-relative-aux-autorisations-durbanisme-et-prerequis-au-classement-des-terrains-de-camping-et-des-parcs-residentiels-de-loisirs\/","title":{"rendered":"Note technique relative aux autorisations d\u2019urbanisme et pr\u00e9requis au classement des terrains de camping et des parcs r\u00e9sidentiels de loisirs"},"content":{"rendered":"\n<div class=\"wp-block-image\"><figure class=\"alignleft is-resized\"><img data-recalc-dims=\"1\" loading=\"lazy\" decoding=\"async\" src=\"https:\/\/i0.wp.com\/live.staticflickr.com\/8498\/29460391164_200afb153b_b.jpg?resize=310%2C467&#038;ssl=1\" alt=\"R\u00c3\u00a9sultat de recherche d'images pour &quot;camping&quot;\" width=\"310\" height=\"467\"\/><figcaption>Les parcs r\u00e9sidentiels de loisirs<\/figcaption><\/figure><\/div>\n\n\n\n<p>Le Minist\u00e8re fait para\u00eetre une note technique apportant des pr\u00e9cisions sur l\u2019interpr\u00e9tation de la r\u00e9glementation en mati\u00e8re d\u2019urbanisme et de tourisme, en r\u00e9ponse aux questions sur lesquelles les professionnels de l\u2019h\u00f4tellerie de plein-air sollicitent r\u00e9guli\u00e8rement les pouvoirs publics. Il s\u2019agit en particulier des deux sujets suivants : les autorisations d\u2019urbanisme d\u00e9livr\u00e9es avant et apr\u00e8s la r\u00e9forme de 2007, d\u2019une part, et les pr\u00e9requis au classement des terrains de camping et des parcs r\u00e9sidentiels de loisirs, d\u2019autre part. <\/p>\n\n\n\n<p>Vous pouvez <a href=\"http:\/\/circulaire.legifrance.gouv.fr\/pdf\/2019\/08\/cir_44844.pdf\" target=\"_blank\" rel=\"noreferrer noopener\" aria-label=\"t\u00e9l\u00e9charger la note ICI. (s\u2019ouvre dans un nouvel onglet)\">t\u00e9l\u00e9charger la note ICI.<\/a><\/p>\n","protected":false},"excerpt":{"rendered":"<p>Le Minist\u00e8re fait para\u00eetre une note technique apportant des pr\u00e9cisions sur l\u2019interpr\u00e9tation de la r\u00e9glementation en mati\u00e8re d\u2019urbanisme et de tourisme, en r\u00e9ponse aux questions sur lesquelles les professionnels de l\u2019h\u00f4tellerie de plein-air sollicitent r\u00e9guli\u00e8rement les pouvoirs publics. Il s\u2019agit en particulier des deux sujets suivants : les autorisations d\u2019urbanisme d\u00e9livr\u00e9es avant et apr\u00e8s la &hellip; <\/p>\n<p><a class=\"more-link btn\" href=\"https:\/\/www.enviroscop.fr\/actu\/2019\/09\/note-technique-relative-aux-autorisations-durbanisme-et-prerequis-au-classement-des-terrains-de-camping-et-des-parcs-residentiels-de-loisirs\/\">Lire la suite<\/a><\/p>\n","protected":false},"author":1,"featured_media":0,"comment_status":"open","ping_status":"open","sticky":false,"template":"","format":"standard","meta":{"jetpack_post_was_ever_published":false,"_jetpack_newsletter_access":"","_jetpack_dont_email_post_to_subs":false,"_jetpack_newsletter_tier_id":0,"_jetpack_memberships_contains_paywalled_content":false,"_jetpack_memberships_contains_paid_content":false,"footnotes":"","jetpack_publicize_message":"","jetpack_publicize_feature_enabled":true,"jetpack_social_post_already_shared":true,"jetpack_social_options":{"image_generator_settings":{"template":"highway","default_image_id":0,"font":"","enabled":false},"version":2}},"categories":[116,44,49,56,57],"tags":[],"class_list":["post-3488","post","type-post","status-publish","format-standard","hentry","category-permis-de-construire","category-plu","category-scot","category-urbanisation","category-urbanisme","item-wrap"],"jetpack_publicize_connections":[],"jetpack_featured_media_url":"","jetpack_shortlink":"https:\/\/wp.me\/p3rXAp-Ug","jetpack_likes_enabled":true,"jetpack-related-posts":[{"id":5432,"url":"https:\/\/www.enviroscop.fr\/actu\/2024\/04\/decret-n-2024-318-du-8-avril-2024-relatif-au-developpement-de-lagrivoltaisme-et-aux-conditions-dimplantation-des-installations-photovoltaiques-sur-des-terrains-agricoles-natur\/","url_meta":{"origin":3488,"position":0},"title":"D\u00e9cret n\u00b0 2024-318 du 8 avril 2024 relatif au d\u00e9veloppement de l\u2019agrivolta\u00efsme et aux conditions d\u2019implantation des installations photovolta\u00efques sur des terrains agricoles, naturels ou forestiers.","author":"Enviroscop","date":"15 avril 2024","format":false,"excerpt":"Le d\u00e9cret comporte 9 articles en 5 chapitres : \u2022 Chapitre Ier : Dispositions sp\u00e9cifiques \u00e0 l'agrivolta\u00efsme (Article 1) \u2022 Chapitre II : Dispositions sp\u00e9cifiques aux installations photovolta\u00efques compatibles avec l'exercice d'une activit\u00e9 agricole (Article 2) \u2022 Chapitre III : R\u00e9gime des autorisations d'urbanisme relatives aux projets d'ouvrages de production\u2026","rel":"","context":"Dans &quot;Agriculture&quot;","block_context":{"text":"Agriculture","link":"https:\/\/www.enviroscop.fr\/actu\/category\/activite\/agriculture\/"},"img":{"alt_text":"","src":"https:\/\/i0.wp.com\/www.enviroscop.fr\/actu\/wp-content\/uploads\/2021\/01\/AVD_Domaine-de-Nidole%CC%80res_Tresserre_vue-du-ciel-cre%CC%81dit-SunAgri-3-1200x799-1.jpg?resize=350%2C200&ssl=1","width":350,"height":200,"srcset":"https:\/\/i0.wp.com\/www.enviroscop.fr\/actu\/wp-content\/uploads\/2021\/01\/AVD_Domaine-de-Nidole%CC%80res_Tresserre_vue-du-ciel-cre%CC%81dit-SunAgri-3-1200x799-1.jpg?resize=350%2C200&ssl=1 1x, https:\/\/i0.wp.com\/www.enviroscop.fr\/actu\/wp-content\/uploads\/2021\/01\/AVD_Domaine-de-Nidole%CC%80res_Tresserre_vue-du-ciel-cre%CC%81dit-SunAgri-3-1200x799-1.jpg?resize=525%2C300&ssl=1 1.5x, https:\/\/i0.wp.com\/www.enviroscop.fr\/actu\/wp-content\/uploads\/2021\/01\/AVD_Domaine-de-Nidole%CC%80res_Tresserre_vue-du-ciel-cre%CC%81dit-SunAgri-3-1200x799-1.jpg?resize=700%2C400&ssl=1 2x, https:\/\/i0.wp.com\/www.enviroscop.fr\/actu\/wp-content\/uploads\/2021\/01\/AVD_Domaine-de-Nidole%CC%80res_Tresserre_vue-du-ciel-cre%CC%81dit-SunAgri-3-1200x799-1.jpg?resize=1050%2C600&ssl=1 3x"},"classes":[]},{"id":116,"url":"https:\/\/www.enviroscop.fr\/actu\/2010\/11\/eoliennes-le-passage-a-la-police-des-installa\/","url_meta":{"origin":3488,"position":1},"title":"Eoliennes : le passage \u00e0 la police des installations class\u00e9es (ICPE)","author":"Enviroscop","date":"29 novembre 2010","format":false,"excerpt":"Si vous ne connaissez pas d??j l'excellent blog d'Arnaud Gossement, voici le dernier article paru : C'est un peu long, mais complet A la suite d'une intense pol??mique et aux termes de l'article 90 de la loi \"Grenelle 2\" du 12 juillet 2010 porta...","rel":"","context":"Dans &quot;Eolien&quot;","block_context":{"text":"Eolien","link":"https:\/\/www.enviroscop.fr\/actu\/category\/energie\/renouvelable\/eolien\/"},"img":{"alt_text":"","src":"","width":0,"height":0},"classes":[]},{"id":5323,"url":"https:\/\/www.enviroscop.fr\/actu\/2023\/08\/consultation-publique-decret-pour-la-gestion-des-espaces-de-stationnement-photovoltaique-et-verdissement\/","url_meta":{"origin":3488,"position":2},"title":"Consultation publique : d\u00e9cret pour la gestion des espaces de stationnement : photovolta\u00efque et verdissement","author":"Enviroscop","date":"25 ao\u00fbt 2023","format":false,"excerpt":"Publics concern\u00e9s : ma\u00eetres d'ouvrage, ma\u00eetres d'\u0153uvre, constructeurs et promoteurs, architectes, bureaux d'\u00e9tudes, gestionnaires et propri\u00e9taires de parc de stationnement, services de l\u2019Etat, collectivit\u00e9s territoriales et leurs groupements, \u00e9tablissements publics, en France m\u00e9tropolitaine et en outre-mer. Objet : Ce d\u00e9cret a pour objet la d\u00e9finition de la superficie et de\u2026","rel":"","context":"Dans &quot;Enviroscop&quot;","block_context":{"text":"Enviroscop","link":"https:\/\/www.enviroscop.fr\/actu\/category\/non-classe\/"},"img":{"alt_text":"","src":"https:\/\/i0.wp.com\/www.enviroscop.fr\/actu\/wp-content\/uploads\/2013\/05\/17141_une.jpg?resize=350%2C200&ssl=1","width":350,"height":200},"classes":[]},{"id":2705,"url":"https:\/\/www.enviroscop.fr\/actu\/2016\/11\/texte-dapplication-de-la-loi-n2016-1087-du-8-aout-2016-pour-la-reconquete-de-la-biodiversite-de-la-nature-des-paysages-decret-relatif-aux-parcs-naturels-regionaux\/","url_meta":{"origin":3488,"position":3},"title":"Texte d\u2019application de la loi n\u00b02016-1087 du 8 ao\u00fbt 2016 pour la reconqu\u00eate de la biodiversit\u00e9, de la nature et des paysages : d\u00e9cret relatif aux parcs naturels r\u00e9gionaux","author":"Enviroscop","date":"22 novembre 2016","format":false,"excerpt":"Le Minist\u00e8re met \u00e0 la consultation, du 21\/11\/2016 au 11\/12\/2016, ce projet de texte concernant les parcs naturels r\u00e9gionaux. La pr\u00e9sente consultation modifie les dispositions des articles R. 333-1 \u00e0 R. 333-16 du code de l\u2019environnement. Elle apporte des modifications de nature \u00e0 simplifier la proc\u00e9dure de classement et de\u2026","rel":"","context":"Dans &quot;biodiversit\u00e9&quot;","block_context":{"text":"biodiversit\u00e9","link":"https:\/\/www.enviroscop.fr\/actu\/category\/nature\/biodiversite\/"},"img":{"alt_text":"","src":"","width":0,"height":0},"classes":[]},{"id":3216,"url":"https:\/\/www.enviroscop.fr\/actu\/2019\/01\/pollution-lumineuse\/","url_meta":{"origin":3488,"position":4},"title":"Pollution lumineuse","author":"Enviroscop","date":"7 janvier 2019","format":false,"excerpt":"Arr\u00eat\u00e9 du\u00a027 d\u00e9cembre 2018\u00a0relatif \u00e0 la pr\u00e9vention, \u00e0 la r\u00e9duction et \u00e0 la limitation des nuisances lumineuses NOR:\u00a0TREP1831126AELI: https:\/\/www.legifrance.gouv.fr\/eli\/arrete\/2018\/12\/27\/TREP1831126A\/jo\/texte Publics concern\u00e9s : Etat, collectivit\u00e9s, entreprises, organisations.\u00a0Objet : fixation de prescriptions techniques concernant la conception et le fonctionnement des installations lumineuses vis\u00e9es \u00e0 l'article R. 583-2 du code de l'environnement\u00a0selon les\u2026","rel":"","context":"Dans &quot;Enviroscop&quot;","block_context":{"text":"Enviroscop","link":"https:\/\/www.enviroscop.fr\/actu\/category\/non-classe\/"},"img":{"alt_text":"","src":"","width":0,"height":0},"classes":[]},{"id":19,"url":"https:\/\/www.enviroscop.fr\/actu\/2010\/05\/les-documents-durbanisme-soumis-au-respect-des-trames-verte-et-bleue-vote-de-lassemble-nationale\/","url_meta":{"origin":3488,"position":5},"title":"Les documents d&rsquo;urbanisme soumis au respect des trames verte et bleue (vote de l&rsquo;assembl??e nationale)","author":"Enviroscop","date":"12 mai 2010","format":false,"excerpt":"L'article 45 du texte de loi dit Grenelle 2 pr??voit des comit??s r??gionaux \" trame verte et bleue \", en charge de la r??alisation des sch??mas r??gionaux de coh??rence ??cologique qui guideront l'??laboration ou la r??vision des documents d'am??...","rel":"","context":"Dans &quot;SCOT&quot;","block_context":{"text":"SCOT","link":"https:\/\/www.enviroscop.fr\/actu\/category\/amenagement\/urbanisme\/scot\/"},"img":{"alt_text":"","src":"","width":0,"height":0},"classes":[]}],"jetpack_sharing_enabled":true,"_links":{"self":[{"href":"https:\/\/www.enviroscop.fr\/actu\/wp-json\/wp\/v2\/posts\/3488","targetHints":{"allow":["GET"]}}],"collection":[{"href":"https:\/\/www.enviroscop.fr\/actu\/wp-json\/wp\/v2\/posts"}],"about":[{"href":"https:\/\/www.enviroscop.fr\/actu\/wp-json\/wp\/v2\/types\/post"}],"author":[{"embeddable":true,"href":"https:\/\/www.enviroscop.fr\/actu\/wp-json\/wp\/v2\/users\/1"}],"replies":[{"embeddable":true,"href":"https:\/\/www.enviroscop.fr\/actu\/wp-json\/wp\/v2\/comments?post=3488"}],"version-history":[{"count":2,"href":"https:\/\/www.enviroscop.fr\/actu\/wp-json\/wp\/v2\/posts\/3488\/revisions"}],"predecessor-version":[{"id":3490,"href":"https:\/\/www.enviroscop.fr\/actu\/wp-json\/wp\/v2\/posts\/3488\/revisions\/3490"}],"wp:attachment":[{"href":"https:\/\/www.enviroscop.fr\/actu\/wp-json\/wp\/v2\/media?parent=3488"}],"wp:term":[{"taxonomy":"category","embeddable":true,"href":"https:\/\/www.enviroscop.fr\/actu\/wp-json\/wp\/v2\/categories?post=3488"},{"taxonomy":"post_tag","embeddable":true,"href":"https:\/\/www.enviroscop.fr\/actu\/wp-json\/wp\/v2\/tags?post=3488"}],"curies":[{"name":"wp","href":"https:\/\/api.w.org\/{rel}","templated":true}]}}