{"id":3491,"date":"2019-09-06T08:07:51","date_gmt":"2019-09-06T07:07:51","guid":{"rendered":"http:\/\/www.enviroscop.fr\/actu\/?p=3491"},"modified":"2019-09-06T08:08:00","modified_gmt":"2019-09-06T07:08:00","slug":"porter-a-connaissance-relatif-a-tout-projet-de-parc-eolien-en-normandie","status":"publish","type":"post","link":"https:\/\/www.enviroscop.fr\/actu\/2019\/09\/porter-a-connaissance-relatif-a-tout-projet-de-parc-eolien-en-normandie\/","title":{"rendered":"Porter \u00e0 connaissance relatif \u00e0 tout projet de parc \u00e9olien en Normandie"},"content":{"rendered":"\n<div class=\"wp-block-image\"><figure class=\"alignleft\"><img data-recalc-dims=\"1\" decoding=\"async\" src=\"https:\/\/i0.wp.com\/www.normandie.developpement-durable.gouv.fr\/local\/cache-vignettes\/L176xH132\/arton2717-314e9.jpg?w=750\" alt=\"\"\/><\/figure><\/div>\n\n\n\n<p>Les principaux enjeux et contraintes \u00e0 prendre en compte en vu de l\u2019implantation d\u2019un parc \u00e9olien sont pr\u00e9sent\u00e9s dans cet article. Les contraintes relatives aux radars et \u00e0 l\u2019a\u00e9ronautique militaire doivent faire l\u2019objet d\u2019un examen au cas par cas. <\/p>\n\n\n\n<p>Tous les \u00e9l\u00e9ments \u00e0 prendre en compte <a href=\"http:\/\/www.normandie.developpement-durable.gouv.fr\/porter-a-connaissance-relatif-aux-enjeux-en-lien-a2717.html\" target=\"_blank\" rel=\"noreferrer noopener\" aria-label=\"sont repris ICI. (s\u2019ouvre dans un nouvel onglet)\">sont repris ICI.<\/a><\/p>\n","protected":false},"excerpt":{"rendered":"<p>Les principaux enjeux et contraintes \u00e0 prendre en compte en vu de l\u2019implantation d\u2019un parc \u00e9olien sont pr\u00e9sent\u00e9s dans cet article. Les contraintes relatives aux radars et \u00e0 l\u2019a\u00e9ronautique militaire doivent faire l\u2019objet d\u2019un examen au cas par cas. Tous les \u00e9l\u00e9ments \u00e0 prendre en compte sont repris ICI.<\/p>\n","protected":false},"author":1,"featured_media":0,"comment_status":"open","ping_status":"open","sticky":false,"template":"","format":"standard","meta":{"jetpack_post_was_ever_published":false,"_jetpack_newsletter_access":"","_jetpack_dont_email_post_to_subs":false,"_jetpack_newsletter_tier_id":0,"_jetpack_memberships_contains_paywalled_content":false,"_jetpack_memberships_contains_paid_content":false,"footnotes":"","jetpack_publicize_message":"","jetpack_publicize_feature_enabled":true,"jetpack_social_post_already_shared":true,"jetpack_social_options":{"image_generator_settings":{"template":"highway","default_image_id":0,"font":"","enabled":false},"version":2}},"categories":[19,7,8,9,10,30,32,40],"tags":[],"class_list":["post-3491","post","type-post","status-publish","format-standard","hentry","category-dreal","category-energie","category-eolien","category-etude-dimpact","category-evaluation","category-guide","category-icpe","category-normandie","item-wrap"],"jetpack_publicize_connections":[],"jetpack_featured_media_url":"","jetpack_shortlink":"https:\/\/wp.me\/p3rXAp-Uj","jetpack_likes_enabled":true,"jetpack-related-posts":[{"id":4496,"url":"https:\/\/www.enviroscop.fr\/actu\/2021\/11\/prise-en-compte-de-la-biodiversite-dans-les-projets-terrestres-normands\/","url_meta":{"origin":3491,"position":0},"title":"Prise en compte de la biodiversit\u00e9 dans les projets terrestres normands","author":"Enviroscop","date":"15 novembre 2021","format":false,"excerpt":"Le service ressources naturelles de la DREAL vous annonce la parution des 2 premiers volets du guide de prise en compte de la biodiversit\u00e9 dans les projets terrestres normands. Ce guide est principalement destin\u00e9\u00a0\u00a0: aux porteurs de projets pour leur permettre d\u2019appr\u00e9hender les enjeux de la biodiversit\u00e9 et de leur\u2026","rel":"","context":"Dans &quot;Am\u00e9nagement&quot;","block_context":{"text":"Am\u00e9nagement","link":"https:\/\/www.enviroscop.fr\/actu\/category\/amenagement\/"},"img":{"alt_text":"","src":"","width":0,"height":0},"classes":[]},{"id":805,"url":"https:\/\/www.enviroscop.fr\/actu\/2013\/04\/la-loi-brottes-validee-par-le-conseil-constitutionnel\/","url_meta":{"origin":3491,"position":1},"title":"La loi Brottes, valid\u00e9e par le Conseil Constitutionnel","author":"Enviroscop","date":"12 avril 2013","format":false,"excerpt":"Le\u00a0 11 avril \u00a0le Conseil constitutionnel s'est prononc\u00e9 sur la loi dite \"Brottes\" sur la transition \u00e9nerg\u00e9tique. Elle abandonne cependant les \u00a0dispositions relatives\u00a0 au \u00ab bonus\u2212malus \u00bb \u00e9nerg\u00e9tique. Le Conseil a cependant valid\u00e9 les dispositions sur l'\u00e9olien : les zones de d\u00e9veloppement \u00e9olien sont supprim\u00e9es la r\u00e8gle des cinq m\u00e2ts\u2026","rel":"","context":"Dans &quot;Conseil Constitutionnel&quot;","block_context":{"text":"Conseil Constitutionnel","link":"https:\/\/www.enviroscop.fr\/actu\/category\/juridique\/conseil-constitutionnel\/"},"img":{"alt_text":"Graphique 1","src":"https:\/\/i0.wp.com\/www.enviroscop.fr\/actu\/wp-content\/uploads\/2013\/03\/Graphique-1-300x163.png?resize=350%2C200","width":350,"height":200},"classes":[]},{"id":1817,"url":"https:\/\/www.enviroscop.fr\/actu\/2014\/02\/le-doublement-du-parc-eolien-naurait-quun-faible-impact-sur-le-climat-europeen\/","url_meta":{"origin":3491,"position":2},"title":"Le doublement du parc \u00e9olien n&rsquo;aurait qu&rsquo;un faible impact sur le climat europ\u00e9en","author":"Enviroscop","date":"13 f\u00e9vrier 2014","format":false,"excerpt":"L'implantation de champs d'\u00e9oliennes en Europe ne semble pas induire de modification significative du climat, et ne devrait pas en entra\u00eener d'ici \u00e0 2020. Telles sont les conclusions d'une \u00e9tude men\u00e9e par le CNRS, le CEA, l'UVSQ, l'Ineris et l'ENEA, publi\u00e9e dans la revue\u00a0Nature communication\u00a0du 11 f\u00e9vrier. Malgr\u00e9 un\u00a0ralentissement\u00a0de la\u2026","rel":"","context":"Dans &quot;Climat&quot;","block_context":{"text":"Climat","link":"https:\/\/www.enviroscop.fr\/actu\/category\/climat\/"},"img":{"alt_text":"","src":"","width":0,"height":0},"classes":[]},{"id":5345,"url":"https:\/\/www.enviroscop.fr\/actu\/2023\/09\/ile-de-france-cartographie-regionale-des-zones-de-developpement-favorable-a-leolien\/","url_meta":{"origin":3491,"position":3},"title":"Ile-de-France : Cartographie r\u00e9gionale des zones de d\u00e9veloppement favorable \u00e0 l\u2019\u00e9olien","author":"Enviroscop","date":"20 septembre 2023","format":false,"excerpt":"Par circulaire du 26 mai 2021, Madame la Ministre de la Transition \u00e9cologique, a demand\u00e9 aux pr\u00e9fets de r\u00e9gion d\u2019\u00e9laborer une cartographie r\u00e9gionale r\u00e9glementaire des zones favorables au d\u00e9veloppement de l\u2019\u00e9olien. L\u2019\u00e9laboration de cette cartographie s\u2019est effectu\u00e9e en plusieurs \u00e9tapes avant d\u2019aboutir \u00e0 la version finale que vous pouvez retrouver\u2026","rel":"","context":"Dans &quot;Am\u00e9nagement&quot;","block_context":{"text":"Am\u00e9nagement","link":"https:\/\/www.enviroscop.fr\/actu\/category\/amenagement\/"},"img":{"alt_text":"","src":"https:\/\/i0.wp.com\/www.enviroscop.fr\/actu\/wp-content\/uploads\/2023\/09\/Capture-decran-2023-09-20-140732.png?resize=350%2C200&ssl=1","width":350,"height":200,"srcset":"https:\/\/i0.wp.com\/www.enviroscop.fr\/actu\/wp-content\/uploads\/2023\/09\/Capture-decran-2023-09-20-140732.png?resize=350%2C200&ssl=1 1x, https:\/\/i0.wp.com\/www.enviroscop.fr\/actu\/wp-content\/uploads\/2023\/09\/Capture-decran-2023-09-20-140732.png?resize=525%2C300&ssl=1 1.5x, https:\/\/i0.wp.com\/www.enviroscop.fr\/actu\/wp-content\/uploads\/2023\/09\/Capture-decran-2023-09-20-140732.png?resize=700%2C400&ssl=1 2x"},"classes":[]},{"id":2834,"url":"https:\/\/www.enviroscop.fr\/actu\/2017\/06\/le-parc-eolien-francais-ses-impacts-sur-lavifaune-etude-des-suivis-de-mortalite-realises-en-france-de-1997-a-2015-par-la-lpo\/","url_meta":{"origin":3491,"position":4},"title":"Le parc \u00e9olien fran\u00e7ais et ses impacts sur l\u2019avifaune. Etude des suivis de mortalit\u00e9 r\u00e9alis\u00e9s en France de 1997 \u00e0 2015 par la LPO","author":"Enviroscop","date":"22 juin 2017","format":false,"excerpt":"La mortalit\u00e9 r\u00e9elle due aux \u00e9oliennes n\u2019est estim\u00e9e que pour tr\u00e8s peu de parcs,\u00a0souvent localis\u00e9s dans des ZPS ou pr\u00e9sentant de fortes sensibilit\u00e9s avifaunistiques. Pour les huit\u00a0parcs concern\u00e9s, qui repr\u00e9sentent 1,38 % des \u00e9oliennes fran\u00e7aises, la mortalit\u00e9 r\u00e9elle estim\u00e9e\u00a0varie de 0,3 \u00e0 18,3 oiseaux tu\u00e9s par \u00e9olienne et par an,\u2026","rel":"","context":"Dans &quot;biodiversit\u00e9&quot;","block_context":{"text":"biodiversit\u00e9","link":"https:\/\/www.enviroscop.fr\/actu\/category\/nature\/biodiversite\/"},"img":{"alt_text":"","src":"https:\/\/i0.wp.com\/www.enviroscop.fr\/actu\/wp-content\/uploads\/2017\/06\/LPO201706-209x300.jpg?resize=350%2C200","width":350,"height":200},"classes":[]},{"id":2922,"url":"https:\/\/www.enviroscop.fr\/actu\/2017\/11\/eolien-precisions-sur-la-prise-en-compte-des-especes-animales-protegees-par-letude-dimpact\/","url_meta":{"origin":3491,"position":5},"title":"Eolien : pr\u00e9cisions sur la prise en compte des esp\u00e8ces animales prot\u00e9g\u00e9es par l&rsquo;\u00e9tude d&rsquo;impact","author":"Enviroscop","date":"13 novembre 2017","format":false,"excerpt":"La Cour administrative d\u2019appel de Bordeaux a rendu deux arr\u00eats, les 28 septembre 2017 et 2 novembre 2017, par lesquels elle se prononce sur le caract\u00e8re suffisant ou non d\u2019une \u00e9tude d\u2019impact d\u2019un projet de parc \u00e9olien, s\u2019agissant de l\u2019identification des espaces animales prot\u00e9g\u00e9es. La Cour a soulign\u00e9 leur importance\u2026","rel":"","context":"Dans &quot;biodiversit\u00e9&quot;","block_context":{"text":"biodiversit\u00e9","link":"https:\/\/www.enviroscop.fr\/actu\/category\/nature\/biodiversite\/"},"img":{"alt_text":"","src":"","width":0,"height":0},"classes":[]}],"jetpack_sharing_enabled":true,"_links":{"self":[{"href":"https:\/\/www.enviroscop.fr\/actu\/wp-json\/wp\/v2\/posts\/3491","targetHints":{"allow":["GET"]}}],"collection":[{"href":"https:\/\/www.enviroscop.fr\/actu\/wp-json\/wp\/v2\/posts"}],"about":[{"href":"https:\/\/www.enviroscop.fr\/actu\/wp-json\/wp\/v2\/types\/post"}],"author":[{"embeddable":true,"href":"https:\/\/www.enviroscop.fr\/actu\/wp-json\/wp\/v2\/users\/1"}],"replies":[{"embeddable":true,"href":"https:\/\/www.enviroscop.fr\/actu\/wp-json\/wp\/v2\/comments?post=3491"}],"version-history":[{"count":1,"href":"https:\/\/www.enviroscop.fr\/actu\/wp-json\/wp\/v2\/posts\/3491\/revisions"}],"predecessor-version":[{"id":3492,"href":"https:\/\/www.enviroscop.fr\/actu\/wp-json\/wp\/v2\/posts\/3491\/revisions\/3492"}],"wp:attachment":[{"href":"https:\/\/www.enviroscop.fr\/actu\/wp-json\/wp\/v2\/media?parent=3491"}],"wp:term":[{"taxonomy":"category","embeddable":true,"href":"https:\/\/www.enviroscop.fr\/actu\/wp-json\/wp\/v2\/categories?post=3491"},{"taxonomy":"post_tag","embeddable":true,"href":"https:\/\/www.enviroscop.fr\/actu\/wp-json\/wp\/v2\/tags?post=3491"}],"curies":[{"name":"wp","href":"https:\/\/api.w.org\/{rel}","templated":true}]}}