{"id":3498,"date":"2019-09-09T13:24:26","date_gmt":"2019-09-09T12:24:26","guid":{"rendered":"http:\/\/www.enviroscop.fr\/actu\/?p=3498"},"modified":"2019-09-10T06:58:48","modified_gmt":"2019-09-10T05:58:48","slug":"le-conseil-detat-annule-le-decret-du-10-mai-2017","status":"publish","type":"post","link":"https:\/\/www.enviroscop.fr\/actu\/2019\/09\/le-conseil-detat-annule-le-decret-du-10-mai-2017\/","title":{"rendered":"Le Conseil d&rsquo;Etat annule le d\u00e9cret du 10 mai 2017"},"content":{"rendered":"\n<div class=\"wp-block-image\"><figure class=\"alignleft is-resized\"><img loading=\"lazy\" decoding=\"async\" src=\"https:\/\/upload.wikimedia.org\/wikipedia\/commons\/a\/a6\/Bassin_d%27Arcachon_-_Cabanes_tchanqu%C3%A9es.jpg\" alt=\"UTN : bassin d'Arcachon\" width=\"383\" height=\"254\"\/><figcaption>Le bassin d&rsquo;Arcachon<\/figcaption><\/figure><\/div>\n\n\n\n<p>En effet, ce dernier ne soumettait pas  la cr\u00e9ation ou l\u2019extension d\u2019unit\u00e9s touristiques nouvelles (UTN)  \u00e0 \u00e9valuation environnementale, mais uniquement \u00e0 autorisation.<\/p>\n\n\n\n<p>Les juges ont trouv\u00e9 que ces UTN<em> \u00ab\u00a0constitua[ie]nt un plan ou programme au sens de la directive du 27 juin 2001<\/em>\u00a0\u00bb et devaient \u00eatre soumises \u00e0 \u00e9valuation&#8230;<\/p>\n\n\n\n<p>L&rsquo;int\u00e9gralit\u00e9 de l&rsquo;analyse figure sur le <a rel=\"noreferrer noopener\" aria-label=\"site de notre confr\u00e8re Arnaud Gossement. (s\u2019ouvre dans un nouvel onglet)\" href=\"http:\/\/www.arnaudgossement.com\/archive\/2019\/07\/24\/environnement-urbanisme-la-creation-d-unites-touristiques-no-6166369.html\" target=\"_blank\">site de notre confr\u00e8re Arnaud Gossement.<\/a><\/p>\n\n\n\n<p><\/p>\n","protected":false},"excerpt":{"rendered":"<p>En effet, ce dernier ne soumettait pas la cr\u00e9ation ou l\u2019extension d\u2019unit\u00e9s touristiques nouvelles (UTN) \u00e0 \u00e9valuation environnementale, mais uniquement \u00e0 autorisation. Les juges ont trouv\u00e9 que ces UTN \u00ab\u00a0constitua[ie]nt un plan ou programme au sens de la directive du 27 juin 2001\u00a0\u00bb et devaient \u00eatre soumises \u00e0 \u00e9valuation&#8230; L&rsquo;int\u00e9gralit\u00e9 de l&rsquo;analyse figure sur le &hellip; <\/p>\n<p><a class=\"more-link btn\" href=\"https:\/\/www.enviroscop.fr\/actu\/2019\/09\/le-conseil-detat-annule-le-decret-du-10-mai-2017\/\">Lire la suite<\/a><\/p>\n","protected":false},"author":1,"featured_media":0,"comment_status":"open","ping_status":"open","sticky":false,"template":"","format":"standard","meta":{"jetpack_post_was_ever_published":false,"_jetpack_newsletter_access":"","_jetpack_dont_email_post_to_subs":false,"_jetpack_newsletter_tier_id":0,"_jetpack_memberships_contains_paywalled_content":false,"_jetpack_memberships_contains_paid_content":false,"footnotes":"","jetpack_publicize_message":"","jetpack_publicize_feature_enabled":true,"jetpack_social_post_already_shared":true,"jetpack_social_options":{"image_generator_settings":{"template":"highway","default_image_id":0,"font":"","enabled":false},"version":2}},"categories":[5,78,66,9,10,30,35,44,49,57],"tags":[],"class_list":["post-3498","post","type-post","status-publish","format-standard","hentry","category-amenagement","category-conseil-detat","category-droit","category-etude-dimpact","category-evaluation","category-guide","category-juridique","category-plu","category-scot","category-urbanisme","item-wrap"],"jetpack_publicize_connections":[],"jetpack_featured_media_url":"","jetpack_shortlink":"https:\/\/wp.me\/p3rXAp-Uq","jetpack_likes_enabled":true,"jetpack-related-posts":[{"id":4463,"url":"https:\/\/www.enviroscop.fr\/actu\/2021\/10\/evaluation-environnementale-des-documents-durbanisme-le-decret-de-refonte-est-paru\/","url_meta":{"origin":3498,"position":0},"title":"\u00c9valuation environnementale des documents d\u2019urbanisme : le d\u00e9cret de refonte est paru","author":"Enviroscop","date":"22 octobre 2021","format":false,"excerpt":"Le r\u00e9gime de l'\u00e9valuation environnementale applicable aux proc\u00e9dures d'\u00e9volution des documents d'urbanisme et aux unit\u00e9s touristiques nouvelles (UTN) fait peau neuve. Plut\u00f4t bien accueilli par les collectivit\u00e9s, le d\u00e9cret modificatif, paru ce 15 octobre, ne l\u00e8ve pas toutes les craintes des \u00e9lus de montagne quant \u00e0 son impact r\u00e9el sur\u2026","rel":"","context":"Dans &quot;Air&quot;","block_context":{"text":"Air","link":"https:\/\/www.enviroscop.fr\/actu\/category\/compartiments\/air\/"},"img":{"alt_text":"Urbanisme ","src":"https:\/\/i0.wp.com\/www.banquedesterritoires.fr\/sites\/default\/files\/styles\/landscape_auto_crop\/public\/2021-10\/AdobeStock_42911968.jpg?resize=350%2C200&ssl=1","width":350,"height":200,"srcset":"https:\/\/i0.wp.com\/www.banquedesterritoires.fr\/sites\/default\/files\/styles\/landscape_auto_crop\/public\/2021-10\/AdobeStock_42911968.jpg?resize=350%2C200&ssl=1 1x, https:\/\/i0.wp.com\/www.banquedesterritoires.fr\/sites\/default\/files\/styles\/landscape_auto_crop\/public\/2021-10\/AdobeStock_42911968.jpg?resize=525%2C300&ssl=1 1.5x, https:\/\/i0.wp.com\/www.banquedesterritoires.fr\/sites\/default\/files\/styles\/landscape_auto_crop\/public\/2021-10\/AdobeStock_42911968.jpg?resize=700%2C400&ssl=1 2x"},"classes":[]},{"id":3027,"url":"https:\/\/www.enviroscop.fr\/actu\/2018\/05\/levaluation-environnementale-dun-plan-peut-etre-requise-meme-sans-texte-reglementaire-conseil-detat\/","url_meta":{"origin":3498,"position":1},"title":"L\u2019\u00e9valuation environnementale d\u2019un plan peut \u00eatre requise m\u00eame sans texte r\u00e9glementaire (Conseil d\u2019Etat)","author":"Enviroscop","date":"31 mai 2018","format":false,"excerpt":"Par une\u00a0d\u00e9cision n\u00b0408887 en date du 16 mai 2018, le Conseil d\u2019Etat a jug\u00e9 que l'\u00e9valuation\u00a0 environnementale d'un plan ou d'un programme peut \u00eatre requise sur le seul fondement de l\u2019article L. 122-4 de l\u2019environnement . En cons\u00e9quence, le Conseil d\u2019Etat a pr\u00e9cis\u00e9 que le sch\u00e9ma r\u00e9gional du climat, de\u2026","rel":"","context":"Dans &quot;Etude d'impact&quot;","block_context":{"text":"Etude d'impact","link":"https:\/\/www.enviroscop.fr\/actu\/category\/evaluation\/etude-dimpact\/"},"img":{"alt_text":"","src":"","width":0,"height":0},"classes":[]},{"id":5149,"url":"https:\/\/www.enviroscop.fr\/actu\/2023\/01\/evaluation-environnementale-le-dispositif-de-la-clause-filet-est-desormais-complet-conseil-detat-20-janvier-2023-n464129\/","url_meta":{"origin":3498,"position":2},"title":"Evaluation environnementale : le dispositif de la \u00ab\u00a0clause-filet\u00a0\u00bb est d\u00e9sormais complet (Conseil d\u2019Etat, 20 janvier 2023, n\u00b0464129)","author":"Enviroscop","date":"26 janvier 2023","format":false,"excerpt":"Par une d\u00e9cision n\u00b0464129, du 20 janvier 2023, le Conseil d'Etat a consid\u00e9r\u00e9 que le dispositif dit de la clause filet, r\u00e9sultant du d\u00e9cret n\u00b02022-422 du 25 mars 2022, a pour effet de mettre fin aux ill\u00e9galit\u00e9s constat\u00e9es au sein de son importante d\u00e9cision du 15 avril 2021. Commentaire. Pour\u2026","rel":"","context":"Dans &quot;Arnaud Gossement&quot;","block_context":{"text":"Arnaud Gossement","link":"https:\/\/www.enviroscop.fr\/actu\/category\/source\/arnaud-gossement\/"},"img":{"alt_text":"","src":"https:\/\/i0.wp.com\/www.enviroscop.fr\/actu\/wp-content\/uploads\/2013\/05\/17141_une.jpg?resize=350%2C200","width":350,"height":200},"classes":[]},{"id":5167,"url":"https:\/\/www.enviroscop.fr\/actu\/2023\/02\/evaluation-environnementale-le-dispositif-de-la-clause-filet-est-desormais-complet-conseil-detat-20-janvier-2023-n464129-2\/","url_meta":{"origin":3498,"position":3},"title":"Evaluation environnementale : le dispositif de la \u00ab\u00a0clause-filet\u00a0\u00bb est d\u00e9sormais complet (Conseil d\u2019Etat, 20 janvier 2023, n\u00b0464129)","author":"Enviroscop","date":"15 f\u00e9vrier 2023","format":false,"excerpt":"Par une d\u00e9cision n\u00b0464129, du 20 janvier 2023, le Conseil d'Etat a consid\u00e9r\u00e9 que le dispositif dit de la clause filet, r\u00e9sultant du d\u00e9cret n\u00b02022-422 du 25 mars 2022, a pour effet de mettre fin aux ill\u00e9galit\u00e9s constat\u00e9es au sein de son importante d\u00e9cision du 15 avril 2021. Commentaire. Pour\u2026","rel":"","context":"Dans &quot;Conseil d'Etat&quot;","block_context":{"text":"Conseil d'Etat","link":"https:\/\/www.enviroscop.fr\/actu\/category\/juridique\/conseil-detat\/"},"img":{"alt_text":"","src":"https:\/\/i0.wp.com\/www.enviroscop.fr\/actu\/wp-content\/uploads\/2013\/05\/17141_une.jpg?resize=350%2C200","width":350,"height":200},"classes":[]},{"id":5079,"url":"https:\/\/www.enviroscop.fr\/actu\/2022\/11\/evaluation-environnementale-des-documents-durbanisme-la-validite-de-la-procedure-ad-hoc-confirmee-par-le-conseil-detat\/","url_meta":{"origin":3498,"position":4},"title":"Evaluation environnementale des documents d\u2019urbanisme : la validit\u00e9 de la proc\u00e9dure \u00ab\u00a0ad hoc\u00a0\u00bb confirm\u00e9e par le Conseil d\u2019Etat","author":"Enviroscop","date":"30 novembre 2022","format":false,"excerpt":"Le Conseil d\u2019Etat a rejet\u00e9, ce 23 novembre, le recours en exc\u00e8s de pouvoir de l\u2019association France Nature Environnement (FNE) dirig\u00e9 contre le d\u00e9cret n\u00b02021-1345 du 13 octobre 2021\u00a0de refonte du r\u00e9gime de l'\u00e9valuation environnementale applicable aux proc\u00e9dures d'\u00e9volution des documents d\u2019urbanisme (lire notre article du 15 octobre 2021). La\u2026","rel":"","context":"Dans &quot;Am\u00e9nagement&quot;","block_context":{"text":"Am\u00e9nagement","link":"https:\/\/www.enviroscop.fr\/actu\/category\/amenagement\/"},"img":{"alt_text":"","src":"https:\/\/i0.wp.com\/www.enviroscop.fr\/actu\/wp-content\/uploads\/2013\/05\/17141_une.jpg?resize=350%2C200","width":350,"height":200},"classes":[]},{"id":4184,"url":"https:\/\/www.enviroscop.fr\/actu\/2021\/04\/evaluation-environnementale-et-clause-filet-letat-doit-reviser-la-liste-des-projets-soumis-a-etude-dimpact-dans-un-delai-de-9-mois-conseil-detat\/","url_meta":{"origin":3498,"position":5},"title":"Evaluation environnementale et \u00ab\u00a0clause filet\u00a0\u00bb : l&rsquo;Etat doit r\u00e9viser la liste des projets soumis \u00e0 \u00e9tude d&rsquo;impact dans un d\u00e9lai de 9 mois (Conseil d&rsquo;Etat)","author":"Enviroscop","date":"28 avril 2021","format":false,"excerpt":"Par arr\u00eat n\u00b0425424 du 15 avril 2021, le Conseil d'Etat\u00a0a, \u00e0 la demande de l'association France Nature Environnement, enjoint au Premier ministre de r\u00e9viser, dans un d\u00e9lai de 9 mois, la nomenclature des projets soumis \u00e0 \u00e9valuation environnementale. Et ce, de mani\u00e8re \u00e0 ce que cette nomenclature ne soit plus\u2026","rel":"","context":"Dans &quot;Conseil d'Etat&quot;","block_context":{"text":"Conseil d'Etat","link":"https:\/\/www.enviroscop.fr\/actu\/category\/juridique\/conseil-detat\/"},"img":{"alt_text":"","src":"https:\/\/i0.wp.com\/www.enviroscop.fr\/actu\/wp-content\/uploads\/2013\/05\/17141_une.jpg?resize=350%2C200","width":350,"height":200},"classes":[]}],"jetpack_sharing_enabled":true,"_links":{"self":[{"href":"https:\/\/www.enviroscop.fr\/actu\/wp-json\/wp\/v2\/posts\/3498","targetHints":{"allow":["GET"]}}],"collection":[{"href":"https:\/\/www.enviroscop.fr\/actu\/wp-json\/wp\/v2\/posts"}],"about":[{"href":"https:\/\/www.enviroscop.fr\/actu\/wp-json\/wp\/v2\/types\/post"}],"author":[{"embeddable":true,"href":"https:\/\/www.enviroscop.fr\/actu\/wp-json\/wp\/v2\/users\/1"}],"replies":[{"embeddable":true,"href":"https:\/\/www.enviroscop.fr\/actu\/wp-json\/wp\/v2\/comments?post=3498"}],"version-history":[{"count":2,"href":"https:\/\/www.enviroscop.fr\/actu\/wp-json\/wp\/v2\/posts\/3498\/revisions"}],"predecessor-version":[{"id":3504,"href":"https:\/\/www.enviroscop.fr\/actu\/wp-json\/wp\/v2\/posts\/3498\/revisions\/3504"}],"wp:attachment":[{"href":"https:\/\/www.enviroscop.fr\/actu\/wp-json\/wp\/v2\/media?parent=3498"}],"wp:term":[{"taxonomy":"category","embeddable":true,"href":"https:\/\/www.enviroscop.fr\/actu\/wp-json\/wp\/v2\/categories?post=3498"},{"taxonomy":"post_tag","embeddable":true,"href":"https:\/\/www.enviroscop.fr\/actu\/wp-json\/wp\/v2\/tags?post=3498"}],"curies":[{"name":"wp","href":"https:\/\/api.w.org\/{rel}","templated":true}]}}