{"id":35,"date":"2013-02-12T06:52:00","date_gmt":"2013-02-12T06:52:00","guid":{"rendered":"http:\/\/actu.enviroscop.com\/captages-grenelle-une-circulaire-demande-la-m"},"modified":"2013-05-30T10:02:28","modified_gmt":"2013-05-30T09:02:28","slug":"captages-grenelle-une-circulaire-demande-la-m","status":"publish","type":"post","link":"https:\/\/www.enviroscop.fr\/actu\/2013\/02\/captages-grenelle-une-circulaire-demande-la-m\/","title":{"rendered":"Captages Grenelle : une circulaire demande la mise en oeuvre des plans d&rsquo;actions"},"content":{"rendered":"<p>\u00ab\u00a0<i>D&rsquo;ici \u00e0 2012, des plans d&rsquo;action seront mis en oeuvre en association \u00e9troite avec les agences de l&rsquo;eau pour assurer la protection des cinq cents captages les plus menac\u00e9s par les pollutions diffuses, notamment les nitrates et produits phytosanitaires<\/i>\u00ab\u00a0, pr\u00e9voyait l&rsquo;article 27 de\u00a0la loi Grenelle 1.<b>\u00a0Le constat n&rsquo;est pas si bon et une circulaire demande aux pr\u00e9fets d&rsquo;amplifier la mise en \u0153uvre des plans d&rsquo;actions.<\/b><\/p>\n<p><b>En effet, si 94% des captages sont identifi\u00e9s et zon\u00e9s, seuls certains d\u00e9partements ont commenc\u00e9 \u00e0 assurer la mise en oeuvre effective de leurs programmes d&rsquo;actions :<\/b><\/p>\n<ul>\n<li><b>146 plans finalis\u00e9s<\/b><\/li>\n<li><b>347 engag\u00e9s<\/b><\/li>\n<li><b>17 ouvrages sans plan<\/b><\/li>\n<\/ul>\n","protected":false},"excerpt":{"rendered":"<p>\u00ab\u00a0D&rsquo;ici   2012, des plans d&rsquo;action seront mis en ??uvre en association ??troite avec les agences de l&rsquo;eau pour assurer la protection des cinq cents captages les plus menac??s par les pollutions diffuses, notamment les nitrates et produits phytosan&#8230;<\/p>\n","protected":false},"author":1,"featured_media":0,"comment_status":"open","ping_status":"open","sticky":false,"template":"","format":"standard","meta":{"jetpack_post_was_ever_published":false,"_jetpack_newsletter_access":"","_jetpack_dont_email_post_to_subs":false,"_jetpack_newsletter_tier_id":0,"_jetpack_memberships_contains_paywalled_content":false,"_jetpack_memberships_contains_paid_content":false,"footnotes":"","jetpack_publicize_message":"","jetpack_publicize_feature_enabled":true,"jetpack_social_post_already_shared":false,"jetpack_social_options":{"image_generator_settings":{"template":"highway","default_image_id":0,"font":"","enabled":false},"version":2}},"categories":[21,29],"tags":[],"class_list":["post-35","post","type-post","status-publish","format-standard","hentry","category-eau","category-grenelle","item-wrap"],"jetpack_publicize_connections":[],"jetpack_featured_media_url":"","jetpack_shortlink":"https:\/\/wp.me\/p3rXAp-z","jetpack_likes_enabled":true,"jetpack-related-posts":[{"id":3608,"url":"https:\/\/www.enviroscop.fr\/actu\/2020\/02\/protection-des-ressources-en-eau-des-captages-prioritaires-utilises-pour-la-production-deau-destinee-a-la-consommation-humaine\/","url_meta":{"origin":35,"position":0},"title":"Protection des ressources en eau des captages prioritaires utilis\u00e9s pour la production d\u2019eau destin\u00e9e \u00e0 la consommation humaine","author":"Enviroscop","date":"13 f\u00e9vrier 2020","format":false,"excerpt":"Cette circulaire vise \u00e0 mobiliser les services de l\u2019\u00c9tat et ses \u00e9tablissements publics pour l\u2019accompagnement des territoires dans la protection des ressources des captages prioritaires utilis\u00e9s pour la production d\u2019eau potable contre les pollutions par les nitrates et les produits phytosanitaires. Suite aux Assises de l\u2019eau, le Gouvernement souhaite actualiser\u2026","rel":"","context":"Dans &quot;Circulaire&quot;","block_context":{"text":"Circulaire","link":"https:\/\/www.enviroscop.fr\/actu\/category\/juridique\/circulaire\/"},"img":{"alt_text":"","src":"https:\/\/i0.wp.com\/www.enviroscop.fr\/actu\/wp-content\/uploads\/2020\/02\/image.png?resize=350%2C200&ssl=1","width":350,"height":200,"srcset":"https:\/\/i0.wp.com\/www.enviroscop.fr\/actu\/wp-content\/uploads\/2020\/02\/image.png?resize=350%2C200&ssl=1 1x, https:\/\/i0.wp.com\/www.enviroscop.fr\/actu\/wp-content\/uploads\/2020\/02\/image.png?resize=525%2C300&ssl=1 1.5x"},"classes":[]},{"id":91,"url":"https:\/\/www.enviroscop.fr\/actu\/2011\/05\/circulaire-sur-la-territorialisation-du-grene\/","url_meta":{"origin":35,"position":1},"title":"Circulaire sur la territorialisation du Grenelle de l&rsquo;environnement","author":"Enviroscop","date":"19 mai 2011","format":false,"excerpt":"Dans une circulaire du 23 mars 2011 adress??e aux pr??fets sur la territorialisation du grenelle de l'environnement, la ministre de l'??cologie, Nathalie Kosciusko-Morizet, fixe les priorit??s th??matiques retenir pour l'ann??e 2011 : - l'??lab...","rel":"","context":"Dans &quot;Circulaire&quot;","block_context":{"text":"Circulaire","link":"https:\/\/www.enviroscop.fr\/actu\/category\/juridique\/circulaire\/"},"img":{"alt_text":"","src":"","width":0,"height":0},"classes":[]},{"id":273,"url":"https:\/\/www.enviroscop.fr\/actu\/2011\/06\/mise-en-oeuvre-des-sage-la-circulaire-du-4-ma\/","url_meta":{"origin":35,"position":2},"title":"Mise en oeuvre des SAGE : la circulaire du 4 mai 2011","author":"Enviroscop","date":"18 juin 2011","format":false,"excerpt":"Le Minist??re vient de faire para??tre une circulaire donnant les instructions n??cessaires ? l'??laboration et ? la mise en oeuvre des sch??mas d'am??nagement et de gestion des eaux (SAGE). Le SAGE est un instrument essentiel pour la mise en oe...","rel":"","context":"Dans &quot;Circulaire&quot;","block_context":{"text":"Circulaire","link":"https:\/\/www.enviroscop.fr\/actu\/category\/juridique\/circulaire\/"},"img":{"alt_text":"","src":"","width":0,"height":0},"classes":[]},{"id":5360,"url":"https:\/\/www.enviroscop.fr\/actu\/2023\/10\/mise-en-oeuvre-de-la-territorialisation-de-la-planification-ecologique-circulaire-du-29-09\/","url_meta":{"origin":35,"position":3},"title":"Mise en oeuvre de la territorialisation de la planification \u00e9cologique : circulaire du 29\/09","author":"Enviroscop","date":"10 octobre 2023","format":false,"excerpt":"La Premi\u00e8re Ministre rappelle qu'il revient au pr\u00e9fet de r\u00e9gion et au pr\u00e9sident du conseil r\u00e9gional de co-animer la COP r\u00e9gionale et de d\u00e9cider de son mode d\u2019organisation. Y seront associ\u00e9s \"a minima tous les ex\u00e9cutifs locaux de la r\u00e9gion\", pr\u00e9cise la circulaire, ce qui inclut les conseils r\u00e9gionaux, d\u00e9partementaux,\u2026","rel":"","context":"Dans &quot;Am\u00e9nagement&quot;","block_context":{"text":"Am\u00e9nagement","link":"https:\/\/www.enviroscop.fr\/actu\/category\/amenagement\/"},"img":{"alt_text":"","src":"https:\/\/i0.wp.com\/www.enviroscop.fr\/actu\/wp-content\/uploads\/2023\/10\/Capture-decran-2023-10-10-142723.png?resize=350%2C200&ssl=1","width":350,"height":200,"srcset":"https:\/\/i0.wp.com\/www.enviroscop.fr\/actu\/wp-content\/uploads\/2023\/10\/Capture-decran-2023-10-10-142723.png?resize=350%2C200&ssl=1 1x, https:\/\/i0.wp.com\/www.enviroscop.fr\/actu\/wp-content\/uploads\/2023\/10\/Capture-decran-2023-10-10-142723.png?resize=525%2C300&ssl=1 1.5x, https:\/\/i0.wp.com\/www.enviroscop.fr\/actu\/wp-content\/uploads\/2023\/10\/Capture-decran-2023-10-10-142723.png?resize=700%2C400&ssl=1 2x"},"classes":[]},{"id":1037,"url":"https:\/\/www.enviroscop.fr\/actu\/2013\/05\/pprt-une-circulaire-pour-relancer-le-processus\/","url_meta":{"origin":35,"position":4},"title":"PPRT : une circulaire pour relancer le processus","author":"Enviroscop","date":"14 mai 2013","format":false,"excerpt":"Par une circulaire en date du 11 avril 2013 et publi\u00e9e le 30 avril, le minist\u00e8re de l'Ecologie vient de r\u00e9affirmer sa volont\u00e9 d'acc\u00e9l\u00e9rer la d\u00e9marche de mise en \u0153uvre des plans de pr\u00e9vention des risques technologiques PPRT. Pour ce faire, un plan d'actions national pr\u00e9sent\u00e9 le 11 avril par\u2026","rel":"","context":"Dans &quot;Risque&quot;","block_context":{"text":"Risque","link":"https:\/\/www.enviroscop.fr\/actu\/category\/humain\/risque\/"},"img":{"alt_text":"","src":"","width":0,"height":0},"classes":[]},{"id":36,"url":"https:\/\/www.enviroscop.fr\/actu\/2010\/06\/grenelle-2-prservation-de-la-biodiversit\/","url_meta":{"origin":35,"position":5},"title":"Grenelle 2 : pr??servation de la biodiversit??","author":"Enviroscop","date":"30 juin 2010","format":false,"excerpt":"Adopt??e le 29 juin 2010, la loi portant engagement national pour l???environnement, dit Grenelle 2 , est un texte d???application et de territorialisation du Grenelle Environnement et de la loi Grenelle 1. Il d??cline chantier par chantier, se...","rel":"","context":"Dans &quot;biodiversit\u00e9&quot;","block_context":{"text":"biodiversit\u00e9","link":"https:\/\/www.enviroscop.fr\/actu\/category\/nature\/biodiversite\/"},"img":{"alt_text":"","src":"","width":0,"height":0},"classes":[]}],"jetpack_sharing_enabled":true,"_links":{"self":[{"href":"https:\/\/www.enviroscop.fr\/actu\/wp-json\/wp\/v2\/posts\/35","targetHints":{"allow":["GET"]}}],"collection":[{"href":"https:\/\/www.enviroscop.fr\/actu\/wp-json\/wp\/v2\/posts"}],"about":[{"href":"https:\/\/www.enviroscop.fr\/actu\/wp-json\/wp\/v2\/types\/post"}],"author":[{"embeddable":true,"href":"https:\/\/www.enviroscop.fr\/actu\/wp-json\/wp\/v2\/users\/1"}],"replies":[{"embeddable":true,"href":"https:\/\/www.enviroscop.fr\/actu\/wp-json\/wp\/v2\/comments?post=35"}],"version-history":[{"count":0,"href":"https:\/\/www.enviroscop.fr\/actu\/wp-json\/wp\/v2\/posts\/35\/revisions"}],"wp:attachment":[{"href":"https:\/\/www.enviroscop.fr\/actu\/wp-json\/wp\/v2\/media?parent=35"}],"wp:term":[{"taxonomy":"category","embeddable":true,"href":"https:\/\/www.enviroscop.fr\/actu\/wp-json\/wp\/v2\/categories?post=35"},{"taxonomy":"post_tag","embeddable":true,"href":"https:\/\/www.enviroscop.fr\/actu\/wp-json\/wp\/v2\/tags?post=35"}],"curies":[{"name":"wp","href":"https:\/\/api.w.org\/{rel}","templated":true}]}}