{"id":3509,"date":"2019-09-23T12:28:57","date_gmt":"2019-09-23T11:28:57","guid":{"rendered":"http:\/\/www.enviroscop.fr\/actu\/?p=3509"},"modified":"2019-09-23T12:29:06","modified_gmt":"2019-09-23T11:29:06","slug":"objectifs-de-developpement-durable-pour-le-climat","status":"publish","type":"post","link":"https:\/\/www.enviroscop.fr\/actu\/2019\/09\/objectifs-de-developpement-durable-pour-le-climat\/","title":{"rendered":"Objectifs de d\u00e9veloppement durable pour le climat"},"content":{"rendered":"\n<ul class=\"wp-block-gallery columns-1 is-cropped wp-block-gallery-1 is-layout-flex wp-block-gallery-is-layout-flex\"><li class=\"blocks-gallery-item\"><figure><img loading=\"lazy\" decoding=\"async\" width=\"7016\" height=\"4961\" data-attachment-id=\"3510\" data-permalink=\"https:\/\/www.enviroscop.fr\/actu\/2019\/09\/objectifs-de-developpement-durable-pour-le-climat\/elyx_odd_climat_02\/\" data-orig-file=\"https:\/\/i0.wp.com\/www.enviroscop.fr\/actu\/wp-content\/uploads\/2019\/09\/ELYX_ODD_CLIMAT_02.jpg?fit=7016%2C4961&amp;ssl=1\" data-orig-size=\"7016,4961\" data-comments-opened=\"1\" data-image-meta=\"{&quot;aperture&quot;:&quot;0&quot;,&quot;credit&quot;:&quot;&quot;,&quot;camera&quot;:&quot;&quot;,&quot;caption&quot;:&quot;&quot;,&quot;created_timestamp&quot;:&quot;0&quot;,&quot;copyright&quot;:&quot;&quot;,&quot;focal_length&quot;:&quot;0&quot;,&quot;iso&quot;:&quot;0&quot;,&quot;shutter_speed&quot;:&quot;0&quot;,&quot;title&quot;:&quot;&quot;,&quot;orientation&quot;:&quot;0&quot;}\" data-image-title=\"ELYX_ODD_CLIMAT_02\" data-image-description=\"\" data-image-caption=\"\" data-large-file=\"https:\/\/i0.wp.com\/www.enviroscop.fr\/actu\/wp-content\/uploads\/2019\/09\/ELYX_ODD_CLIMAT_02.jpg?fit=750%2C530&amp;ssl=1\" src=\"https:\/\/i2.wp.com\/www.enviroscop.fr\/actu\/wp-content\/uploads\/2019\/09\/ELYX_ODD_CLIMAT_02.jpg?fit=750%2C530\" alt=\"\" data-id=\"3510\" data-link=\"https:\/\/www.enviroscop.fr\/actu\/?attachment_id=3510\" class=\"wp-image-3510\" srcset=\"https:\/\/i0.wp.com\/www.enviroscop.fr\/actu\/wp-content\/uploads\/2019\/09\/ELYX_ODD_CLIMAT_02.jpg?w=7016&amp;ssl=1 7016w, https:\/\/i0.wp.com\/www.enviroscop.fr\/actu\/wp-content\/uploads\/2019\/09\/ELYX_ODD_CLIMAT_02.jpg?resize=300%2C212&amp;ssl=1 300w, https:\/\/i0.wp.com\/www.enviroscop.fr\/actu\/wp-content\/uploads\/2019\/09\/ELYX_ODD_CLIMAT_02.jpg?resize=768%2C543&amp;ssl=1 768w, https:\/\/i0.wp.com\/www.enviroscop.fr\/actu\/wp-content\/uploads\/2019\/09\/ELYX_ODD_CLIMAT_02.jpg?resize=1024%2C724&amp;ssl=1 1024w, https:\/\/i0.wp.com\/www.enviroscop.fr\/actu\/wp-content\/uploads\/2019\/09\/ELYX_ODD_CLIMAT_02.jpg?w=1500&amp;ssl=1 1500w, https:\/\/i0.wp.com\/www.enviroscop.fr\/actu\/wp-content\/uploads\/2019\/09\/ELYX_ODD_CLIMAT_02.jpg?w=2250&amp;ssl=1 2250w\" sizes=\"auto, (max-width: 750px) 100vw, 750px\" \/><\/figure><\/li><\/ul>\n\n\n\n<p>Les autres pr\u00e9sentations sont disponibles<a rel=\"noreferrer noopener\" aria-label=\" sur le site d'Elyx (s\u2019ouvre dans un nouvel onglet)\" href=\"http:\/\/elyx.net\/oddclimat-ressources\/\" target=\"_blank\"> sur le site d&rsquo;Elyx<\/a><\/p>\n\n\n\n<p><\/p>\n","protected":false},"excerpt":{"rendered":"<p>Les autres pr\u00e9sentations sont disponibles sur le site d&rsquo;Elyx<\/p>\n","protected":false},"author":1,"featured_media":0,"comment_status":"open","ping_status":"open","sticky":false,"template":"","format":"standard","meta":{"jetpack_post_was_ever_published":false,"_jetpack_newsletter_access":"","_jetpack_dont_email_post_to_subs":false,"_jetpack_newsletter_tier_id":0,"_jetpack_memberships_contains_paywalled_content":false,"_jetpack_memberships_contains_paid_content":false,"footnotes":"","jetpack_publicize_message":"","jetpack_publicize_feature_enabled":true,"jetpack_social_post_already_shared":true,"jetpack_social_options":{"image_generator_settings":{"template":"highway","default_image_id":0,"font":"","enabled":false},"version":2}},"categories":[2,15,20,1,64,42],"tags":[],"class_list":["post-3509","post","type-post","status-publish","format-standard","hentry","category-ademe","category-climat","category-durable","category-non-classe","category-infographie","category-pedagogie","item-wrap"],"jetpack_publicize_connections":[],"jetpack_featured_media_url":"","jetpack_shortlink":"https:\/\/wp.me\/p3rXAp-UB","jetpack_likes_enabled":true,"jetpack-related-posts":[{"id":2441,"url":"https:\/\/www.enviroscop.fr\/actu\/2015\/07\/rapport-panorama-energies-climat-edition-2015-ministere-du-developpement-durable\/","url_meta":{"origin":3509,"position":0},"title":"Rapport \u00ab Panorama \u00e9nergies-climat \u00bb, \u00e9dition 2015 &#8211; Minist\u00e8re du D\u00e9veloppement durable","author":"Enviroscop","date":"27 juillet 2015","format":false,"excerpt":"Le rapport \u00ab\u00a0Panorama \u00e9nergies-climat\u00a0\u00bb, \u00e9tabli par la direction g\u00e9n\u00e9rale de l\u2019\u00e9nergie et du climat, rassemble un ensemble de fiches th\u00e9matiques sur les grands enjeux de la transition \u00e9nerg\u00e9tique. Il fournit des cl\u00e9s de lecture pour comprendre les politiques mises en place pour lutter contre le changement climatique, ma\u00eetriser la demande\u2026","rel":"","context":"Dans &quot;Climat&quot;","block_context":{"text":"Climat","link":"https:\/\/www.enviroscop.fr\/actu\/category\/climat\/"},"img":{"alt_text":"","src":"","width":0,"height":0},"classes":[]},{"id":1588,"url":"https:\/\/www.enviroscop.fr\/actu\/2013\/11\/chiffres-cles-du-climat-france-et-monde-edition-2014-ministere-du-developpement-durable\/","url_meta":{"origin":3509,"position":1},"title":"Chiffres cl\u00e9s du climat France et Monde &#8211; \u00c9dition 2014 &#8211; Minist\u00e8re du D\u00e9veloppement durable","author":"Enviroscop","date":"18 novembre 2013","format":false,"excerpt":"Dans la continuit\u00e9 des ann\u00e9es ant\u00e9rieures, l\u2019\u00e9dition 2014 des \u00ab\u00a0Chiffres cl\u00e9s du climat\u00a0\u00bb s\u2019inscrit dans le contexte de la 19e conf\u00e9rence des parties sur les changements climatiques COP19 qui se tient \u00e0 Varsovie du 11 au 22 novembre 2013. Cette derni\u00e8re version a \u00e9t\u00e9 revue par rapport \u00e0 l\u2019\u00e9dition 2013.\u2026","rel":"","context":"Dans &quot;Climat&quot;","block_context":{"text":"Climat","link":"https:\/\/www.enviroscop.fr\/actu\/category\/climat\/"},"img":{"alt_text":"","src":"https:\/\/i0.wp.com\/www.developpement-durable.gouv.fr\/IMG\/arton35310.jpg?resize=350%2C200","width":350,"height":200},"classes":[]},{"id":4352,"url":"https:\/\/www.enviroscop.fr\/actu\/2021\/07\/le-parlement-adopte-definitivement-le-projet-de-loi-climat-et-resilience\/","url_meta":{"origin":3509,"position":2},"title":"Le Parlement adopte d\u00e9finitivement le projet de loi Climat et R\u00e9silience","author":"Enviroscop","date":"23 juillet 2021","format":false,"excerpt":"Le Parlement a d\u00e9finitivement adopt\u00e9 ce 20 juillet le projet de loi Climat et R\u00e9silience, apr\u00e8s la commission mixte paritaire conclusive qui a abouti \u00e0 un texte de \"compromis\" entre d\u00e9put\u00e9s et s\u00e9nateurs dans la nuit du 12 juillet dernier. Fort de plus de 300 articles, ce texte constitue pour\u2026","rel":"","context":"Dans &quot;Agriculture&quot;","block_context":{"text":"Agriculture","link":"https:\/\/www.enviroscop.fr\/actu\/category\/activite\/agriculture\/"},"img":{"alt_text":"","src":"https:\/\/i0.wp.com\/www.enviroscop.fr\/actu\/wp-content\/uploads\/2013\/05\/17141_une.jpg?resize=350%2C200","width":350,"height":200},"classes":[]},{"id":4272,"url":"https:\/\/www.enviroscop.fr\/actu\/2021\/06\/chiffres-cles-du-climat-france-europe-et-monde-edition-2021\/","url_meta":{"origin":3509,"position":3},"title":"Chiffres cl\u00e9s du climat France, Europe et Monde, \u00c9DITION 2021","author":"Enviroscop","date":"3 juin 2021","format":false,"excerpt":"Cette nouvelle \u00e9dition des Chiffres cl\u00e9s du climat para\u00eet dans une fin d\u2019ann\u00e9e marqu\u00e9e par le cinqui\u00e8me anniversaire de l\u2019Accord de Paris sur le climat, et alors que le contexte sanitaire exceptionnel li\u00e9 \u00e0 la pand\u00e9mie de Covid-19 conduit \u00e0 un report d\u2019un an de la 26e\u00a0Conf\u00e9rence des parties sur\u2026","rel":"","context":"Dans &quot;Air&quot;","block_context":{"text":"Air","link":"https:\/\/www.enviroscop.fr\/actu\/category\/compartiments\/air\/"},"img":{"alt_text":"","src":"https:\/\/i0.wp.com\/www.enviroscop.fr\/actu\/wp-content\/uploads\/2021\/06\/Capture-decran-2021-06-03-085428.jpg?resize=350%2C200","width":350,"height":200},"classes":[]},{"id":3962,"url":"https:\/\/www.enviroscop.fr\/actu\/2020\/12\/conseils-de-defense-ecologique-des-27-novembre-et-08-decembre-2020\/","url_meta":{"origin":3509,"position":4},"title":"Conseils de d\u00e9fense \u00e9cologique des 27 novembre et 08 d\u00e9cembre 2020","author":"Enviroscop","date":"11 d\u00e9cembre 2020","format":false,"excerpt":"Le Conseil de d\u00e9fense \u00e9cologique s\u2019est r\u00e9uni \u00e0 deux reprises autour du Pr\u00e9sident de la R\u00e9publique. Lors du conseil du 27 novembre, le Haut Conseil pour le Climat a \u00e9t\u00e9 auditionn\u00e9 \u00e0 propos de ses derni\u00e8res publications. Quatre premi\u00e8res lettres de mission climat minist\u00e9rielles ont \u00e9t\u00e9 pr\u00e9sent\u00e9es lors de ce\u2026","rel":"","context":"Dans &quot;Climat&quot;","block_context":{"text":"Climat","link":"https:\/\/www.enviroscop.fr\/actu\/category\/climat\/"},"img":{"alt_text":"","src":"","width":0,"height":0},"classes":[]},{"id":2156,"url":"https:\/\/www.enviroscop.fr\/actu\/2014\/11\/la-conference-environnementale-2014-27-et-28-novembre-ministere-du-developpement-durable\/","url_meta":{"origin":3509,"position":5},"title":"La Conf\u00e9rence environnementale 2014 : 27 et 28 novembre &#8211; Minist\u00e8re du D\u00e9veloppement durable","author":"Enviroscop","date":"25 novembre 2014","format":false,"excerpt":"En la pla\u00e7ant sous le signe de la transition \u00e9nerg\u00e9tique et de la pr\u00e9paration de la Conf\u00e9rence Paris Climat 2015, S\u00e9gol\u00e8ne Royal, ministre de l\u2019Ecologie, du D\u00e9veloppement durable et de l\u2019Energie lance la Conf\u00e9rence Environnementale 2014 permettant de lancer les chantiers ambitieux pour faire de la France la nation de\u2026","rel":"","context":"Dans &quot;durable&quot;","block_context":{"text":"durable","link":"https:\/\/www.enviroscop.fr\/actu\/category\/durable\/"},"img":{"alt_text":"","src":"","width":0,"height":0},"classes":[]}],"jetpack_sharing_enabled":true,"_links":{"self":[{"href":"https:\/\/www.enviroscop.fr\/actu\/wp-json\/wp\/v2\/posts\/3509","targetHints":{"allow":["GET"]}}],"collection":[{"href":"https:\/\/www.enviroscop.fr\/actu\/wp-json\/wp\/v2\/posts"}],"about":[{"href":"https:\/\/www.enviroscop.fr\/actu\/wp-json\/wp\/v2\/types\/post"}],"author":[{"embeddable":true,"href":"https:\/\/www.enviroscop.fr\/actu\/wp-json\/wp\/v2\/users\/1"}],"replies":[{"embeddable":true,"href":"https:\/\/www.enviroscop.fr\/actu\/wp-json\/wp\/v2\/comments?post=3509"}],"version-history":[{"count":1,"href":"https:\/\/www.enviroscop.fr\/actu\/wp-json\/wp\/v2\/posts\/3509\/revisions"}],"predecessor-version":[{"id":3511,"href":"https:\/\/www.enviroscop.fr\/actu\/wp-json\/wp\/v2\/posts\/3509\/revisions\/3511"}],"wp:attachment":[{"href":"https:\/\/www.enviroscop.fr\/actu\/wp-json\/wp\/v2\/media?parent=3509"}],"wp:term":[{"taxonomy":"category","embeddable":true,"href":"https:\/\/www.enviroscop.fr\/actu\/wp-json\/wp\/v2\/categories?post=3509"},{"taxonomy":"post_tag","embeddable":true,"href":"https:\/\/www.enviroscop.fr\/actu\/wp-json\/wp\/v2\/tags?post=3509"}],"curies":[{"name":"wp","href":"https:\/\/api.w.org\/{rel}","templated":true}]}}