{"id":3536,"date":"2019-10-07T14:31:39","date_gmt":"2019-10-07T13:31:39","guid":{"rendered":"http:\/\/www.enviroscop.fr\/actu\/?p=3536"},"modified":"2019-10-07T14:32:58","modified_gmt":"2019-10-07T13:32:58","slug":"lable-haie","status":"publish","type":"post","link":"https:\/\/www.enviroscop.fr\/actu\/2019\/10\/lable-haie\/","title":{"rendered":"Label HAIE"},"content":{"rendered":"\n<figure class=\"wp-block-image\"><img data-recalc-dims=\"1\" height=\"221\" width=\"750\" decoding=\"async\" src=\"https:\/\/i0.wp.com\/afac-agroforesteries.fr\/wp-content\/uploads\/2019\/10\/Capture-d%E2%80%99%C3%A9cran-2019-09-19-%C3%A0-12.02.50-1024x302.png?resize=750%2C221&#038;ssl=1\" alt=\"\"\/><figcaption> Un label pour pr\u00e9server les haies<br><strong>La disparition annuelle de 11.500 km de haies en France est une cause directe de l\u2019effondrement de la biodiversit\u00e9 et de l\u2019amplification des catastrophes climatiques visibles sur nos territoires. Conscients de l\u2019importance de sauver leur bocage, des agriculteurs ont cr\u00e9\u00e9 un label pour encadrer les bonnes pratiques de gestion des haies et leur valorisation par des fili\u00e8res durables et locales :\u00a0<a href=\"https:\/\/afac-agroforesteries.fr\/une-labellisation-nationale\/\">le Label Haie<\/a>. Son lancement officiel a eu lieu le 4 octobre 2019, au Minist\u00e8re de la transition \u00e9cologique et solidaire.<\/strong> <br>Lire l&rsquo;article sur le <a href=\"https:\/\/afac-agroforesteries.fr\/label-haie-lancement-officiel-au-ministere-de-la-transition-ecologique-et-solidaire\/\" target=\"_blank\" rel=\"noreferrer noopener\" aria-label=\"site de l'Afac-agroforesterie (s\u2019ouvre dans un nouvel onglet)\">site de l&rsquo;Afac-agroforesterie<\/a><br><\/figcaption><\/figure>\n","protected":false},"excerpt":{"rendered":"","protected":false},"author":1,"featured_media":0,"comment_status":"open","ping_status":"open","sticky":false,"template":"","format":"standard","meta":{"jetpack_post_was_ever_published":false,"_jetpack_newsletter_access":"","_jetpack_dont_email_post_to_subs":false,"_jetpack_newsletter_tier_id":0,"_jetpack_memberships_contains_paywalled_content":false,"_jetpack_memberships_contains_paid_content":false,"footnotes":"","jetpack_publicize_message":"","jetpack_publicize_feature_enabled":true,"jetpack_social_post_already_shared":true,"jetpack_social_options":{"image_generator_settings":{"template":"highway","default_image_id":0,"font":"","enabled":false},"version":2}},"categories":[3,11,12,15,20,21,6,68,30,38,53],"tags":[],"class_list":["post-3536","post","type-post","status-publish","format-standard","hentry","category-agriculture","category-biodiversite","category-biomasse","category-climat","category-durable","category-eau","category-ecologie","category-france","category-guide","category-ministere","category-trames-verte-et-bleue","item-wrap"],"jetpack_publicize_connections":[],"jetpack_featured_media_url":"","jetpack_shortlink":"https:\/\/wp.me\/p3rXAp-V2","jetpack_likes_enabled":true,"jetpack-related-posts":[{"id":4063,"url":"https:\/\/www.enviroscop.fr\/actu\/2021\/01\/plantons-des-haies\/","url_meta":{"origin":3536,"position":0},"title":"\u00ab\u00a0Plantons des haies\u00a0\u00bb","author":"Enviroscop","date":"15 janvier 2021","format":false,"excerpt":"PROGRAMME PLANTONS DES HAIES De quoi s'agit-il ? Ce programme a pour objectif d\u2019aider les agriculteurs qui souhaitent favoriser la biodiversit\u00e9 autour de leurs cultures en reconstituant les haies bocag\u00e8res qui les entourent. Objectif : Planter 7000 km de haies sur 2021-2022. 2 volets : - un volet \u00ab investissement\u2026","rel":"","context":"Dans &quot;Agriculture&quot;","block_context":{"text":"Agriculture","link":"https:\/\/www.enviroscop.fr\/actu\/category\/activite\/agriculture\/"},"img":{"alt_text":"","src":"https:\/\/static.xx.fbcdn.net\/images\/emoji.php\/v9\/ta9\/3\/16\/1f333.png","width":350,"height":200},"classes":[]},{"id":3938,"url":"https:\/\/www.enviroscop.fr\/actu\/2020\/11\/pourquoi-comment-gerer-et-valoriser-les-haies-bocageres\/","url_meta":{"origin":3536,"position":1},"title":"Pourquoi\/comment g\u00e9rer et valoriser les haies bocag\u00e8res ?","author":"Enviroscop","date":"23 novembre 2020","format":false,"excerpt":"Vous vous int\u00e9ressez \u00e0 la gestion et \u00e0 la valorisation de vos haies bocag\u00e8res ou accompagnez des agriculteur.trices dans ce domaine\u00a0? D\u00e9couvrez le Pourquoi-Comment Bocage, r\u00e9alis\u00e9 par les CIVAM des Pays de la Loire\u00a0! A l\u2019int\u00e9rieur d\u2019un document qui explore le \u00ab Pourquoi ? \u00bb, en reprenant des informations sur\u2026","rel":"","context":"Dans &quot;Agriculture&quot;","block_context":{"text":"Agriculture","link":"https:\/\/www.enviroscop.fr\/actu\/category\/activite\/agriculture\/"},"img":{"alt_text":"","src":"https:\/\/i0.wp.com\/www.enviroscop.fr\/actu\/wp-content\/uploads\/2020\/11\/civam-212x300.png?resize=350%2C200","width":350,"height":200},"classes":[]},{"id":1373,"url":"https:\/\/www.enviroscop.fr\/actu\/2013\/08\/biodiversite-et-evolutions-des-pratiques-agricoles-recherches-et-analyses-pour-laction-publique-ministere-du-developpement-durable\/","url_meta":{"origin":3536,"position":2},"title":"Biodiversit\u00e9 et \u00e9volutions des pratiques agricoles &#8211; Recherches et analyses pour l\u2019action publique &#8211; Minist\u00e8re du D\u00e9veloppement durable","author":"Enviroscop","date":"27 ao\u00fbt 2013","format":false,"excerpt":"L\u2019intensification de l\u2019agriculture a acc\u00e9l\u00e9r\u00e9 le d\u00e9clin de nombreux habitats semi-naturels, ce qui a conduit \u00e0 un appauvrissement de la biodiversit\u00e9. Face \u00e0 ce constat, d\u00e8s les ann\u00e9es quatre-vingt-dix, les minist\u00e8res charg\u00e9s de l\u2019agriculture et de l\u2019environnement ont mis en place des politiques publiques de protection de la biodiversit\u00e9 sur\u2026","rel":"","context":"Dans &quot;Agriculture&quot;","block_context":{"text":"Agriculture","link":"https:\/\/www.enviroscop.fr\/actu\/category\/activite\/agriculture\/"},"img":{"alt_text":"","src":"https:\/\/i0.wp.com\/www.enviroscop.fr\/actu\/wp-content\/uploads\/2013\/08\/arton33790.jpg?resize=350%2C200","width":350,"height":200},"classes":[]},{"id":226,"url":"https:\/\/www.enviroscop.fr\/actu\/2011\/09\/nos-metiers-ont-leur-portail-dedie-sur-le-sit\/","url_meta":{"origin":3536,"position":3},"title":"Nos m??tiers ont leur portail d??di?? sur le site du Minist??re","author":"Enviroscop","date":"20 septembre 2011","format":false,"excerpt":"Le secteur des \"services ??cologiques\" repr??sente pr??s de 22 000 emplois en France et probablement pr??s de 40 000 l???horizon 2020 Ce nouveau portail metiers-biodiversite.fr a pour objectifs de pr??senter :- les m??tiers de la biodiversit?? ...","rel":"","context":"Dans &quot;biodiversit\u00e9&quot;","block_context":{"text":"biodiversit\u00e9","link":"https:\/\/www.enviroscop.fr\/actu\/category\/nature\/biodiversite\/"},"img":{"alt_text":"","src":"","width":0,"height":0},"classes":[]},{"id":2687,"url":"https:\/\/www.enviroscop.fr\/actu\/2016\/10\/consultation-publique-concernant-le-texte-dapplication-de-la-loi-biodiversite-projet-de-decret-relatif-aux-zones-prioritaires-pour-la-biodiversite\/","url_meta":{"origin":3536,"position":4},"title":"Consultation publique\u00a0concernant le texte d\u2019application de la loi biodiversit\u00e9 : projet de d\u00e9cret relatif aux zones prioritaires pour la biodiversit\u00e9","author":"Enviroscop","date":"27 octobre 2016","format":false,"excerpt":"Du 26\/10\/2016 au 19\/11\/2016, le Minist\u00e8re consulte l'avis du public sur ce texte concernant les esp\u00e8ces menac\u00e9es.\u00a0 Les menaces qui p\u00e8sent sur dces esp\u00e8ces peuvent conduire \u00e0 leur rar\u00e9faction voire \u00e0 leur extinction sur tout ou partie des territoires qui les h\u00e9bergent. L\u2019\u00e9tat de conservation de telles esp\u00e8ces est consid\u00e9r\u00e9\u2026","rel":"","context":"Dans &quot;biodiversit\u00e9&quot;","block_context":{"text":"biodiversit\u00e9","link":"https:\/\/www.enviroscop.fr\/actu\/category\/nature\/biodiversite\/"},"img":{"alt_text":"","src":"","width":0,"height":0},"classes":[]},{"id":4841,"url":"https:\/\/www.enviroscop.fr\/actu\/2022\/06\/un-appel-a-projets-sur-la-gestion-despeces-exotiques-envahissantes\/","url_meta":{"origin":3536,"position":5},"title":"Un appel \u00e0 projets sur la gestion d&rsquo;esp\u00e8ces exotiques envahissantes","author":"Enviroscop","date":"22 juin 2022","format":false,"excerpt":"Le minist\u00e8re de la Transition \u00e9cologique et de la Coh\u00e9sion des territoires vient de lancer un\u00a0appel \u00e0 projets\u00a0visant \u00e0 r\u00e9guler les populations d\u2019esp\u00e8ces exotiques envahissantes, qui constituent l\u2019une des principales menaces pour la biodiversit\u00e9. A ce jour pr\u00e8s de 120 esp\u00e8ces sont r\u00e9f\u00e9renc\u00e9es comme telles en m\u00e9tropole et plus de\u2026","rel":"","context":"Dans &quot;biodiversit\u00e9&quot;","block_context":{"text":"biodiversit\u00e9","link":"https:\/\/www.enviroscop.fr\/actu\/category\/nature\/biodiversite\/"},"img":{"alt_text":"","src":"","width":0,"height":0},"classes":[]}],"jetpack_sharing_enabled":true,"_links":{"self":[{"href":"https:\/\/www.enviroscop.fr\/actu\/wp-json\/wp\/v2\/posts\/3536","targetHints":{"allow":["GET"]}}],"collection":[{"href":"https:\/\/www.enviroscop.fr\/actu\/wp-json\/wp\/v2\/posts"}],"about":[{"href":"https:\/\/www.enviroscop.fr\/actu\/wp-json\/wp\/v2\/types\/post"}],"author":[{"embeddable":true,"href":"https:\/\/www.enviroscop.fr\/actu\/wp-json\/wp\/v2\/users\/1"}],"replies":[{"embeddable":true,"href":"https:\/\/www.enviroscop.fr\/actu\/wp-json\/wp\/v2\/comments?post=3536"}],"version-history":[{"count":2,"href":"https:\/\/www.enviroscop.fr\/actu\/wp-json\/wp\/v2\/posts\/3536\/revisions"}],"predecessor-version":[{"id":3538,"href":"https:\/\/www.enviroscop.fr\/actu\/wp-json\/wp\/v2\/posts\/3536\/revisions\/3538"}],"wp:attachment":[{"href":"https:\/\/www.enviroscop.fr\/actu\/wp-json\/wp\/v2\/media?parent=3536"}],"wp:term":[{"taxonomy":"category","embeddable":true,"href":"https:\/\/www.enviroscop.fr\/actu\/wp-json\/wp\/v2\/categories?post=3536"},{"taxonomy":"post_tag","embeddable":true,"href":"https:\/\/www.enviroscop.fr\/actu\/wp-json\/wp\/v2\/tags?post=3536"}],"curies":[{"name":"wp","href":"https:\/\/api.w.org\/{rel}","templated":true}]}}