{"id":3567,"date":"2019-12-20T09:02:59","date_gmt":"2019-12-20T08:02:59","guid":{"rendered":"http:\/\/www.enviroscop.fr\/actu\/?p=3567"},"modified":"2019-12-20T09:03:09","modified_gmt":"2019-12-20T08:03:09","slug":"preservation-et-la-remise-en-bon-etat-des-continuites-ecologiques","status":"publish","type":"post","link":"https:\/\/www.enviroscop.fr\/actu\/2019\/12\/preservation-et-la-remise-en-bon-etat-des-continuites-ecologiques\/","title":{"rendered":"Pr\u00e9servation et la remise en bon \u00e9tat des continuit\u00e9s \u00e9cologiques"},"content":{"rendered":"\n<p class=\"wp-block-paragraph\">Parution du d<strong>\u00e9cret n\u00b0 2019-1400 du\u00a017 d\u00e9cembre 2019\u00a0adaptant les orientations nationales pour la pr\u00e9servation et la remise en bon \u00e9tat des continuit\u00e9s \u00e9cologiques<\/strong>.<\/p>\n\n\n\n<p class=\"wp-block-paragraph\">Publics concern\u00e9s : Etat et \u00e9tablissements publics, collectivit\u00e9s territoriales et groupements, organismes du monde socioprofessionnel, associations de protection de la nature, scientifiques.<br>Objet : r\u00e9vision des orientations nationales pour la pr\u00e9servation et la remise en bon \u00e9tat des continuit\u00e9s \u00e9cologiques (dites \u00ab trame verte et bleue \u00bb) afin de prendre en compte les sch\u00e9mas r\u00e9gionaux d&rsquo;am\u00e9nagement, de d\u00e9veloppement durable et d&rsquo;\u00e9galit\u00e9 des territoires.<br>Entr\u00e9e en vigueur : le texte entre en vigueur le lendemain de sa publication. <\/p>\n\n\n\n<p class=\"wp-block-paragraph\">L&rsquo;int\u00e9gralit\u00e9 du d\u00e9cret peut \u00eatre<a href=\"https:\/\/www.legifrance.gouv.fr\/affichTexte.do?cidTexte=JORFTEXT000039645239&amp;dateTexte=&amp;categorieLien=id\" target=\"_blank\" rel=\"noreferrer noopener\" aria-label=\" lue sur Legifrance (s\u2019ouvre dans un nouvel onglet)\"> lue sur Legifrance<\/a><\/p>\n","protected":false},"excerpt":{"rendered":"<p>Parution du d\u00e9cret n\u00b0 2019-1400 du\u00a017 d\u00e9cembre 2019\u00a0adaptant les orientations nationales pour la pr\u00e9servation et la remise en bon \u00e9tat des continuit\u00e9s \u00e9cologiques. Publics concern\u00e9s : Etat et \u00e9tablissements publics, collectivit\u00e9s territoriales et groupements, organismes du monde socioprofessionnel, associations de protection de la nature, scientifiques.Objet : r\u00e9vision des orientations nationales pour la pr\u00e9servation et la &hellip; <\/p>\n<p><a class=\"more-link btn\" href=\"https:\/\/www.enviroscop.fr\/actu\/2019\/12\/preservation-et-la-remise-en-bon-etat-des-continuites-ecologiques\/\">Lire la suite<\/a><\/p>\n","protected":false},"author":1,"featured_media":0,"comment_status":"open","ping_status":"open","sticky":false,"template":"","format":"standard","meta":{"_acf_changed":false,"footnotes":""},"categories":[11,6,35,53],"tags":[],"class_list":["post-3567","post","type-post","status-publish","format-standard","hentry","category-biodiversite","category-ecologie","category-juridique","category-trames-verte-et-bleue","item-wrap"],"acf":[],"_links":{"self":[{"href":"https:\/\/www.enviroscop.fr\/actu\/wp-json\/wp\/v2\/posts\/3567","targetHints":{"allow":["GET"]}}],"collection":[{"href":"https:\/\/www.enviroscop.fr\/actu\/wp-json\/wp\/v2\/posts"}],"about":[{"href":"https:\/\/www.enviroscop.fr\/actu\/wp-json\/wp\/v2\/types\/post"}],"author":[{"embeddable":true,"href":"https:\/\/www.enviroscop.fr\/actu\/wp-json\/wp\/v2\/users\/1"}],"replies":[{"embeddable":true,"href":"https:\/\/www.enviroscop.fr\/actu\/wp-json\/wp\/v2\/comments?post=3567"}],"version-history":[{"count":1,"href":"https:\/\/www.enviroscop.fr\/actu\/wp-json\/wp\/v2\/posts\/3567\/revisions"}],"predecessor-version":[{"id":3568,"href":"https:\/\/www.enviroscop.fr\/actu\/wp-json\/wp\/v2\/posts\/3567\/revisions\/3568"}],"wp:attachment":[{"href":"https:\/\/www.enviroscop.fr\/actu\/wp-json\/wp\/v2\/media?parent=3567"}],"wp:term":[{"taxonomy":"category","embeddable":true,"href":"https:\/\/www.enviroscop.fr\/actu\/wp-json\/wp\/v2\/categories?post=3567"},{"taxonomy":"post_tag","embeddable":true,"href":"https:\/\/www.enviroscop.fr\/actu\/wp-json\/wp\/v2\/tags?post=3567"}],"curies":[{"name":"wp","href":"https:\/\/api.w.org\/{rel}","templated":true}]}}