{"id":3644,"date":"2020-03-03T15:23:49","date_gmt":"2020-03-03T14:23:49","guid":{"rendered":"http:\/\/www.enviroscop.fr\/actu\/?p=3644"},"modified":"2020-03-03T15:23:57","modified_gmt":"2020-03-03T14:23:57","slug":"deux-nouvelles-rejouissantes","status":"publish","type":"post","link":"https:\/\/www.enviroscop.fr\/actu\/2020\/03\/deux-nouvelles-rejouissantes\/","title":{"rendered":"Deux nouvelles r\u00e9jouissantes"},"content":{"rendered":"\n<p>Pour f\u00eater notre 1000e article (premi\u00e8re nouvelle), quoi de mieux que de vous annoncer qu&rsquo;Enviroscop est depuis peu partenaire (et m\u00eame souscripteur) de CINERGIE (deuxi\u00e8me bonne nouvelle, donc).<\/p>\n\n\n\n<div class=\"wp-block-image\"><figure class=\"alignleft\"><img data-recalc-dims=\"1\" decoding=\"async\" src=\"https:\/\/i0.wp.com\/cinergie.fr\/wp-content\/uploads\/2020\/02\/cropped-Logo_SAS_CItoyens_Normands_de_l%C3%A9nERGIE_petit-1.png?w=750&#038;ssl=1\" alt=\"SAS CItoyens Normands de l'enERGIE\"\/><\/figure><\/div>\n\n\n\n<p><strong>Qu&rsquo;est-ce que CINERGIE ?<\/strong><\/p>\n\n\n\n<p>CINERGIE est issue de l&rsquo;association de soci\u00e9taires d\u2019Enercoop Normandie, fournisseur d\u2019\u00e9lectricit\u00e9 d\u2019origine 100% renouvelable,  qui souhaitaient aller plus loin et s&rsquo;engager davantage en agissant aux deux bouts de la cha\u00eene en tant que consommateur.trice bien s\u00fbr, mais aussi et surtout en produisant de l\u2019\u00e9lectricit\u00e9 d\u2019origine 100% renouvelable. <\/p>\n\n\n\n<p>Pourquoi produire de l\u2019\u00e9lectricit\u00e9 d\u2019origine 100% renouvelable ?<\/p>\n\n\n\n<ul class=\"wp-block-list\"><li> car, le mix \u00e9nerg\u00e9tique fran\u00e7ais est trop d\u00e9pendant des \u00e9nergies fossiles et nucl\u00e9aires. <\/li><li>car la part des \u00e9nergies renouvelables dans le mix \u00e9nerg\u00e9tique fran\u00e7ais doit rapidement progresser. <\/li><\/ul>\n\n\n\n<p>Pour produire, il faut investir.<\/p>\n\n\n\n<p>Cinergie se propose de le faire par financement citoyen en mutualisant les co\u00fbts et en capitalisant les b\u00e9n\u00e9fices issus de la revente de l\u2019\u00e9lectricit\u00e9 produite.<\/p>\n\n\n\n<p>Vous pourrez trouver toutes les informations sur CINERGIE sur :  <a href=\"https:\/\/cinergie.fr\/\">https:\/\/cinergie.fr\/<\/a>  <\/p>\n\n\n\n<p><a href=\"https:\/\/www.facebook.com\/cinergienormandie\/\">https:\/\/www.facebook.com\/cinergienormandie\/<\/a> <\/p>\n","protected":false},"excerpt":{"rendered":"<p>Pour f\u00eater notre 1000e article (premi\u00e8re nouvelle), quoi de mieux que de vous annoncer qu&rsquo;Enviroscop est depuis peu partenaire (et m\u00eame souscripteur) de CINERGIE (deuxi\u00e8me bonne nouvelle, donc). Qu&rsquo;est-ce que CINERGIE ? CINERGIE est issue de l&rsquo;association de soci\u00e9taires d\u2019Enercoop Normandie, fournisseur d\u2019\u00e9lectricit\u00e9 d\u2019origine 100% renouvelable, qui souhaitaient aller plus loin et s&rsquo;engager davantage en &hellip; <\/p>\n<p><a class=\"more-link btn\" href=\"https:\/\/www.enviroscop.fr\/actu\/2020\/03\/deux-nouvelles-rejouissantes\/\">Lire la suite<\/a><\/p>\n","protected":false},"author":1,"featured_media":0,"comment_status":"open","ping_status":"open","sticky":false,"template":"","format":"standard","meta":{"jetpack_post_was_ever_published":false,"_jetpack_newsletter_access":"","_jetpack_dont_email_post_to_subs":false,"_jetpack_newsletter_tier_id":0,"_jetpack_memberships_contains_paywalled_content":false,"_jetpack_memberships_contains_paid_content":false,"footnotes":"","jetpack_publicize_message":"","jetpack_publicize_feature_enabled":true,"jetpack_social_post_already_shared":true,"jetpack_social_options":{"image_generator_settings":{"template":"highway","default_image_id":0,"font":"","enabled":false},"version":2}},"categories":[119,84,22,7,92,1,25,42,48],"tags":[],"class_list":["post-3644","post","type-post","status-publish","format-standard","hentry","category-citoyen","category-cooperative","category-economie","category-energie","category-entreprise","category-non-classe","category-enviroscop","category-pedagogie","category-scop","item-wrap"],"jetpack_publicize_connections":[],"jetpack_featured_media_url":"","jetpack_shortlink":"https:\/\/wp.me\/p3rXAp-WM","jetpack_likes_enabled":true,"jetpack-related-posts":[{"id":4187,"url":"https:\/\/www.enviroscop.fr\/actu\/2021\/04\/eoliennes-en-mer-en-france\/","url_meta":{"origin":3644,"position":0},"title":"Eoliennes en mer en France","author":"Enviroscop","date":"30 avril 2021","format":false,"excerpt":"L'\u00e9olien en mer a maintenant son site ! L\u2019\u00e9olien en mer est une \u00e9nergie renouvelable qui doit permettre \u00e0 la France d\u2019atteindre ses objectifs en mati\u00e8re de transition \u00e9cologique, notamment en produisant 40% d\u2019\u00e9lectricit\u00e9 d\u2019origine renouvelable d\u2019ici 2030. Cette \u00e9nergie participe \u00e9galement \u00e0 la diversification du mix \u00e9nerg\u00e9tique et contribue\u2026","rel":"","context":"Dans &quot;Energie&quot;","block_context":{"text":"Energie","link":"https:\/\/www.enviroscop.fr\/actu\/category\/energie\/"},"img":{"alt_text":"","src":"https:\/\/i0.wp.com\/www.enviroscop.fr\/actu\/wp-content\/uploads\/2021\/04\/Capture-decran-2021-04-30-090921.jpg?resize=350%2C200","width":350,"height":200,"srcset":"https:\/\/i0.wp.com\/www.enviroscop.fr\/actu\/wp-content\/uploads\/2021\/04\/Capture-decran-2021-04-30-090921.jpg?resize=350%2C200 1x, https:\/\/i0.wp.com\/www.enviroscop.fr\/actu\/wp-content\/uploads\/2021\/04\/Capture-decran-2021-04-30-090921.jpg?resize=525%2C300 1.5x, https:\/\/i0.wp.com\/www.enviroscop.fr\/actu\/wp-content\/uploads\/2021\/04\/Capture-decran-2021-04-30-090921.jpg?resize=700%2C400 2x, https:\/\/i0.wp.com\/www.enviroscop.fr\/actu\/wp-content\/uploads\/2021\/04\/Capture-decran-2021-04-30-090921.jpg?resize=1050%2C600 3x, https:\/\/i0.wp.com\/www.enviroscop.fr\/actu\/wp-content\/uploads\/2021\/04\/Capture-decran-2021-04-30-090921.jpg?resize=1400%2C800 4x"},"classes":[]},{"id":2094,"url":"https:\/\/www.enviroscop.fr\/actu\/2014\/10\/conjoncture-energetique-aout-2014-publications-chiffres-statistiques-2014-observation-et-statistiques\/","url_meta":{"origin":3644,"position":1},"title":"Conjoncture \u00e9nerg\u00e9tique &#8211; Ao\u00fbt 2014 [Publications, Chiffres &#038; statistiques, 2014]\u00a0:\u00a0Observation et statistiques","author":"Enviroscop","date":"13 octobre 2014","format":false,"excerpt":"Conjoncture \u00e9nerg\u00e9tique - Ao\u00fbt 2014 Chiffres & statistiques n\u00b0565 - octobre 2014 Mesur\u00e9e en glissement sur douze mois, la production d\u2019\u00e9nergie primaire du mois d\u2019ao\u00fbt 2014 poursuit sa progression pour le troisi\u00e8me mois cons\u00e9cutif, \u00e0 un rythme comparable \u00e0 celui du mois de juin : + 4,1 % par rapport\u2026","rel":"","context":"Dans &quot;Energie&quot;","block_context":{"text":"Energie","link":"https:\/\/www.enviroscop.fr\/actu\/category\/energie\/"},"img":{"alt_text":"","src":"https:\/\/i0.wp.com\/www.statistiques.developpement-durable.gouv.fr\/uploads\/pics\/cs565.jpg?resize=350%2C200","width":350,"height":200},"classes":[]},{"id":2553,"url":"https:\/\/www.enviroscop.fr\/actu\/2016\/02\/bilan-electrique-national-edition-2015\/","url_meta":{"origin":3644,"position":2},"title":"Bilan \u00e9lectrique national, \u00e9dition 2015","author":"Enviroscop","date":"5 f\u00e9vrier 2016","format":false,"excerpt":"Le parc de production d\u2019\u00e9lectricit\u00e9 renouvelable poursuit sa croissance. Il d\u00e9passe d\u00e9sormais 10 000 MW pour l\u2019\u00e9olien et 6 000 MW pour le solaire. La production renouvelable d\u2019origine \u00e9olienne repr\u00e9sente environ 4,5 % de la consommation nationale, celle d\u2019origine solaire 1,6 %. Avec l\u2019hydraulique, l\u2019ensemble des \u00e9nergies renouvelables couvrent 18,7\u2026","rel":"","context":"Dans &quot;Energie&quot;","block_context":{"text":"Energie","link":"https:\/\/www.enviroscop.fr\/actu\/category\/energie\/"},"img":{"alt_text":"","src":"","width":0,"height":0},"classes":[]},{"id":3735,"url":"https:\/\/www.enviroscop.fr\/actu\/2020\/05\/gaz-renouvelable-depassement-du-twh-injecte-dans-le-reseau-francais-en-2019\/","url_meta":{"origin":3644,"position":3},"title":"Gaz renouvelable : d\u00e9passement du TWh inject\u00e9 dans le r\u00e9seau fran\u00e7ais en 2019","author":"Enviroscop","date":"18 mai 2020","format":false,"excerpt":"La 5\u00e8me \u00e9dition du \u00ab Panorama du gaz renouvelable \u00bb nous r\u00e9v\u00e8le que l\u2019injection de gaz renouvelable dans le r\u00e9seau fran\u00e7ais a d\u00e9pass\u00e9 le cap symbolique du TWh l\u2019an dernier, soit 1,2 TWh contre 0,71 TWh fin 2018.La dynamique actuelle r\u00e9sulte de l\u2019investissement et de la collaboration de l\u2019ensemble des\u2026","rel":"","context":"Dans &quot;ADEME&quot;","block_context":{"text":"ADEME","link":"https:\/\/www.enviroscop.fr\/actu\/category\/source\/ademe\/"},"img":{"alt_text":"","src":"https:\/\/i0.wp.com\/www.enviroscop.fr\/actu\/wp-content\/uploads\/2020\/05\/image.png?resize=350%2C200&ssl=1","width":350,"height":200,"srcset":"https:\/\/i0.wp.com\/www.enviroscop.fr\/actu\/wp-content\/uploads\/2020\/05\/image.png?resize=350%2C200&ssl=1 1x, https:\/\/i0.wp.com\/www.enviroscop.fr\/actu\/wp-content\/uploads\/2020\/05\/image.png?resize=525%2C300&ssl=1 1.5x"},"classes":[]},{"id":5033,"url":"https:\/\/www.enviroscop.fr\/actu\/2022\/10\/eolien-en-mer-la-cre-lance-la-phase-de-selection-des-candidatures-concernant-les-projets-offshore-au-large-de-la-normandie-et-au-large-de-lile-doleron\/","url_meta":{"origin":3644,"position":4},"title":"Eolien en mer : la CRE lance la phase de s\u00e9lection des candidatures concernant les projets offshore au large de la Normandie et au large de l&rsquo;\u00eele d&rsquo;Ol\u00e9ron","author":"Enviroscop","date":"27 octobre 2022","format":false,"excerpt":"Les deux projets offshore concern\u00e9s sont situ\u00e9s : au large de la Normandie, au large de l\u2019\u00eele d\u2019Ol\u00e9ron. N.B. :\u00a0 la date limite de candidature est fix\u00e9e au 23 d\u00e9cembre 2022 \u00e0 12h. \u00a0 \u00a0","rel":"","context":"Dans &quot;Am\u00e9nagement&quot;","block_context":{"text":"Am\u00e9nagement","link":"https:\/\/www.enviroscop.fr\/actu\/category\/amenagement\/"},"img":{"alt_text":"","src":"https:\/\/i0.wp.com\/www.enviroscop.fr\/actu\/wp-content\/uploads\/2019\/09\/image.jpeg?resize=350%2C200","width":350,"height":200},"classes":[]},{"id":58,"url":"https:\/\/www.enviroscop.fr\/actu\/2011\/05\/photovoltaique-un-guide-pour-accompagner-la-r\/","url_meta":{"origin":3644,"position":5},"title":"Photovolta??que : un guide pour accompagner la r??alisation des ??tudes d???impact","author":"Enviroscop","date":"10 mai 2011","format":false,"excerpt":"Les installations photovolta??ques au sol contribuent l???atteinte des objectifs de la France en mati??re d?????nergies renouvelables, qui visent 23% de la consommation finale d?????nergie d???origine renouvelable l???horizon 2020. Le d??vel...","rel":"","context":"Dans &quot;Photovolta\u00efque&quot;","block_context":{"text":"Photovolta\u00efque","link":"https:\/\/www.enviroscop.fr\/actu\/category\/energie\/renouvelable\/photovoltaique\/"},"img":{"alt_text":"","src":"","width":0,"height":0},"classes":[]}],"jetpack_sharing_enabled":true,"_links":{"self":[{"href":"https:\/\/www.enviroscop.fr\/actu\/wp-json\/wp\/v2\/posts\/3644","targetHints":{"allow":["GET"]}}],"collection":[{"href":"https:\/\/www.enviroscop.fr\/actu\/wp-json\/wp\/v2\/posts"}],"about":[{"href":"https:\/\/www.enviroscop.fr\/actu\/wp-json\/wp\/v2\/types\/post"}],"author":[{"embeddable":true,"href":"https:\/\/www.enviroscop.fr\/actu\/wp-json\/wp\/v2\/users\/1"}],"replies":[{"embeddable":true,"href":"https:\/\/www.enviroscop.fr\/actu\/wp-json\/wp\/v2\/comments?post=3644"}],"version-history":[{"count":1,"href":"https:\/\/www.enviroscop.fr\/actu\/wp-json\/wp\/v2\/posts\/3644\/revisions"}],"predecessor-version":[{"id":3645,"href":"https:\/\/www.enviroscop.fr\/actu\/wp-json\/wp\/v2\/posts\/3644\/revisions\/3645"}],"wp:attachment":[{"href":"https:\/\/www.enviroscop.fr\/actu\/wp-json\/wp\/v2\/media?parent=3644"}],"wp:term":[{"taxonomy":"category","embeddable":true,"href":"https:\/\/www.enviroscop.fr\/actu\/wp-json\/wp\/v2\/categories?post=3644"},{"taxonomy":"post_tag","embeddable":true,"href":"https:\/\/www.enviroscop.fr\/actu\/wp-json\/wp\/v2\/tags?post=3644"}],"curies":[{"name":"wp","href":"https:\/\/api.w.org\/{rel}","templated":true}]}}