{"id":3682,"date":"2020-04-03T12:52:51","date_gmt":"2020-04-03T11:52:51","guid":{"rendered":"http:\/\/www.enviroscop.fr\/actu\/?p=3682"},"modified":"2020-04-03T12:52:57","modified_gmt":"2020-04-03T11:52:57","slug":"schemas-regionaux-de-raccordement-au-reseau-des-energies-renouvelables","status":"publish","type":"post","link":"https:\/\/www.enviroscop.fr\/actu\/2020\/04\/schemas-regionaux-de-raccordement-au-reseau-des-energies-renouvelables\/","title":{"rendered":"Sch\u00e9mas r\u00e9gionaux de raccordement au r\u00e9seau des \u00e9nergies renouvelables"},"content":{"rendered":"\n<div class=\"wp-block-image\"><figure class=\"alignleft is-resized\"><img data-recalc-dims=\"1\" loading=\"lazy\" decoding=\"async\" src=\"https:\/\/i0.wp.com\/www.enviroscop.fr\/actu\/wp-content\/uploads\/2013\/05\/17141_une.jpg?resize=193%2C99&#038;ssl=1\" alt=\"L\u2019attribut alt de cette image est vide, son nom de fichier est 17141_une.jpg.\" width=\"193\" height=\"99\"\/><\/figure><\/div>\n\n\n\n<p class=\"wp-block-paragraph\"><strong>D\u00e9cret n\u00b0 2020-382 du\u00a031 mars 2020\u00a0portant modification de la partie r\u00e9glementaire du code de l&rsquo;\u00e9nergie relative aux sch\u00e9mas r\u00e9gionaux de raccordement au r\u00e9seau des \u00e9nergies renouvelables<\/strong>.<\/p>\n\n\n\n<p class=\"wp-block-paragraph\">Le pr\u00e9fet de r\u00e9gion fixe d\u00e9sormais la capacit\u00e9 globale du sch\u00e9ma, qui est \u00e9labor\u00e9 par RTE en accord avec les gestionnaires de r\u00e9seaux, avant d&rsquo;approuver le montant de la quote-part. Le texte clarifie aussi sans les modifier les d\u00e9finitions des diff\u00e9rents p\u00e9rim\u00e8tres d&rsquo;application du sch\u00e9ma et de mutualisation des co\u00fbts, qui ont donn\u00e9 lieu \u00e0 des contentieux r\u00e9p\u00e9t\u00e9s. Certaines dispositions permettent en outre au gestionnaire de r\u00e9seau d&rsquo;anticiper le sch\u00e9ma suivant en engageant en amont des \u00e9tudes ou des proc\u00e9dures, dont les co\u00fbts seront report\u00e9s sur le sch\u00e9ma auquel ils correspondent. Le texte modifie enfin les articles D. 321-10 et D. 342-22 afin de tenir compte du fait que les installations de faible puissance sont d\u00e9sormais inscrites dans le sch\u00e9ma, ce qui facilite la gestion des capacit\u00e9s. Enfin, le seuil de paiement de la quote-part est port\u00e9 \u00e0 250 kVA.<br><br>Le d\u00e9cret sur <a href=\"https:\/\/www.legifrance.gouv.fr\/affichTexte.do?cidTexte=JORFTEXT000041776677&amp;categorieLien=id\" target=\"_blank\" rel=\"noreferrer noopener\">L\u00e9gifrance, c&rsquo;est ICI<\/a><\/p>\n","protected":false},"excerpt":{"rendered":"<p>D\u00e9cret n\u00b0 2020-382 du\u00a031 mars 2020\u00a0portant modification de la partie r\u00e9glementaire du code de l&rsquo;\u00e9nergie relative aux sch\u00e9mas r\u00e9gionaux de raccordement au r\u00e9seau des \u00e9nergies renouvelables. Le pr\u00e9fet de r\u00e9gion fixe d\u00e9sormais la capacit\u00e9 globale du sch\u00e9ma, qui est \u00e9labor\u00e9 par RTE en accord avec les gestionnaires de r\u00e9seaux, avant d&rsquo;approuver le montant de la &hellip; <\/p>\n<p><a class=\"more-link btn\" href=\"https:\/\/www.enviroscop.fr\/actu\/2020\/04\/schemas-regionaux-de-raccordement-au-reseau-des-energies-renouvelables\/\">Lire la suite<\/a><\/p>\n","protected":false},"author":1,"featured_media":0,"comment_status":"open","ping_status":"open","sticky":false,"template":"","format":"standard","meta":{"_acf_changed":false,"footnotes":""},"categories":[7,35],"tags":[],"class_list":["post-3682","post","type-post","status-publish","format-standard","hentry","category-energie","category-juridique","item-wrap"],"acf":[],"_links":{"self":[{"href":"https:\/\/www.enviroscop.fr\/actu\/wp-json\/wp\/v2\/posts\/3682","targetHints":{"allow":["GET"]}}],"collection":[{"href":"https:\/\/www.enviroscop.fr\/actu\/wp-json\/wp\/v2\/posts"}],"about":[{"href":"https:\/\/www.enviroscop.fr\/actu\/wp-json\/wp\/v2\/types\/post"}],"author":[{"embeddable":true,"href":"https:\/\/www.enviroscop.fr\/actu\/wp-json\/wp\/v2\/users\/1"}],"replies":[{"embeddable":true,"href":"https:\/\/www.enviroscop.fr\/actu\/wp-json\/wp\/v2\/comments?post=3682"}],"version-history":[{"count":1,"href":"https:\/\/www.enviroscop.fr\/actu\/wp-json\/wp\/v2\/posts\/3682\/revisions"}],"predecessor-version":[{"id":3683,"href":"https:\/\/www.enviroscop.fr\/actu\/wp-json\/wp\/v2\/posts\/3682\/revisions\/3683"}],"wp:attachment":[{"href":"https:\/\/www.enviroscop.fr\/actu\/wp-json\/wp\/v2\/media?parent=3682"}],"wp:term":[{"taxonomy":"category","embeddable":true,"href":"https:\/\/www.enviroscop.fr\/actu\/wp-json\/wp\/v2\/categories?post=3682"},{"taxonomy":"post_tag","embeddable":true,"href":"https:\/\/www.enviroscop.fr\/actu\/wp-json\/wp\/v2\/tags?post=3682"}],"curies":[{"name":"wp","href":"https:\/\/api.w.org\/{rel}","templated":true}]}}