{"id":3698,"date":"2020-04-08T11:13:51","date_gmt":"2020-04-08T10:13:51","guid":{"rendered":"http:\/\/www.enviroscop.fr\/actu\/?p=3698"},"modified":"2020-04-08T11:13:59","modified_gmt":"2020-04-08T10:13:59","slug":"cetait-il-y-a-dix-ans","status":"publish","type":"post","link":"https:\/\/www.enviroscop.fr\/actu\/2020\/04\/cetait-il-y-a-dix-ans\/","title":{"rendered":"C&rsquo;\u00e9tait il y a dix ans !"},"content":{"rendered":"\n<p>En Avril 2009, nous refondions totalement notre site (statique) pour en faire un blog dynamique.<br>Et le premier article paru nous parlait d&rsquo;\u00e9olien. Vous pouvez, si vous \u00eates nostalgique, le <a href=\"https:\/\/www.enviroscop.fr\/actu\/2010\/04\/le-parc-olien-franais-gagne-en-puissance\/\" target=\"_blank\" rel=\"noreferrer noopener\">relire ICI<\/a>.<\/p>\n\n\n\n<p>Sinon, vous trouverez ci-apr\u00e8s sa mise \u00e0 jour. Bonne lecture !<\/p>\n\n\n\n<!--more-->\n\n\n\n<p>Le parc \u00e9olien fran\u00e7ais continue de s&rsquo;\u00e9tendre sur le territoire. D&rsquo;apr\u00e8s les donn\u00e9es publi\u00e9es par le Syndicat des \u00e9nergies renouvelables (Ser), la puissance \u00e9olienne raccord\u00e9e au r\u00e9seau \u00e9tait de pr\u00e8s de 4 523 MW en France m\u00e9tropolitaine \u00e0 fin 2009. Elle est de 15 352 MW \u00e0 fin 2019.<br>Le taux de progression a donc plus que doubl\u00e9.<br><\/p>\n\n\n\n<p>Si la progression annuelle en pourcentage tend \u00e0 diminuer (+30% sur 2008-2009, et seulement 9% entre 2018 et 2019), la puissance install\u00e9e passe de 1246 MW \u00e0 1361 MW dans un environnement beaucoup plus contraint (saturation des paysages, \u00e9volution des demandes r\u00e9glementaires&#8230;).<\/p>\n\n\n\n<div class=\"wp-block-image\"><figure class=\"alignleft is-resized\"><img data-recalc-dims=\"1\" loading=\"lazy\" decoding=\"async\" src=\"https:\/\/i0.wp.com\/www.enviroscop.fr\/actu\/wp-content\/uploads\/2020\/04\/image-2.png?resize=320%2C332&#038;ssl=1\" alt=\"L\u2019attribut alt de cette image est vide, son nom de fichier est image-2.png.\" width=\"320\" height=\"332\"\/><figcaption>Source : FEE, 2020<\/figcaption><\/figure><\/div>\n\n\n\n<p>Avec les \u00e9volutions techniques, cette progression, quasi-constante en termes de puissances, a vu le nombre de m\u00e2ts install\u00e9s chuter drastiquement. En effet, sur les derni\u00e8res ann\u00e9es, si la taille des \u00e9oliennes \u00e0 progress\u00e9 de 17 %, la puissance a doubl\u00e9 !<\/p>\n\n\n\n<p><\/p>\n\n\n\n<p>La puissance install\u00e9e continue donc d&rsquo;augmenter r\u00e9guli\u00e8rement, avec une meilleur int\u00e9gration paysag\u00e8re.<\/p>\n\n\n\n<figure class=\"wp-block-image size-large is-resized\"><img loading=\"lazy\" decoding=\"async\" data-attachment-id=\"3699\" data-permalink=\"https:\/\/www.enviroscop.fr\/actu\/2020\/04\/cetait-il-y-a-dix-ans\/image-1-2\/\" data-orig-file=\"https:\/\/i0.wp.com\/www.enviroscop.fr\/actu\/wp-content\/uploads\/2020\/04\/image-1.png?fit=1307%2C423&amp;ssl=1\" data-orig-size=\"1307,423\" data-comments-opened=\"1\" data-image-meta=\"{&quot;aperture&quot;:&quot;0&quot;,&quot;credit&quot;:&quot;&quot;,&quot;camera&quot;:&quot;&quot;,&quot;caption&quot;:&quot;&quot;,&quot;created_timestamp&quot;:&quot;0&quot;,&quot;copyright&quot;:&quot;&quot;,&quot;focal_length&quot;:&quot;0&quot;,&quot;iso&quot;:&quot;0&quot;,&quot;shutter_speed&quot;:&quot;0&quot;,&quot;title&quot;:&quot;&quot;,&quot;orientation&quot;:&quot;0&quot;}\" data-image-title=\"image-1\" data-image-description=\"\" data-image-caption=\"\" data-large-file=\"https:\/\/i0.wp.com\/www.enviroscop.fr\/actu\/wp-content\/uploads\/2020\/04\/image-1.png?fit=750%2C242&amp;ssl=1\" src=\"https:\/\/i1.wp.com\/www.enviroscop.fr\/actu\/wp-content\/uploads\/2020\/04\/image-1.png?fit=750%2C242\" alt=\"\" class=\"wp-image-3699\" width=\"623\" height=\"201\" srcset=\"https:\/\/i0.wp.com\/www.enviroscop.fr\/actu\/wp-content\/uploads\/2020\/04\/image-1.png?w=1307&amp;ssl=1 1307w, https:\/\/i0.wp.com\/www.enviroscop.fr\/actu\/wp-content\/uploads\/2020\/04\/image-1.png?resize=300%2C97&amp;ssl=1 300w, https:\/\/i0.wp.com\/www.enviroscop.fr\/actu\/wp-content\/uploads\/2020\/04\/image-1.png?resize=1024%2C331&amp;ssl=1 1024w, https:\/\/i0.wp.com\/www.enviroscop.fr\/actu\/wp-content\/uploads\/2020\/04\/image-1.png?resize=768%2C249&amp;ssl=1 768w\" sizes=\"auto, (max-width: 623px) 100vw, 623px\" \/><figcaption>Source : SER, 2020<\/figcaption><\/figure>\n\n\n\n<p><strong>Disparit\u00e9s r\u00e9gionales<\/strong><br>L\u00e0 encore, le paysage \u00e9olien a beaucoup chang\u00e9 en 10 ans. Si, en 2009 c&rsquo;\u00e9tait en Bretagne que l&rsquo;on trouvait le plus d&rsquo;\u00e9oliennes (62 parcs, pour 314 \u00e9oliennes au total), alors que la Picardie poss\u00e9dait la plus grande puissance install\u00e9e (633,3 MW pour 292 \u00e9oliennes) devant le Centre (481,4 MW) puis la Bretagne (432 MW) et la Champagne-Ardenne (355,3 MW), les r\u00e9gions ont aujourd&rsquo;hui chang\u00e9 (et pas seulement en termes de limites territoriales !).<\/p>\n\n\n\n<figure class=\"wp-block-image size-large\"><img data-recalc-dims=\"1\" loading=\"lazy\" decoding=\"async\" width=\"544\" height=\"526\" data-attachment-id=\"3701\" data-permalink=\"https:\/\/www.enviroscop.fr\/actu\/2020\/04\/cetait-il-y-a-dix-ans\/image-3-2\/\" data-orig-file=\"https:\/\/i0.wp.com\/www.enviroscop.fr\/actu\/wp-content\/uploads\/2020\/04\/image-3.png?fit=544%2C526&amp;ssl=1\" data-orig-size=\"544,526\" data-comments-opened=\"1\" data-image-meta=\"{&quot;aperture&quot;:&quot;0&quot;,&quot;credit&quot;:&quot;&quot;,&quot;camera&quot;:&quot;&quot;,&quot;caption&quot;:&quot;&quot;,&quot;created_timestamp&quot;:&quot;0&quot;,&quot;copyright&quot;:&quot;&quot;,&quot;focal_length&quot;:&quot;0&quot;,&quot;iso&quot;:&quot;0&quot;,&quot;shutter_speed&quot;:&quot;0&quot;,&quot;title&quot;:&quot;&quot;,&quot;orientation&quot;:&quot;0&quot;}\" data-image-title=\"image-3\" data-image-description=\"\" data-image-caption=\"\" data-large-file=\"https:\/\/i0.wp.com\/www.enviroscop.fr\/actu\/wp-content\/uploads\/2020\/04\/image-3.png?fit=544%2C526&amp;ssl=1\" src=\"https:\/\/i0.wp.com\/www.enviroscop.fr\/actu\/wp-content\/uploads\/2020\/04\/image-3.png?resize=544%2C526&#038;ssl=1\" alt=\"\" class=\"wp-image-3701\" srcset=\"https:\/\/i0.wp.com\/www.enviroscop.fr\/actu\/wp-content\/uploads\/2020\/04\/image-3.png?w=544&amp;ssl=1 544w, https:\/\/i0.wp.com\/www.enviroscop.fr\/actu\/wp-content\/uploads\/2020\/04\/image-3.png?resize=300%2C290&amp;ssl=1 300w\" sizes=\"auto, (max-width: 544px) 100vw, 544px\" \/><figcaption>Puissance install\u00e9e par r\u00e9gion en 2019<\/figcaption><\/figure>\n\n\n\n<p>C&rsquo;est bien aujourd&rsquo;hui les Hauts-de-France et le Grand Est qui dominent largement l&rsquo;implantation (et la production) nationale avec 50 % de la puissance install\u00e9e sur ce deux r\u00e9gions. Bretagne et Normandie, bien que r\u00e9gions c\u00f4ti\u00e8res et vent\u00e9es accusent un retard important en termes d&rsquo;implantation.<br>Les Pays de la Loire se d\u00e9marquent en 2019, en montant sur la troisi\u00e8me marche du podium avec 51 MW implant\u00e9s l&rsquo;an dernier.<br>Notons enfin qu&rsquo;avec le d\u00e9veloppement de l&rsquo;\u00e9olien marin, la Nouvelle Aquitaine, les Pays de la Loire, la Bretagne et la Normandie devraient atteindre, dans quelque ann\u00e9es, l&rsquo;objectif d&rsquo;implantation fix\u00e9 par les SRCAE (initialement en 2020).<\/p>\n","protected":false},"excerpt":{"rendered":"<p>En Avril 2009, nous refondions totalement notre site (statique) pour en faire un blog dynamique.Et le premier article paru nous parlait d&rsquo;\u00e9olien. Vous pouvez, si vous \u00eates nostalgique, le relire ICI. Sinon, vous trouverez ci-apr\u00e8s sa mise \u00e0 jour. Bonne lecture !<\/p><p><a class=\"more-link btn\" href=\"https:\/\/www.enviroscop.fr\/actu\/2020\/04\/cetait-il-y-a-dix-ans\/\">Lire la suite<\/a><\/p>\n","protected":false},"author":1,"featured_media":0,"comment_status":"open","ping_status":"open","sticky":false,"template":"","format":"standard","meta":{"jetpack_post_was_ever_published":false,"_jetpack_newsletter_access":"","_jetpack_dont_email_post_to_subs":false,"_jetpack_newsletter_tier_id":0,"_jetpack_memberships_contains_paywalled_content":false,"_jetpack_memberships_contains_paid_content":false,"footnotes":"","jetpack_publicize_message":"","jetpack_publicize_feature_enabled":true,"jetpack_social_post_already_shared":true,"jetpack_social_options":{"image_generator_settings":{"template":"highway","default_image_id":0,"font":"","enabled":false},"version":2}},"categories":[7,25,8,68,64],"tags":[],"class_list":["post-3698","post","type-post","status-publish","format-standard","hentry","category-energie","category-enviroscop","category-eolien","category-france","category-infographie","item-wrap"],"jetpack_publicize_connections":[],"jetpack_featured_media_url":"","jetpack_shortlink":"https:\/\/wp.me\/p3rXAp-XE","jetpack_likes_enabled":true,"jetpack-related-posts":[{"id":1639,"url":"https:\/\/www.enviroscop.fr\/actu\/2013\/12\/eolien-et-photovoltaique-raccordements-et-production-hauss\/","url_meta":{"origin":3698,"position":0},"title":"Eolien et photovolta\u00efque : raccordements et production en hausse","author":"Enviroscop","date":"2 d\u00e9cembre 2013","format":false,"excerpt":"Selon le dernier tableau de bord \u00e9olien-photovolta\u00efque publi\u00e9 par le Commissariat g\u00e9n\u00e9ral au d\u00e9veloppement durable (CGDD), les raccordements de parcs \u00e9oliens et photovolta\u00efques au troisi\u00e8me trimestre ont \u00e9t\u00e9 sup\u00e9rieurs aux deux premiers trimestres de l'ann\u00e9e : - 150 MW \u00e9oliens raccord\u00e9s (80 MW au T01, 118 MW au T02) -\u2026","rel":"","context":"Dans &quot;Energie&quot;","block_context":{"text":"Energie","link":"https:\/\/www.enviroscop.fr\/actu\/category\/energie\/"},"img":{"alt_text":"","src":"","width":0,"height":0},"classes":[]},{"id":209,"url":"https:\/\/www.enviroscop.fr\/actu\/2010\/04\/le-parc-olien-franais-gagne-en-puissance\/","url_meta":{"origin":3698,"position":1},"title":"Le parc \u00e9olien fran\u00e7ais gagne en puissance","author":"Enviroscop","date":"7 avril 2010","format":false,"excerpt":"La production d?????nergie ??olienne a continu?? d???augmenter en France en 2009, mesure que se sont ??toff??s les parcs et leur puissance install??e. La puissance ??olienne raccord??e au r??seau ??tait de 4.400 MW l???an pass??, soit pr??s d...","rel":"","context":"Dans &quot;Eolien&quot;","block_context":{"text":"Eolien","link":"https:\/\/www.enviroscop.fr\/actu\/category\/energie\/renouvelable\/eolien\/"},"img":{"alt_text":"Moz-screenshot","src":"https:\/\/i0.wp.com\/www.enviroscop.fr\/actu\/wp-content\/uploads\/2013\/02\/moz-screenshot.png?resize=350%2C200","width":350,"height":200},"classes":[]},{"id":2604,"url":"https:\/\/www.enviroscop.fr\/actu\/2016\/05\/tableau-de-bord-eolien-premier-trimestre-2016\/","url_meta":{"origin":3698,"position":2},"title":"Tableau de bord : \u00e9olien &#8211; Premier trimestre 2016","author":"Enviroscop","date":"30 mai 2016","format":false,"excerpt":"Chiffres et statistiques n\u00b0 764 - mai 2016 La puissance du parc \u00e9olien fran\u00e7ais atteint 10 460 MW fin mars 2016. Le seuil de 10 GW a \u00e9t\u00e9 franchi courant 2015, ann\u00e9e qui, avec une puissance raccord\u00e9e de 944 MW, s\u2019inscrit en net retrait par rapport \u00e0 2014 (- 20\u2026","rel":"","context":"Dans &quot;Energie&quot;","block_context":{"text":"Energie","link":"https:\/\/www.enviroscop.fr\/actu\/category\/energie\/"},"img":{"alt_text":"","src":"https:\/\/i0.wp.com\/www.statistiques.developpement-durable.gouv.fr\/uploads\/pics\/cs764.jpg?resize=350%2C200","width":350,"height":200},"classes":[]},{"id":2160,"url":"https:\/\/www.enviroscop.fr\/actu\/2014\/12\/tableau-de-bord-eolien-photovoltaique-2\/","url_meta":{"origin":3698,"position":3},"title":"Tableau de bord \u00e9olien-photovolta\u00efque","author":"Enviroscop","date":"1 d\u00e9cembre 2014","format":false,"excerpt":"La puissance du parc \u00e9olien fran\u00e7ais s\u2019\u00e9l\u00e8ve \u00e0 8\u00a0807\u00a0MW\u00a0fin septembre 2014. L\u2019ann\u00e9e 2014 sera meilleure que 2013 en termes de\u00a0puissance raccord\u00e9e pour l\u2019\u00e9olien. La puissance raccord\u00e9e de\u00a0janvier \u00e0 septembre 2014 atteint en effet pr\u00e8s de 600 MW\u00a0d\u2019apr\u00e8s des chiffres provisoires, contre 581 MW raccord\u00e9s\u00a0sur l\u2019ensemble de l\u2019ann\u00e9e 2013. La baisse\u2026","rel":"","context":"Dans &quot;Economie&quot;","block_context":{"text":"Economie","link":"https:\/\/www.enviroscop.fr\/actu\/category\/activite\/economie\/"},"img":{"alt_text":"","src":"","width":0,"height":0},"classes":[]},{"id":1110,"url":"https:\/\/www.enviroscop.fr\/actu\/2013\/06\/leolien-et-le-solaire-seffondrent-en-france-au-premier-trimestre-arnaud-gossement\/","url_meta":{"origin":3698,"position":4},"title":"L&rsquo;\u00e9olien et le solaire s&rsquo;effondrent en France au premier trimestre : Arnaud Gossement","author":"Enviroscop","date":"5 juin 2013","format":false,"excerpt":"Le Commissariat g\u00e9n\u00e9ral au d\u00e9veloppement durable vient de publier son tableau de bord pour le premier trimestre 2013. Les chiffres sont catastrophiques. Selon l'AFP, l'objectif fix\u00e9 pour 2020 serait atteint...en 2054. Le tableau de bord \u00e9olien-photovolta\u00efque du CGDD peut \u00eatre consult\u00e9 ici. La d\u00e9p\u00eache de l'AFP peut \u00eatre lue ici.\u2026","rel":"","context":"Dans &quot;Energie&quot;","block_context":{"text":"Energie","link":"https:\/\/www.enviroscop.fr\/actu\/category\/energie\/"},"img":{"alt_text":"Graphique 1","src":"https:\/\/i0.wp.com\/www.enviroscop.fr\/actu\/wp-content\/uploads\/2013\/03\/Graphique-1-300x163.png?resize=350%2C200","width":350,"height":200},"classes":[]},{"id":3867,"url":"https:\/\/www.enviroscop.fr\/actu\/2020\/10\/inauguration-du-parc-eolien-champagne-conlinoise\/","url_meta":{"origin":3698,"position":5},"title":"Inauguration du parc \u00e9olien Champagne Conlinoise","author":"Enviroscop","date":"5 octobre 2020","format":false,"excerpt":"Total Quadran a inaugur\u00e9 le 1er octobre son second parc \u00e9olien en Sarthe : le parc \u00e9olien de la Champagne Conlinoise (17,4 MW) situ\u00e9 sur les communes de Neuvillalais et Conlie. Ce projet d\u00e9velopp\u00e9, et construit en seulement 6 ans a b\u00e9n\u00e9fici\u00e9 d'un financement participatif aupr\u00e8s des riverains ayant permis\u2026","rel":"","context":"Dans &quot;durable&quot;","block_context":{"text":"durable","link":"https:\/\/www.enviroscop.fr\/actu\/category\/durable\/"},"img":{"alt_text":"Photomontage","src":"https:\/\/i0.wp.com\/www.enviroscop.fr\/actu\/wp-content\/uploads\/2020\/10\/Conlie-300x97.jpg?resize=350%2C200","width":350,"height":200},"classes":[]}],"jetpack_sharing_enabled":true,"_links":{"self":[{"href":"https:\/\/www.enviroscop.fr\/actu\/wp-json\/wp\/v2\/posts\/3698","targetHints":{"allow":["GET"]}}],"collection":[{"href":"https:\/\/www.enviroscop.fr\/actu\/wp-json\/wp\/v2\/posts"}],"about":[{"href":"https:\/\/www.enviroscop.fr\/actu\/wp-json\/wp\/v2\/types\/post"}],"author":[{"embeddable":true,"href":"https:\/\/www.enviroscop.fr\/actu\/wp-json\/wp\/v2\/users\/1"}],"replies":[{"embeddable":true,"href":"https:\/\/www.enviroscop.fr\/actu\/wp-json\/wp\/v2\/comments?post=3698"}],"version-history":[{"count":1,"href":"https:\/\/www.enviroscop.fr\/actu\/wp-json\/wp\/v2\/posts\/3698\/revisions"}],"predecessor-version":[{"id":3702,"href":"https:\/\/www.enviroscop.fr\/actu\/wp-json\/wp\/v2\/posts\/3698\/revisions\/3702"}],"wp:attachment":[{"href":"https:\/\/www.enviroscop.fr\/actu\/wp-json\/wp\/v2\/media?parent=3698"}],"wp:term":[{"taxonomy":"category","embeddable":true,"href":"https:\/\/www.enviroscop.fr\/actu\/wp-json\/wp\/v2\/categories?post=3698"},{"taxonomy":"post_tag","embeddable":true,"href":"https:\/\/www.enviroscop.fr\/actu\/wp-json\/wp\/v2\/tags?post=3698"}],"curies":[{"name":"wp","href":"https:\/\/api.w.org\/{rel}","templated":true}]}}