{"id":37,"date":"2012-03-31T06:47:00","date_gmt":"2012-03-31T06:47:00","guid":{"rendered":"http:\/\/actu.enviroscop.com\/eolien-annulation-du-tarif-de-rachat"},"modified":"2012-03-31T06:47:00","modified_gmt":"2012-03-31T06:47:00","slug":"eolien-annulation-du-tarif-de-rachat","status":"publish","type":"post","link":"https:\/\/www.enviroscop.fr\/actu\/2012\/03\/eolien-annulation-du-tarif-de-rachat\/","title":{"rendered":"Eolien : annulation du tarif de rachat ?"},"content":{"rendered":"<p>Le <a href=\"http:\/\/www.enr.fr\/\" target=\"_blank\">SER<\/a> (Syndicat des &eacute;nergies renouvelables) s&rsquo;affirme \u00ab\u00a0tr&egrave;s  inquiet\u00a0\u00bb sur la possible annulation par le Conseil d&rsquo;Etat.<\/p>\n<p>En effet, \u00ab\u00a0<a href=\"http:\/\/www.ventdecolere.org\/\" target=\"_blank\">Vent de col&egrave;re<\/a>\u00ab\u00a0, collectif national d&rsquo;associations anti-&eacute;oliennes, en a demand&eacute; la suspension.<\/p>\n<p>Le Conseil d&rsquo;Etat devra donc statuer, mais une suppression de ce tarif de rachat constituerait un \u00ab\u00a0coup de frein fatal\u00a0\u00bb pour la fili&egrave;re. Jean-Louis Bal, pr&eacute;sident du SER, estime que cette annulation pourrait menacer 90% des emplois de la fili&egrave;re fran&ccedil;aise : \u00ab\u00a0les cons&eacute;quences, on les  voit d&eacute;j&agrave;\u00a0\u00bb, a-t-il assur&eacute;. \u00ab\u00a0La nouvelle [d&rsquo;une possible annulation] est  connue et notamment des banquiers qui constatent qu&rsquo;il y a une  ins&eacute;curit&eacute; juridique et ne veulent plus financer les nouveaux projets\u00a0\u00bb.<\/p>\n<p>En effet, tant qu&rsquo;un nouvel arr&ecirc;t&eacute; fixant les prix ne sera pas paris, la fili&egrave;re dans son int&eacute;gralit&eacute; sera bloqu&eacute;e, et les entreprises de la fili&egrave;re ne pourront supporter de payer les employ&eacute;s sur une p&eacute;riode qui pourrait s&rsquo;&eacute;taler sur de longs mois.<\/p>\n","protected":false},"excerpt":{"rendered":"<p>Le SER (Syndicat des ??nergies renouvelables) s&rsquo;affirme \u00ab\u00a0tr??s inquiet\u00a0\u00bb sur la possible annulation par le Conseil d&rsquo;Etat. En effet, \u00ab\u00a0Vent de col??re\u00a0\u00bb, collectif national d&rsquo;associations anti-??oliennes, en a demand?? la suspension. Le Conseil d&rsquo;Eta&#8230;<\/p>\n","protected":false},"author":1,"featured_media":0,"comment_status":"open","ping_status":"open","sticky":false,"template":"","format":"standard","meta":{"jetpack_post_was_ever_published":false,"_jetpack_newsletter_access":"","_jetpack_dont_email_post_to_subs":false,"_jetpack_newsletter_tier_id":0,"_jetpack_memberships_contains_paywalled_content":false,"_jetpack_memberships_contains_paid_content":false,"footnotes":"","jetpack_publicize_message":"","jetpack_publicize_feature_enabled":true,"jetpack_social_post_already_shared":false,"jetpack_social_options":{"image_generator_settings":{"template":"highway","default_image_id":0,"font":"","enabled":false},"version":2}},"categories":[8],"tags":[],"class_list":["post-37","post","type-post","status-publish","format-standard","hentry","category-eolien","item-wrap"],"jetpack_publicize_connections":[],"jetpack_featured_media_url":"","jetpack_shortlink":"https:\/\/wp.me\/p3rXAp-B","jetpack_likes_enabled":true,"jetpack-related-posts":[{"id":2800,"url":"https:\/\/www.enviroscop.fr\/actu\/2017\/04\/annulation-du-schema-regional-eolien-breton-confirmee-en-appel\/","url_meta":{"origin":37,"position":0},"title":"Annulation du sch\u00e9ma r\u00e9gional \u00e9olien breton : confirm\u00e9e en appel","author":"Enviroscop","date":"20 avril 2017","format":false,"excerpt":"Suite \u00e0 l'appel du Minist\u00e8re de l'Environnement, le tribunal administratif de Nantes a annul\u00e9 le sch\u00e9ma r\u00e9gional \u00e9olien de Bretagne, \u00e9labor\u00e9 par le Minist\u00e8re de l\u2019\u00e9cologie et du Conseil R\u00e9gional, confirmant l'annulation par\u00a0le tribunal administratif de Rennes en Octobre 2015. Cependant, comme le confirme la DREAL, toutefois, et en application\u2026","rel":"","context":"Dans &quot;Bretagne&quot;","block_context":{"text":"Bretagne","link":"https:\/\/www.enviroscop.fr\/actu\/category\/europe\/france\/regions\/bretagne\/"},"img":{"alt_text":"","src":"https:\/\/i0.wp.com\/www.enviroscop.fr\/actu\/wp-content\/uploads\/2015\/07\/20150702_121207_img0014-150x150.jpg?resize=350%2C200","width":350,"height":200},"classes":[]},{"id":5064,"url":"https:\/\/www.enviroscop.fr\/actu\/2022\/11\/conseil-detat-annulation-de-larticle-3-du-decret-n-2020-828-du-30-juin-2020-modifiant-la-nomenclature-et-la-procedure-en-matiere-de-police-de-leau\/","url_meta":{"origin":37,"position":1},"title":"Conseil d&rsquo;Etat : Annulation de l&rsquo;article 3 du d\u00e9cret n\u00b0 2020-828 du 30 juin 2020 modifiant la nomenclature et la proc\u00e9dure en mati\u00e8re de police de l&rsquo;eau","author":"Enviroscop","date":"15 novembre 2022","format":false,"excerpt":"Dans son rendu du 31\/10\/2022, le Conseil d'Etat d\u00e9cide : Article 1er : Le h) de l'article 3 du d\u00e9cret du 30 juin 2020 modifiant la nomenclature et la proc\u00e9dure en mati\u00e8re de police de l'eau et l'arr\u00eat\u00e9 du 30 juin 2020 d\u00e9finissant les travaux de restauration des fonctionnalit\u00e9s naturelles\u2026","rel":"","context":"Dans &quot;Am\u00e9nagement&quot;","block_context":{"text":"Am\u00e9nagement","link":"https:\/\/www.enviroscop.fr\/actu\/category\/amenagement\/"},"img":{"alt_text":"","src":"https:\/\/i0.wp.com\/www.enviroscop.fr\/actu\/wp-content\/uploads\/2022\/11\/IMG_4516.jpg?resize=350%2C200","width":350,"height":200},"classes":[]},{"id":1230,"url":"https:\/\/www.enviroscop.fr\/actu\/2013\/07\/solaire-annulation-partielle-de-larrete-tarifaire-du-31-aout-2010-et-du-tarif-dachat-pour-les-installations-beneficiant-dune-prime-dintegration-au-bati-conseil-detat-arnaud-gossement\/","url_meta":{"origin":37,"position":2},"title":"Solaire : annulation partielle de l\u2019arr\u00eat\u00e9 tarifaire du 31 ao\u00fbt 2010 et du tarif d&rsquo;achat pour les installations b\u00e9n\u00e9ficiant d&rsquo;une prime d&rsquo;int\u00e9gration au b\u00e2ti","author":"Enviroscop","date":"3 juillet 2013","format":false,"excerpt":"Par arr\u00eat du 28 juin 2013 le Conseil d\u2019Etat a annul\u00e9 plusieurs dispositions de l\u2019arr\u00eat\u00e9 du 31 ao\u00fbt 2010 \u00ab\u00a0fixant les conditions d\u2019achat d\u2019\u00e9lectricit\u00e9 produite par les installations utilisant l\u2019\u00e9nergie radiative du soleil telles que vis\u00e9es au 3\u00b0 de l\u2019article 2 du d\u00e9cret du n\u00b02000-1196 du 6 d\u00e9cembre 2000\u00a0\u00bb. via\u2026","rel":"","context":"Dans &quot;Arr\u00eat\u00e9&quot;","block_context":{"text":"Arr\u00eat\u00e9","link":"https:\/\/www.enviroscop.fr\/actu\/category\/juridique\/arrete\/"},"img":{"alt_text":"ferme-solaire-photovoltaique2","src":"https:\/\/i0.wp.com\/www.enviroscop.fr\/actu\/wp-content\/uploads\/2013\/04\/ferme-solaire-photovoltaique2-300x157.jpg?resize=350%2C200","width":350,"height":200},"classes":[]},{"id":135,"url":"https:\/\/www.enviroscop.fr\/actu\/2011\/10\/annulation-des-dispositions-des-articles-l-51\/","url_meta":{"origin":37,"position":3},"title":"Annulation des dispositions des articles L. 511-2 et L. 512-7 du code de l&rsquo;environnement","author":"Enviroscop","date":"20 octobre 2011","format":false,"excerpt":"Le Conseil constitutionnel les a annul?? consid??rant qu'ils ??taient non conformes la Charte de l'environnement et notamment son article 7 : Toute personne a le droit, dans les conditions et les limites d??finies par la loi d'acc??der aux...","rel":"","context":"Dans &quot;ICPE&quot;","block_context":{"text":"ICPE","link":"https:\/\/www.enviroscop.fr\/actu\/category\/icpe\/"},"img":{"alt_text":"","src":"","width":0,"height":0},"classes":[]},{"id":3270,"url":"https:\/\/www.enviroscop.fr\/actu\/2019\/03\/autorisation-environnementale-autorite-environnementale-annulation-partielle-du-decret-n-2017-626-du-5-avril-2017-conseil-detat\/","url_meta":{"origin":37,"position":4},"title":"Autorisation environnementale \/ Autorit\u00e9 environnementale : annulation partielle du d\u00e9cret n\u00b0 2017-626 du 5 avril 2017 (Conseil d\u2019Etat)","author":"Enviroscop","date":"22 mars 2019","format":false,"excerpt":"Par une\u00a0d\u00e9cision en date du 13 mars 2019 (n\u00b0 414930), le Conseil d\u2019Etat a apport\u00e9 plusieurs pr\u00e9cisions sur l\u2019\u00e9valuation environnementale et sa proc\u00e9dure. Dans cette affaire, une association agr\u00e9e pour la protection de l\u2019environnement a form\u00e9 une demande d\u2019abrogation du d\u00e9cret n\u00b0 2017-626 du 5 avril 2017 relatif aux proc\u00e9dures\u2026","rel":"","context":"Dans &quot;Conseil d'Etat&quot;","block_context":{"text":"Conseil d'Etat","link":"https:\/\/www.enviroscop.fr\/actu\/category\/juridique\/conseil-detat\/"},"img":{"alt_text":"","src":"","width":0,"height":0},"classes":[]},{"id":2078,"url":"https:\/\/www.enviroscop.fr\/actu\/2014\/10\/eolien-annulation-de-plusieurs-refus-de-permis-de-construire\/","url_meta":{"origin":37,"position":5},"title":"Eolien : annulation de plusieurs refus de permis de construire","author":"Enviroscop","date":"6 octobre 2014","format":false,"excerpt":"Le cabinet Arnaud Gossement vient d'obtenir, pour le compte d'une grande soci\u00e9t\u00e9 de d\u00e9veloppement de parcs \u00e9oliens, l'annulation devant la Cour administrative d'appel de Marseille, de plusieurs refus de permis de construire. L'arr\u00eat (consultable sur Legifrance) n\u00b013MA00062 rendu ce 26 septembre 2014 par la Cour administrative d'appel de Marseille est\u2026","rel":"","context":"Dans &quot;Eolien&quot;","block_context":{"text":"Eolien","link":"https:\/\/www.enviroscop.fr\/actu\/category\/energie\/renouvelable\/eolien\/"},"img":{"alt_text":"","src":"","width":0,"height":0},"classes":[]}],"jetpack_sharing_enabled":true,"_links":{"self":[{"href":"https:\/\/www.enviroscop.fr\/actu\/wp-json\/wp\/v2\/posts\/37","targetHints":{"allow":["GET"]}}],"collection":[{"href":"https:\/\/www.enviroscop.fr\/actu\/wp-json\/wp\/v2\/posts"}],"about":[{"href":"https:\/\/www.enviroscop.fr\/actu\/wp-json\/wp\/v2\/types\/post"}],"author":[{"embeddable":true,"href":"https:\/\/www.enviroscop.fr\/actu\/wp-json\/wp\/v2\/users\/1"}],"replies":[{"embeddable":true,"href":"https:\/\/www.enviroscop.fr\/actu\/wp-json\/wp\/v2\/comments?post=37"}],"version-history":[{"count":0,"href":"https:\/\/www.enviroscop.fr\/actu\/wp-json\/wp\/v2\/posts\/37\/revisions"}],"wp:attachment":[{"href":"https:\/\/www.enviroscop.fr\/actu\/wp-json\/wp\/v2\/media?parent=37"}],"wp:term":[{"taxonomy":"category","embeddable":true,"href":"https:\/\/www.enviroscop.fr\/actu\/wp-json\/wp\/v2\/categories?post=37"},{"taxonomy":"post_tag","embeddable":true,"href":"https:\/\/www.enviroscop.fr\/actu\/wp-json\/wp\/v2\/tags?post=37"}],"curies":[{"name":"wp","href":"https:\/\/api.w.org\/{rel}","templated":true}]}}