{"id":3735,"date":"2020-05-18T08:38:07","date_gmt":"2020-05-18T07:38:07","guid":{"rendered":"http:\/\/www.enviroscop.fr\/actu\/?p=3735"},"modified":"2020-05-18T08:38:13","modified_gmt":"2020-05-18T07:38:13","slug":"gaz-renouvelable-depassement-du-twh-injecte-dans-le-reseau-francais-en-2019","status":"publish","type":"post","link":"https:\/\/www.enviroscop.fr\/actu\/2020\/05\/gaz-renouvelable-depassement-du-twh-injecte-dans-le-reseau-francais-en-2019\/","title":{"rendered":"Gaz renouvelable : d\u00e9passement du TWh inject\u00e9 dans le r\u00e9seau fran\u00e7ais en 2019"},"content":{"rendered":"\n<div class=\"wp-block-image\"><figure class=\"alignleft size-large is-resized\"><img data-recalc-dims=\"1\" loading=\"lazy\" decoding=\"async\" data-attachment-id=\"3736\" data-permalink=\"https:\/\/www.enviroscop.fr\/actu\/2020\/05\/gaz-renouvelable-depassement-du-twh-injecte-dans-le-reseau-francais-en-2019\/image-8\/\" data-orig-file=\"https:\/\/i0.wp.com\/www.enviroscop.fr\/actu\/wp-content\/uploads\/2020\/05\/image.png?fit=595%2C844&amp;ssl=1\" data-orig-size=\"595,844\" data-comments-opened=\"1\" data-image-meta=\"{&quot;aperture&quot;:&quot;0&quot;,&quot;credit&quot;:&quot;&quot;,&quot;camera&quot;:&quot;&quot;,&quot;caption&quot;:&quot;&quot;,&quot;created_timestamp&quot;:&quot;0&quot;,&quot;copyright&quot;:&quot;&quot;,&quot;focal_length&quot;:&quot;0&quot;,&quot;iso&quot;:&quot;0&quot;,&quot;shutter_speed&quot;:&quot;0&quot;,&quot;title&quot;:&quot;&quot;,&quot;orientation&quot;:&quot;0&quot;}\" data-image-title=\"image\" data-image-description=\"\" data-image-caption=\"\" data-large-file=\"https:\/\/i0.wp.com\/www.enviroscop.fr\/actu\/wp-content\/uploads\/2020\/05\/image.png?fit=595%2C844&amp;ssl=1\" src=\"https:\/\/i0.wp.com\/www.enviroscop.fr\/actu\/wp-content\/uploads\/2020\/05\/image.png?resize=223%2C316&#038;ssl=1\" alt=\"\" class=\"wp-image-3736\" width=\"223\" height=\"316\" srcset=\"https:\/\/i0.wp.com\/www.enviroscop.fr\/actu\/wp-content\/uploads\/2020\/05\/image.png?w=595&amp;ssl=1 595w, https:\/\/i0.wp.com\/www.enviroscop.fr\/actu\/wp-content\/uploads\/2020\/05\/image.png?resize=211%2C300&amp;ssl=1 211w\" sizes=\"auto, (max-width: 223px) 100vw, 223px\" \/><\/figure><\/div>\n\n\n\n<p>La 5\u00e8me \u00e9dition du \u00ab Panorama du gaz renouvelable \u00bb nous r\u00e9v\u00e8le que l\u2019injection de gaz renouvelable dans le r\u00e9seau fran\u00e7ais a d\u00e9pass\u00e9 le cap symbolique du TWh l\u2019an dernier, soit 1,2 TWh contre 0,71 TWh fin 2018<strong>.<\/strong><br>La dynamique actuelle r\u00e9sulte de l\u2019investissement et de la collaboration de l\u2019ensemble des acteurs de la fili\u00e8re, notamment au sein du groupe de travail \u00ab injection biom\u00e9thane \u00bb pilot\u00e9 par l\u2019ADEME et GRDF et de ses divers sous-GT (m\u00e9canismes de soutien, financement, adaptation des r\u00e9seaux, etc.). Les professionnels du gaz renouvelable poursuivent leurs efforts pour g\u00e9n\u00e9rer un nombre croissant de projets, favoriser leur accomplissement et d\u00e9velopper de nouvelles fili\u00e8res innovantes de production de gaz renouvelables (pyrogaz\u00e9ification, gaz\u00e9ification hydrothermale, power to gas, etc.).<br>Pour t\u00e9l\u00e9charger cette nouvelle \u00e9dition du panorama du gaz renouvelable, <a href=\"https:\/\/www.syndicat-energies-renouvelables.fr\/wp-content\/uploads\/basedoc\/ser-panoramagazrenouvelable2019_webrvb.pdf\" target=\"_blank\" rel=\"noreferrer noopener\">c&rsquo;est ICI<\/a><\/p>\n\n\n\n<p><\/p>\n\n\n\n<p><\/p>\n","protected":false},"excerpt":{"rendered":"<p>La 5\u00e8me \u00e9dition du \u00ab Panorama du gaz renouvelable \u00bb nous r\u00e9v\u00e8le que l\u2019injection de gaz renouvelable dans le r\u00e9seau fran\u00e7ais a d\u00e9pass\u00e9 le cap symbolique du TWh l\u2019an dernier, soit 1,2 TWh contre 0,71 TWh fin 2018.La dynamique actuelle r\u00e9sulte de l\u2019investissement et de la collaboration de l\u2019ensemble des acteurs de la fili\u00e8re, notamment &hellip; <\/p>\n<p><a class=\"more-link btn\" href=\"https:\/\/www.enviroscop.fr\/actu\/2020\/05\/gaz-renouvelable-depassement-du-twh-injecte-dans-le-reseau-francais-en-2019\/\">Lire la suite<\/a><\/p>\n","protected":false},"author":1,"featured_media":0,"comment_status":"open","ping_status":"open","sticky":false,"template":"","format":"standard","meta":{"jetpack_post_was_ever_published":false,"_jetpack_newsletter_access":"","_jetpack_dont_email_post_to_subs":false,"_jetpack_newsletter_tier_id":0,"_jetpack_memberships_contains_paywalled_content":false,"_jetpack_memberships_contains_paid_content":false,"footnotes":"","jetpack_publicize_message":"","jetpack_publicize_feature_enabled":true,"jetpack_social_post_already_shared":true,"jetpack_social_options":{"image_generator_settings":{"template":"highway","default_image_id":0,"font":"","enabled":false},"version":2}},"categories":[2,12,15,17,7,28,30],"tags":[],"class_list":["post-3735","post","type-post","status-publish","format-standard","hentry","category-ademe","category-biomasse","category-climat","category-dechets","category-energie","category-ges","category-guide","item-wrap"],"jetpack_publicize_connections":[],"jetpack_featured_media_url":"","jetpack_shortlink":"https:\/\/wp.me\/p3rXAp-Yf","jetpack_likes_enabled":true,"jetpack-related-posts":[{"id":4987,"url":"https:\/\/www.enviroscop.fr\/actu\/2022\/09\/instruction-du-gouvernement-du-16-septembre-2022-relative-a-lorganisation-de-la-repartition-et-du-delestage-de-la-consommation-de-gaz-naturel-et-de-lelectricite-dans-la-perspective-d\/","url_meta":{"origin":3735,"position":0},"title":"Instruction du Gouvernement du 16 septembre 2022 relative \u00e0 l\u2019organisation de la r\u00e9partition et du d\u00e9lestage de la consommation de gaz naturel et de l\u2019\u00e9lectricit\u00e9 dans la perspective du passage de l\u2019hiver 2022-2023 et \u00e0 l\u2019acc\u00e9l\u00e9ration du d\u00e9veloppement des projets d\u2019\u00e9nergie renouvelable","author":"Enviroscop","date":"29 septembre 2022","format":false,"excerpt":"La pr\u00e9sente circulaire vise dans un premier temps, dans la perspective du passage de l\u2019hiver prochain, \u00e0 donner les lignes directrices pour que tout soit anticip\u00e9 si des programmes de r\u00e9partition sur les r\u00e9seaux de gaz, d\u00e9lestage sur les r\u00e9seaux de gaz et d\u2019\u00e9lectricit\u00e9 \u00e9taient n\u00e9cessaires. Elle vise, dans un\u2026","rel":"","context":"Dans &quot;Consommation&quot;","block_context":{"text":"Consommation","link":"https:\/\/www.enviroscop.fr\/actu\/category\/energie\/consommation\/"},"img":{"alt_text":"","src":"https:\/\/i0.wp.com\/www.enviroscop.fr\/actu\/wp-content\/uploads\/2022\/09\/InstructionPrefets.jpg?resize=350%2C200","width":350,"height":200},"classes":[]},{"id":4533,"url":"https:\/\/www.enviroscop.fr\/actu\/2021\/12\/panorama-de-lelectricite-renouvelable-au-30-septembre-2021\/","url_meta":{"origin":3735,"position":1},"title":"Panorama de l&rsquo;\u00e9lectricit\u00e9 renouvelable au 30 septembre 2021","author":"Enviroscop","date":"10 d\u00e9cembre 2021","format":false,"excerpt":"La puissance totale du parc \u00e9lectrique EnR \u2013 \u00e9olien, solaire, hydro\u00e9lectricit\u00e9 et bio\u00e9nergies \u2013 s\u2019\u00e9l\u00e8ve, au 30 septembre 2021, \u00e0 58 759 MW, en hausse de 2 876 MW sur les trois premiers trimestres de l\u2019ann\u00e9e 2021 (3 543 MW sur les douze derniers mois), chiffre d\u00e9j\u00e0 sup\u00e9rieur au record\u2026","rel":"","context":"Dans &quot;Energie&quot;","block_context":{"text":"Energie","link":"https:\/\/www.enviroscop.fr\/actu\/category\/energie\/"},"img":{"alt_text":"RTE","src":"https:\/\/i0.wp.com\/ccibusiness.fr\/sites\/default\/files\/styles\/article_detail_620_320\/public\/2021-12\/RTE_logo.svg_.png?resize=350%2C200&ssl=1","width":350,"height":200},"classes":[]},{"id":1591,"url":"https:\/\/www.enviroscop.fr\/actu\/2013\/11\/les-avis-de-lademe-la-production-eolienne-delectricite\/","url_meta":{"origin":3735,"position":2},"title":"Les avis de l&rsquo;ADEME : la production \u00e9olienne d&rsquo;\u00e9lectricit\u00e9","author":"Enviroscop","date":"18 novembre 2013","format":false,"excerpt":"Nouvelle parution des \"avis de l'ADEME\" Si l\u2019hydraulique constitue aujourd\u2019hui la principale source\u00a0d\u2019\u00e9nergie renouvelable pour l\u2019\u00e9lectricit\u00e9 en France (environ\u00a012%), elle pr\u00e9sente peu de possibilit\u00e9s d\u2019accroissement de\u00a0production. L\u2019\u00e9nergie \u00e9olienne offre, pour le syst\u00e8me\u00a0\u00e9lectrique fran\u00e7ais, un potentiel technique important et\u00a0encore largement sous-exploit\u00e9 (en 2012, moins de 1% du\u00a0potentiel technique fran\u00e7ais estim\u00e9 par\u2026","rel":"","context":"Dans &quot;ADEME&quot;","block_context":{"text":"ADEME","link":"https:\/\/www.enviroscop.fr\/actu\/category\/source\/ademe\/"},"img":{"alt_text":"","src":"","width":0,"height":0},"classes":[]},{"id":2461,"url":"https:\/\/www.enviroscop.fr\/actu\/2015\/08\/production-delectricite-les-enr-passent-devant-le-gaz\/","url_meta":{"origin":3735,"position":3},"title":"Production d&rsquo;\u00e9lectricit\u00e9 : les ENR passent devant le gaz","author":"Enviroscop","date":"11 ao\u00fbt 2015","format":false,"excerpt":"Si le charbon continue de progresser en termes de production (9 613 TWh), les \u00e9nergies renouvelables ont, en 2013, d\u00e9pass\u00e9 le gaz, avec 22 % de l'\u00e9lectricit\u00e9 produite dans le monde (soit 5 130 TWh). (source : AIE, 2015)","rel":"","context":"Dans &quot;Biomasse&quot;","block_context":{"text":"Biomasse","link":"https:\/\/www.enviroscop.fr\/actu\/category\/energie\/renouvelable\/biomasse\/"},"img":{"alt_text":"","src":"","width":0,"height":0},"classes":[]},{"id":5255,"url":"https:\/\/www.enviroscop.fr\/actu\/2023\/06\/acceleration-du-developpement-du-biogaz-le-cadre-reglementaire-de-soutien-evolue-a-nouveau\/","url_meta":{"origin":3735,"position":4},"title":"Acc\u00e9l\u00e9ration du d\u00e9veloppement du biogaz : le cadre r\u00e9glementaire de soutien \u00e9volue \u00e0 nouveau","author":"Enviroscop","date":"15 juin 2023","format":false,"excerpt":"Nicolas DUPREY, CD 78 (CC BY-ND 2.0)\/ Injection de biom\u00e9thane dans le r\u00e9seau de gaz d'\u00eele-de-France par la station d'\u00e9puration des Mureaux Les mesures r\u00e9glementaires - un d\u00e9cret et deux arr\u00eat\u00e9s publi\u00e9s ce 13 juin - de soutien au biogaz devraient notamment permettre de r\u00e9pondre aux inqui\u00e9tudes des porteurs de\u2026","rel":"","context":"Dans &quot;Activit\u00e9&quot;","block_context":{"text":"Activit\u00e9","link":"https:\/\/www.enviroscop.fr\/actu\/category\/activite\/"},"img":{"alt_text":"Station d\u00e9puration biogaz","src":"https:\/\/i0.wp.com\/www.banquedesterritoires.fr\/sites\/default\/files\/styles\/landscape_auto_crop\/public\/2023-06\/49165340422_b51de6abdd_6k.jpg?resize=350%2C200&ssl=1","width":350,"height":200,"srcset":"https:\/\/i0.wp.com\/www.banquedesterritoires.fr\/sites\/default\/files\/styles\/landscape_auto_crop\/public\/2023-06\/49165340422_b51de6abdd_6k.jpg?resize=350%2C200&ssl=1 1x, https:\/\/i0.wp.com\/www.banquedesterritoires.fr\/sites\/default\/files\/styles\/landscape_auto_crop\/public\/2023-06\/49165340422_b51de6abdd_6k.jpg?resize=525%2C300&ssl=1 1.5x, https:\/\/i0.wp.com\/www.banquedesterritoires.fr\/sites\/default\/files\/styles\/landscape_auto_crop\/public\/2023-06\/49165340422_b51de6abdd_6k.jpg?resize=700%2C400&ssl=1 2x"},"classes":[]},{"id":1489,"url":"https:\/\/www.enviroscop.fr\/actu\/2013\/09\/charleval-un-parc-solaire-remplace-une-carriere-en-fin-dexploitation\/","url_meta":{"origin":3735,"position":5},"title":"Charleval : un parc solaire remplace une carri\u00e8re en fin d&rsquo;exploitation","author":"Enviroscop","date":"30 septembre 2013","format":false,"excerpt":"Apr\u00e8s les centrales photovolta\u00efques d\u2019Istres et de Cuges-les-Pins, le groupe Solaire Direct a inaugur\u00e9 un troisi\u00e8me parc solaire dans les Bouches-du-Rh\u00f4ne, vendredi 20 septembre, \u00e0 Charleval. Install\u00e9 sur le site d\u2019une carri\u00e8re en fin d\u2019exploitation, un choix de localisation qui permet de reconvertir un site industriel en projet renouvelable, le\u2026","rel":"","context":"Dans &quot;Carri\u00e8res&quot;","block_context":{"text":"Carri\u00e8res","link":"https:\/\/www.enviroscop.fr\/actu\/category\/icpe\/carrieres\/"},"img":{"alt_text":"","src":"","width":0,"height":0},"classes":[]}],"jetpack_sharing_enabled":true,"_links":{"self":[{"href":"https:\/\/www.enviroscop.fr\/actu\/wp-json\/wp\/v2\/posts\/3735","targetHints":{"allow":["GET"]}}],"collection":[{"href":"https:\/\/www.enviroscop.fr\/actu\/wp-json\/wp\/v2\/posts"}],"about":[{"href":"https:\/\/www.enviroscop.fr\/actu\/wp-json\/wp\/v2\/types\/post"}],"author":[{"embeddable":true,"href":"https:\/\/www.enviroscop.fr\/actu\/wp-json\/wp\/v2\/users\/1"}],"replies":[{"embeddable":true,"href":"https:\/\/www.enviroscop.fr\/actu\/wp-json\/wp\/v2\/comments?post=3735"}],"version-history":[{"count":1,"href":"https:\/\/www.enviroscop.fr\/actu\/wp-json\/wp\/v2\/posts\/3735\/revisions"}],"predecessor-version":[{"id":3738,"href":"https:\/\/www.enviroscop.fr\/actu\/wp-json\/wp\/v2\/posts\/3735\/revisions\/3738"}],"wp:attachment":[{"href":"https:\/\/www.enviroscop.fr\/actu\/wp-json\/wp\/v2\/media?parent=3735"}],"wp:term":[{"taxonomy":"category","embeddable":true,"href":"https:\/\/www.enviroscop.fr\/actu\/wp-json\/wp\/v2\/categories?post=3735"},{"taxonomy":"post_tag","embeddable":true,"href":"https:\/\/www.enviroscop.fr\/actu\/wp-json\/wp\/v2\/tags?post=3735"}],"curies":[{"name":"wp","href":"https:\/\/api.w.org\/{rel}","templated":true}]}}