{"id":3757,"date":"2020-05-28T07:45:12","date_gmt":"2020-05-28T06:45:12","guid":{"rendered":"http:\/\/www.enviroscop.fr\/actu\/?p=3757"},"modified":"2020-05-28T07:45:12","modified_gmt":"2020-05-28T06:45:12","slug":"premier-trimestre-2020-25-de-la-consommation-electrique-de-france-metropolitaine-couverte-par-les-enr","status":"publish","type":"post","link":"https:\/\/www.enviroscop.fr\/actu\/2020\/05\/premier-trimestre-2020-25-de-la-consommation-electrique-de-france-metropolitaine-couverte-par-les-enr\/","title":{"rendered":"Premier trimestre 2020 : 25 % de la consommation \u00e9lectrique de France m\u00e9tropolitaine couverte par les EnR !"},"content":{"rendered":"<p>La puissance totale install\u00e9e en mars 2020 sur le territoire m\u00e9tropolitain est de 54 234 MW (fin mars 2020), soit 2 574 MW de plus que l&rsquo;an dernier. Ces installations ont permis de couvrir 25 % de la consommation du territoire m\u00e9tropolitain sur les 12\u00a0 derniers mois, sont 8,3 % rien que pour l&rsquo;\u00e9olien (soit pr\u00e8s d&rsquo;un tiers).<\/p>\n<p><img decoding=\"async\" class=\"aligncenter\" src=\"https:\/\/tecsol.blogs.com\/.a\/6a00d8341bfe5d53ef0264e2de247a200d-800wi\" alt=\"Prod_solaire_France\" \/><\/p>\n<p>Le premier trimestre 2020, ensoleill\u00e9 et venteux a vu la production de\u00a0 37,6 TWh d\u2019\u00e9lectricit\u00e9 renouvelable, battant ainsi son nouveau record trimestriel !<em id=\"__mceDel\"><\/em><\/p>\n<p><em id=\"__mceDel\"><\/em>En termes de solaire, les installations progressent, mais restent encore loin des 20 100 MW pr\u00e9vus pour 2023 (47 %, soit 9609 MW). Cette puissance install\u00e9e a permis la production de 2,5 % de la consommation \u00e9lectrique mars 2019-mars 2020.<\/p>\n<p>(Source : TECSOL)<\/p>\n","protected":false},"excerpt":{"rendered":"<p>La puissance totale install\u00e9e en mars 2020 sur le territoire m\u00e9tropolitain est de 54 234 MW (fin mars 2020), soit 2 574 MW de plus que l&rsquo;an dernier. Ces installations ont permis de couvrir 25 % de la consommation du territoire m\u00e9tropolitain sur les 12\u00a0 derniers mois, sont 8,3 % rien que pour l&rsquo;\u00e9olien (soit &hellip; <\/p>\n<p><a class=\"more-link btn\" href=\"https:\/\/www.enviroscop.fr\/actu\/2020\/05\/premier-trimestre-2020-25-de-la-consommation-electrique-de-france-metropolitaine-couverte-par-les-enr\/\">Lire la suite<\/a><\/p>\n","protected":false},"author":1,"featured_media":0,"comment_status":"open","ping_status":"open","sticky":false,"template":"","format":"standard","meta":{"jetpack_post_was_ever_published":false,"_jetpack_newsletter_access":"","_jetpack_dont_email_post_to_subs":false,"_jetpack_newsletter_tier_id":0,"_jetpack_memberships_contains_paywalled_content":false,"_jetpack_memberships_contains_paid_content":false,"footnotes":"","jetpack_publicize_message":"","jetpack_publicize_feature_enabled":true,"jetpack_social_post_already_shared":true,"jetpack_social_options":{"image_generator_settings":{"template":"highway","default_image_id":0,"font":"","enabled":false},"version":2}},"categories":[12,7,8,68,30,64,72,43],"tags":[],"class_list":["post-3757","post","type-post","status-publish","format-standard","hentry","category-biomasse","category-energie","category-eolien","category-france","category-guide","category-infographie","category-marine","category-photovoltaique","item-wrap"],"jetpack_publicize_connections":[],"jetpack_featured_media_url":"","jetpack_shortlink":"https:\/\/wp.me\/p3rXAp-YB","jetpack_likes_enabled":true,"jetpack-related-posts":[{"id":2355,"url":"https:\/\/www.enviroscop.fr\/actu\/2015\/06\/parution-du-tableau-de-bord-eolien-photovoltaique-juin-2015\/","url_meta":{"origin":3757,"position":0},"title":"Parution du Tableau de bord \u00e9olien-photovolta\u00efque, juin 2015","author":"Enviroscop","date":"3 juin 2015","format":false,"excerpt":"Le parc \u00e9olien fran\u00e7ais atteint une puissance install\u00e9e de 9 482 MW \u00e0 fin mars 2015. Sur l\u2019ensemble de l\u2019ann\u00e9e 2014, la puissance raccord\u00e9e a \u00e9t\u00e9 r\u00e9\u00e9valu\u00e9e \u00e0 la hausse, \u00e0 1 071 MW, soit un niveau in\u00e9gal\u00e9 depuis 2010. Par rapport \u00e0 2013, la puissance raccord\u00e9e en 2014 a\u2026","rel":"","context":"Dans &quot;Enviroscop&quot;","block_context":{"text":"Enviroscop","link":"https:\/\/www.enviroscop.fr\/actu\/category\/non-classe\/"},"img":{"alt_text":"","src":"","width":0,"height":0},"classes":[]},{"id":2296,"url":"https:\/\/www.enviroscop.fr\/actu\/2015\/04\/tableau-de-bord-eolien-photovoltaique-2014-marque-un-retour-a-la-hausse-ministere-du-developpement-durable\/","url_meta":{"origin":3757,"position":1},"title":"Tableau de bord \u00e9olien photovolta\u00efque : 2014 marque un retour \u00e0 la hausse &#8211; Minist\u00e8re du D\u00e9veloppement durable","author":"Enviroscop","date":"13 avril 2015","format":false,"excerpt":"2014 s\u2019inscrit respectivement pour l\u2019\u00e9olien et le photovolta\u00efque comme la quatri\u00e8me et la troisi\u00e8me meilleure ann\u00e9e en termes de puissance raccord\u00e9e. Les capacit\u00e9s des deux fili\u00e8res progressent au m\u00eame rythme, avec pr\u00e8s de 1 000 MW suppl\u00e9mentaires sur l\u2019ann\u00e9e. \u00c9olien\u00a0: hausse de 6\u00a0% de la production La fili\u00e8re \u00e9olienne, apr\u00e8s\u2026","rel":"","context":"Dans &quot;Energie&quot;","block_context":{"text":"Energie","link":"https:\/\/www.enviroscop.fr\/actu\/category\/energie\/"},"img":{"alt_text":"","src":"https:\/\/i0.wp.com\/www.developpement-durable.gouv.fr\/IMG\/png\/courbe_e-pv.png?resize=350%2C200","width":350,"height":200},"classes":[]},{"id":4533,"url":"https:\/\/www.enviroscop.fr\/actu\/2021\/12\/panorama-de-lelectricite-renouvelable-au-30-septembre-2021\/","url_meta":{"origin":3757,"position":2},"title":"Panorama de l&rsquo;\u00e9lectricit\u00e9 renouvelable au 30 septembre 2021","author":"Enviroscop","date":"10 d\u00e9cembre 2021","format":false,"excerpt":"La puissance totale du parc \u00e9lectrique EnR \u2013 \u00e9olien, solaire, hydro\u00e9lectricit\u00e9 et bio\u00e9nergies \u2013 s\u2019\u00e9l\u00e8ve, au 30 septembre 2021, \u00e0 58 759 MW, en hausse de 2 876 MW sur les trois premiers trimestres de l\u2019ann\u00e9e 2021 (3 543 MW sur les douze derniers mois), chiffre d\u00e9j\u00e0 sup\u00e9rieur au record\u2026","rel":"","context":"Dans &quot;Energie&quot;","block_context":{"text":"Energie","link":"https:\/\/www.enviroscop.fr\/actu\/category\/energie\/"},"img":{"alt_text":"RTE","src":"https:\/\/i0.wp.com\/ccibusiness.fr\/sites\/default\/files\/styles\/article_detail_620_320\/public\/2021-12\/RTE_logo.svg_.png?resize=350%2C200&ssl=1","width":350,"height":200},"classes":[]},{"id":2604,"url":"https:\/\/www.enviroscop.fr\/actu\/2016\/05\/tableau-de-bord-eolien-premier-trimestre-2016\/","url_meta":{"origin":3757,"position":3},"title":"Tableau de bord : \u00e9olien &#8211; Premier trimestre 2016","author":"Enviroscop","date":"30 mai 2016","format":false,"excerpt":"Chiffres et statistiques n\u00b0 764 - mai 2016 La puissance du parc \u00e9olien fran\u00e7ais atteint 10 460 MW fin mars 2016. Le seuil de 10 GW a \u00e9t\u00e9 franchi courant 2015, ann\u00e9e qui, avec une puissance raccord\u00e9e de 944 MW, s\u2019inscrit en net retrait par rapport \u00e0 2014 (- 20\u2026","rel":"","context":"Dans &quot;Energie&quot;","block_context":{"text":"Energie","link":"https:\/\/www.enviroscop.fr\/actu\/category\/energie\/"},"img":{"alt_text":"","src":"https:\/\/i0.wp.com\/www.statistiques.developpement-durable.gouv.fr\/uploads\/pics\/cs764.jpg?resize=350%2C200","width":350,"height":200},"classes":[]},{"id":209,"url":"https:\/\/www.enviroscop.fr\/actu\/2010\/04\/le-parc-olien-franais-gagne-en-puissance\/","url_meta":{"origin":3757,"position":4},"title":"Le parc \u00e9olien fran\u00e7ais gagne en puissance","author":"Enviroscop","date":"7 avril 2010","format":false,"excerpt":"La production d?????nergie ??olienne a continu?? d???augmenter en France en 2009, mesure que se sont ??toff??s les parcs et leur puissance install??e. La puissance ??olienne raccord??e au r??seau ??tait de 4.400 MW l???an pass??, soit pr??s d...","rel":"","context":"Dans &quot;Eolien&quot;","block_context":{"text":"Eolien","link":"https:\/\/www.enviroscop.fr\/actu\/category\/energie\/renouvelable\/eolien\/"},"img":{"alt_text":"Moz-screenshot","src":"https:\/\/i0.wp.com\/www.enviroscop.fr\/actu\/wp-content\/uploads\/2013\/02\/moz-screenshot.png?resize=350%2C200","width":350,"height":200},"classes":[]},{"id":2160,"url":"https:\/\/www.enviroscop.fr\/actu\/2014\/12\/tableau-de-bord-eolien-photovoltaique-2\/","url_meta":{"origin":3757,"position":5},"title":"Tableau de bord \u00e9olien-photovolta\u00efque","author":"Enviroscop","date":"1 d\u00e9cembre 2014","format":false,"excerpt":"La puissance du parc \u00e9olien fran\u00e7ais s\u2019\u00e9l\u00e8ve \u00e0 8\u00a0807\u00a0MW\u00a0fin septembre 2014. L\u2019ann\u00e9e 2014 sera meilleure que 2013 en termes de\u00a0puissance raccord\u00e9e pour l\u2019\u00e9olien. La puissance raccord\u00e9e de\u00a0janvier \u00e0 septembre 2014 atteint en effet pr\u00e8s de 600 MW\u00a0d\u2019apr\u00e8s des chiffres provisoires, contre 581 MW raccord\u00e9s\u00a0sur l\u2019ensemble de l\u2019ann\u00e9e 2013. La baisse\u2026","rel":"","context":"Dans &quot;Economie&quot;","block_context":{"text":"Economie","link":"https:\/\/www.enviroscop.fr\/actu\/category\/activite\/economie\/"},"img":{"alt_text":"","src":"","width":0,"height":0},"classes":[]}],"jetpack_sharing_enabled":true,"_links":{"self":[{"href":"https:\/\/www.enviroscop.fr\/actu\/wp-json\/wp\/v2\/posts\/3757","targetHints":{"allow":["GET"]}}],"collection":[{"href":"https:\/\/www.enviroscop.fr\/actu\/wp-json\/wp\/v2\/posts"}],"about":[{"href":"https:\/\/www.enviroscop.fr\/actu\/wp-json\/wp\/v2\/types\/post"}],"author":[{"embeddable":true,"href":"https:\/\/www.enviroscop.fr\/actu\/wp-json\/wp\/v2\/users\/1"}],"replies":[{"embeddable":true,"href":"https:\/\/www.enviroscop.fr\/actu\/wp-json\/wp\/v2\/comments?post=3757"}],"version-history":[{"count":1,"href":"https:\/\/www.enviroscop.fr\/actu\/wp-json\/wp\/v2\/posts\/3757\/revisions"}],"predecessor-version":[{"id":3758,"href":"https:\/\/www.enviroscop.fr\/actu\/wp-json\/wp\/v2\/posts\/3757\/revisions\/3758"}],"wp:attachment":[{"href":"https:\/\/www.enviroscop.fr\/actu\/wp-json\/wp\/v2\/media?parent=3757"}],"wp:term":[{"taxonomy":"category","embeddable":true,"href":"https:\/\/www.enviroscop.fr\/actu\/wp-json\/wp\/v2\/categories?post=3757"},{"taxonomy":"post_tag","embeddable":true,"href":"https:\/\/www.enviroscop.fr\/actu\/wp-json\/wp\/v2\/tags?post=3757"}],"curies":[{"name":"wp","href":"https:\/\/api.w.org\/{rel}","templated":true}]}}