{"id":3771,"date":"2020-06-11T10:38:35","date_gmt":"2020-06-11T09:38:35","guid":{"rendered":"http:\/\/www.enviroscop.fr\/actu\/?p=3771"},"modified":"2020-06-11T10:38:35","modified_gmt":"2020-06-11T09:38:35","slug":"interdiction-de-destruction-despeces-protegees-lexploitation-dune-carriere-peut-repondre-a-une-raison-imperative-dinteret-public-majeur-conseil-detat","status":"publish","type":"post","link":"https:\/\/www.enviroscop.fr\/actu\/2020\/06\/interdiction-de-destruction-despeces-protegees-lexploitation-dune-carriere-peut-repondre-a-une-raison-imperative-dinteret-public-majeur-conseil-detat\/","title":{"rendered":"Interdiction de destruction d&rsquo;esp\u00e8ces prot\u00e9g\u00e9es : l&rsquo;exploitation d&rsquo;une carri\u00e8re peut r\u00e9pondre \u00e0 une \u00ab\u00a0raison imp\u00e9rative d&rsquo;int\u00e9r\u00eat public majeur\u00a0\u00bb (Conseil d&rsquo;Etat)"},"content":{"rendered":"<p>Par une d\u00e9cision n\u00b0N\u00b0 425395 du 3 juin 2020, le Conseil d&rsquo;Etat a jug\u00e9 que l&rsquo;exploitation d&rsquo;une carri\u00e8re peut, \u00e0 certaines conditions tr\u00e8s pr\u00e9cises, r\u00e9pondre \u00e0 une raison d&rsquo;imp\u00e9ratif majeur.<\/p>\n<p><a href=\"http:\/\/www.arnaudgossement.com\/archive\/2020\/06\/08\/interdiction-de-destruction-d-especes-protegees-conseil-d-et-6244481.html#more\" target=\"_blank\" rel=\"noopener noreferrer\">L&rsquo;int\u00e9gralit\u00e9 de l&rsquo;analyse sur le site de notre confr\u00e8re Arnaud Gossement.<\/a><\/p>\n","protected":false},"excerpt":{"rendered":"<p>Par une d\u00e9cision n\u00b0N\u00b0 425395 du 3 juin 2020, le Conseil d&rsquo;Etat a jug\u00e9 que l&rsquo;exploitation d&rsquo;une carri\u00e8re peut, \u00e0 certaines conditions tr\u00e8s pr\u00e9cises, r\u00e9pondre \u00e0 une raison d&rsquo;imp\u00e9ratif majeur. L&rsquo;int\u00e9gralit\u00e9 de l&rsquo;analyse sur le site de notre confr\u00e8re Arnaud Gossement.<\/p>\n","protected":false},"author":1,"featured_media":0,"comment_status":"open","ping_status":"open","sticky":false,"template":"","format":"standard","meta":{"jetpack_post_was_ever_published":false,"_jetpack_newsletter_access":"","_jetpack_dont_email_post_to_subs":false,"_jetpack_newsletter_tier_id":0,"_jetpack_memberships_contains_paywalled_content":false,"_jetpack_memberships_contains_paid_content":false,"footnotes":"","jetpack_publicize_message":"","jetpack_publicize_feature_enabled":true,"jetpack_social_post_already_shared":true,"jetpack_social_options":{"image_generator_settings":{"template":"highway","default_image_id":0,"font":"","enabled":false},"version":2}},"categories":[11,13,78,10,67],"tags":[],"class_list":["post-3771","post","type-post","status-publish","format-standard","hentry","category-biodiversite","category-carrieres","category-conseil-detat","category-evaluation","category-nature","item-wrap"],"jetpack_publicize_connections":[],"jetpack_featured_media_url":"","jetpack_shortlink":"https:\/\/wp.me\/p3rXAp-YP","jetpack_likes_enabled":true,"jetpack-related-posts":[{"id":2730,"url":"https:\/\/www.enviroscop.fr\/actu\/2017\/01\/icpe-le-conseil-detat-precise-les-conditions-dopposabilite-des-documents-durbanisme-aux-autorisations-dexploiter\/","url_meta":{"origin":3771,"position":0},"title":"ICPE : le Conseil d&rsquo;Etat pr\u00e9cise les conditions d&rsquo;opposabilit\u00e9 des documents d&rsquo;urbanisme aux autorisations d&rsquo;exploiter","author":"Enviroscop","date":"11 janvier 2017","format":false,"excerpt":"La d\u00e9cision du Conseil d\u2019Etat en date du 16 d\u00e9cembre 2016 (n\u00b0391452) apporte des \u00e9l\u00e9ments tr\u00e8s importants concernant l\u2019opposabilit\u00e9 des r\u00e8gles d\u2019occupation des sols aux d\u00e9cisions autorisant l\u2019exploitation d\u2019une installation class\u00e9e pour la protection de l\u2019environnement (ICPE). Analyse de notre confr\u00e8re Arnaud Gossement. Source\u00a0: ICPE : le Conseil d'Etat pr\u00e9cise\u2026","rel":"","context":"Dans &quot;Am\u00e9nagement&quot;","block_context":{"text":"Am\u00e9nagement","link":"https:\/\/www.enviroscop.fr\/actu\/category\/amenagement\/"},"img":{"alt_text":"","src":"","width":0,"height":0},"classes":[]},{"id":3027,"url":"https:\/\/www.enviroscop.fr\/actu\/2018\/05\/levaluation-environnementale-dun-plan-peut-etre-requise-meme-sans-texte-reglementaire-conseil-detat\/","url_meta":{"origin":3771,"position":1},"title":"L\u2019\u00e9valuation environnementale d\u2019un plan peut \u00eatre requise m\u00eame sans texte r\u00e9glementaire (Conseil d\u2019Etat)","author":"Enviroscop","date":"31 mai 2018","format":false,"excerpt":"Par une\u00a0d\u00e9cision n\u00b0408887 en date du 16 mai 2018, le Conseil d\u2019Etat a jug\u00e9 que l'\u00e9valuation\u00a0 environnementale d'un plan ou d'un programme peut \u00eatre requise sur le seul fondement de l\u2019article L. 122-4 de l\u2019environnement . En cons\u00e9quence, le Conseil d\u2019Etat a pr\u00e9cis\u00e9 que le sch\u00e9ma r\u00e9gional du climat, de\u2026","rel":"","context":"Dans &quot;Etude d'impact&quot;","block_context":{"text":"Etude d'impact","link":"https:\/\/www.enviroscop.fr\/actu\/category\/evaluation\/etude-dimpact\/"},"img":{"alt_text":"","src":"","width":0,"height":0},"classes":[]},{"id":5228,"url":"https:\/\/www.enviroscop.fr\/actu\/2023\/04\/etude-dimpact-le-porteur-de-projet-doit-analyser-les-incidences-directes-de-louvrage-sur-lenvironnement-mais-aussi-les-incidences-indirectes-de-son-utilisation-et-de-son-exploitation-conseil\/","url_meta":{"origin":3771,"position":2},"title":"Etude d&rsquo;impact : le porteur de projet doit analyser les incidences directes de l&rsquo;ouvrage sur l&rsquo;environnement mais aussi les incidences indirectes de son utilisation et de son exploitation (Conseil d&rsquo;Etat, 27 mars 2023, n\u00b0450135 &#8211; centrale biomasse de Gardanne)","author":"Enviroscop","date":"26 avril 2023","format":false,"excerpt":"Par une d\u00e9cision - tr\u00e8s importante - n\u00b0450135 du 27 mars 2023, le Conseil d'Etat a confirm\u00e9 l'annulation de l'autorisation d'exploiter la centrale biomasse de Provence (Gardanne). Cette autorisation proc\u00e8de en effet d'une \u00e9tude d'impact insuffisante, cette derni\u00e8re ne comportant pas d'analyse\u00a0des incidences pr\u00e9visibles de l'utilisation et de l'exploitation de\u2026","rel":"","context":"Dans &quot;Arnaud Gossement&quot;","block_context":{"text":"Arnaud Gossement","link":"https:\/\/www.enviroscop.fr\/actu\/category\/source\/arnaud-gossement\/"},"img":{"alt_text":"","src":"https:\/\/i0.wp.com\/www.enviroscop.fr\/actu\/wp-content\/uploads\/2013\/05\/17141_une.jpg?resize=350%2C200&ssl=1","width":350,"height":200},"classes":[]},{"id":4184,"url":"https:\/\/www.enviroscop.fr\/actu\/2021\/04\/evaluation-environnementale-et-clause-filet-letat-doit-reviser-la-liste-des-projets-soumis-a-etude-dimpact-dans-un-delai-de-9-mois-conseil-detat\/","url_meta":{"origin":3771,"position":3},"title":"Evaluation environnementale et \u00ab\u00a0clause filet\u00a0\u00bb : l&rsquo;Etat doit r\u00e9viser la liste des projets soumis \u00e0 \u00e9tude d&rsquo;impact dans un d\u00e9lai de 9 mois (Conseil d&rsquo;Etat)","author":"Enviroscop","date":"28 avril 2021","format":false,"excerpt":"Par arr\u00eat n\u00b0425424 du 15 avril 2021, le Conseil d'Etat\u00a0a, \u00e0 la demande de l'association France Nature Environnement, enjoint au Premier ministre de r\u00e9viser, dans un d\u00e9lai de 9 mois, la nomenclature des projets soumis \u00e0 \u00e9valuation environnementale. Et ce, de mani\u00e8re \u00e0 ce que cette nomenclature ne soit plus\u2026","rel":"","context":"Dans &quot;Conseil d'Etat&quot;","block_context":{"text":"Conseil d'Etat","link":"https:\/\/www.enviroscop.fr\/actu\/category\/juridique\/conseil-detat\/"},"img":{"alt_text":"","src":"https:\/\/i0.wp.com\/www.enviroscop.fr\/actu\/wp-content\/uploads\/2013\/05\/17141_une.jpg?resize=350%2C200","width":350,"height":200},"classes":[]},{"id":2003,"url":"https:\/\/www.enviroscop.fr\/actu\/2014\/07\/la-charte-dun-parc-naturel-regional-peut-imposer-la-localisation-des-carrieres\/","url_meta":{"origin":3771,"position":4},"title":"La charte d&rsquo;un parc naturel r\u00e9gional peut imposer la localisation des carri\u00e8res","author":"Enviroscop","date":"10 juillet 2014","format":false,"excerpt":"Le Conseil d'Etat a rejet\u00e9 le 25 juin une requ\u00eate de l'Union nationale des industries de carri\u00e8res et des mat\u00e9riaux de construction (Unicem) Midi-Pyr\u00e9n\u00e9es et Languedoc-Roussillon, qui visait \u00e0 faire annuler le d\u00e9cret de classement du parc naturel r\u00e9gional du Haut-Languedoc. A cette occasion, le Conseil d'Etat affine sa jurisprudence\u2026","rel":"","context":"Dans &quot;Carri\u00e8res&quot;","block_context":{"text":"Carri\u00e8res","link":"https:\/\/www.enviroscop.fr\/actu\/category\/icpe\/carrieres\/"},"img":{"alt_text":"","src":"","width":0,"height":0},"classes":[]},{"id":3270,"url":"https:\/\/www.enviroscop.fr\/actu\/2019\/03\/autorisation-environnementale-autorite-environnementale-annulation-partielle-du-decret-n-2017-626-du-5-avril-2017-conseil-detat\/","url_meta":{"origin":3771,"position":5},"title":"Autorisation environnementale \/ Autorit\u00e9 environnementale : annulation partielle du d\u00e9cret n\u00b0 2017-626 du 5 avril 2017 (Conseil d\u2019Etat)","author":"Enviroscop","date":"22 mars 2019","format":false,"excerpt":"Par une\u00a0d\u00e9cision en date du 13 mars 2019 (n\u00b0 414930), le Conseil d\u2019Etat a apport\u00e9 plusieurs pr\u00e9cisions sur l\u2019\u00e9valuation environnementale et sa proc\u00e9dure. Dans cette affaire, une association agr\u00e9e pour la protection de l\u2019environnement a form\u00e9 une demande d\u2019abrogation du d\u00e9cret n\u00b0 2017-626 du 5 avril 2017 relatif aux proc\u00e9dures\u2026","rel":"","context":"Dans &quot;Conseil d'Etat&quot;","block_context":{"text":"Conseil d'Etat","link":"https:\/\/www.enviroscop.fr\/actu\/category\/juridique\/conseil-detat\/"},"img":{"alt_text":"","src":"","width":0,"height":0},"classes":[]}],"jetpack_sharing_enabled":true,"_links":{"self":[{"href":"https:\/\/www.enviroscop.fr\/actu\/wp-json\/wp\/v2\/posts\/3771","targetHints":{"allow":["GET"]}}],"collection":[{"href":"https:\/\/www.enviroscop.fr\/actu\/wp-json\/wp\/v2\/posts"}],"about":[{"href":"https:\/\/www.enviroscop.fr\/actu\/wp-json\/wp\/v2\/types\/post"}],"author":[{"embeddable":true,"href":"https:\/\/www.enviroscop.fr\/actu\/wp-json\/wp\/v2\/users\/1"}],"replies":[{"embeddable":true,"href":"https:\/\/www.enviroscop.fr\/actu\/wp-json\/wp\/v2\/comments?post=3771"}],"version-history":[{"count":1,"href":"https:\/\/www.enviroscop.fr\/actu\/wp-json\/wp\/v2\/posts\/3771\/revisions"}],"predecessor-version":[{"id":3772,"href":"https:\/\/www.enviroscop.fr\/actu\/wp-json\/wp\/v2\/posts\/3771\/revisions\/3772"}],"wp:attachment":[{"href":"https:\/\/www.enviroscop.fr\/actu\/wp-json\/wp\/v2\/media?parent=3771"}],"wp:term":[{"taxonomy":"category","embeddable":true,"href":"https:\/\/www.enviroscop.fr\/actu\/wp-json\/wp\/v2\/categories?post=3771"},{"taxonomy":"post_tag","embeddable":true,"href":"https:\/\/www.enviroscop.fr\/actu\/wp-json\/wp\/v2\/tags?post=3771"}],"curies":[{"name":"wp","href":"https:\/\/api.w.org\/{rel}","templated":true}]}}