{"id":3816,"date":"2020-08-31T12:24:29","date_gmt":"2020-08-31T11:24:29","guid":{"rendered":"http:\/\/www.enviroscop.fr\/actu\/?p=3816"},"modified":"2020-08-31T12:24:29","modified_gmt":"2020-08-31T11:24:29","slug":"grand-est-panorama-des-energies-renouvelables-et-de-recuperation-edition-2020","status":"publish","type":"post","link":"https:\/\/www.enviroscop.fr\/actu\/2020\/08\/grand-est-panorama-des-energies-renouvelables-et-de-recuperation-edition-2020\/","title":{"rendered":"Grand-Est : Panorama des \u00e9nergies renouvelables et de r\u00e9cup\u00e9ration \u2013 \u00e9dition 2020"},"content":{"rendered":"<p><img data-recalc-dims=\"1\" decoding=\"async\" class=\"alignleft\" src=\"https:\/\/i0.wp.com\/www.grand-est.developpement-durable.gouv.fr\/local\/cache-vignettes\/L176xH251\/arton19532-80bc2.png?w=750\" \/>Pour la cinqui\u00e8me ann\u00e9e cons\u00e9cutive, la DREAL publie le Panorama des \u00c9nergies Renouvelables et de R\u00e9cup\u00e9ration du Grand Est. Ce panorama consacr\u00e9 \u00e0 l\u2019ann\u00e9e 2019 illustre, une fois encore, le dynamisme de ces fili\u00e8res dans notre r\u00e9gion.<\/p>\n<p>Le Grand Est est toujours la deuxi\u00e8me r\u00e9gion fran\u00e7aise en \u00e9olien en puissance et en production, derri\u00e8re les Hauts-de-France et la premi\u00e8re r\u00e9gion en nombre d\u2019installations et en puissance install\u00e9e pour la m\u00e9thanisation ainsi qu\u2019en capacit\u00e9 de biom\u00e9thane inject\u00e9. Les conditions m\u00e9t\u00e9orologiques de 2019 particuli\u00e8rement favorables ont permis une augmentation de la production d\u2019\u00e9lectricit\u00e9 issue de l\u2019\u00e9olien de 22\u00a0% et de l\u2019hydro\u00e9lectricit\u00e9 de 18\u00a0%.<\/p>\n<p>&nbsp;<\/p>\n<p>Pour lire l&rsquo;int\u00e9gralit\u00e9 de l&rsquo;article, <a href=\"http:\/\/www.grand-est.developpement-durable.gouv.fr\/panorama-des-energies-renouvelables-et-de-a19532.html\" target=\"_blank\" rel=\"noopener noreferrer\">c&rsquo;est ICI<\/a><\/p>\n","protected":false},"excerpt":{"rendered":"<p>Pour la cinqui\u00e8me ann\u00e9e cons\u00e9cutive, la DREAL publie le Panorama des \u00c9nergies Renouvelables et de R\u00e9cup\u00e9ration du Grand Est. Ce panorama consacr\u00e9 \u00e0 l\u2019ann\u00e9e 2019 illustre, une fois encore, le dynamisme de ces fili\u00e8res dans notre r\u00e9gion. Le Grand Est est toujours la deuxi\u00e8me r\u00e9gion fran\u00e7aise en \u00e9olien en puissance et en production, derri\u00e8re les &hellip; <\/p>\n<p><a class=\"more-link btn\" href=\"https:\/\/www.enviroscop.fr\/actu\/2020\/08\/grand-est-panorama-des-energies-renouvelables-et-de-recuperation-edition-2020\/\">Lire la suite<\/a><\/p>\n","protected":false},"author":1,"featured_media":0,"comment_status":"open","ping_status":"open","sticky":false,"template":"","format":"standard","meta":{"jetpack_post_was_ever_published":false,"_jetpack_newsletter_access":"","_jetpack_dont_email_post_to_subs":false,"_jetpack_newsletter_tier_id":0,"_jetpack_memberships_contains_paywalled_content":false,"_jetpack_memberships_contains_paid_content":false,"footnotes":"","jetpack_publicize_message":"","jetpack_publicize_feature_enabled":true,"jetpack_social_post_already_shared":true,"jetpack_social_options":{"image_generator_settings":{"template":"highway","default_image_id":0,"font":"","enabled":false},"version":2}},"categories":[7,120],"tags":[],"class_list":["post-3816","post","type-post","status-publish","format-standard","hentry","category-energie","category-grand-est","item-wrap"],"jetpack_publicize_connections":[],"jetpack_featured_media_url":"","jetpack_shortlink":"https:\/\/wp.me\/p3rXAp-Zy","jetpack_likes_enabled":true,"jetpack-related-posts":[{"id":2732,"url":"https:\/\/www.enviroscop.fr\/actu\/2017\/01\/barometre-des-energies-renouvelables-2\/","url_meta":{"origin":3816,"position":0},"title":"Barom\u00e8tre des \u00e9nergies renouvelables","author":"Enviroscop","date":"12 janvier 2017","format":false,"excerpt":"Pour la septi\u00e8me ann\u00e9e, Observ\u2019ER r\u00e9alise son barom\u00e8tre des \u00e9nergies renouvelables \u00e9lectriques en France. Toutes les fili\u00e8res renouvelables de production \u00e9lectrique sont analys\u00e9es \u00e0 travers un ensemble d\u2019indicateurs et d\u2019informations \u00e9nerg\u00e9tiques, socio-\u00e9conomiques et industriels. Pour chacun des secteurs \u00e9tudi\u00e9s, ce barom\u00e8tre propose une lecture dynamique de son d\u00e9veloppement r\u00e9cent \u00e0\u2026","rel":"","context":"Dans &quot;Energie&quot;","block_context":{"text":"Energie","link":"https:\/\/www.enviroscop.fr\/actu\/category\/energie\/"},"img":{"alt_text":"","src":"","width":0,"height":0},"classes":[]},{"id":2558,"url":"https:\/\/www.enviroscop.fr\/actu\/2016\/02\/barometre-des-energies-renouvelables\/","url_meta":{"origin":3816,"position":1},"title":"Barom\u00e8tre des \u00e9nergies renouvelables","author":"Enviroscop","date":"19 f\u00e9vrier 2016","format":false,"excerpt":"Pour la sixi\u00e8me ann\u00e9e, Observ\u2019ER r\u00e9alise son barom\u00e8tre des \u00e9nergies renouvelables \u00e9lectriques en France. Toutes les fili\u00e8res de production sont analys\u00e9es \u00e0 travers un ensemble d\u2019indicateurs \u00e9nerg\u00e9tiques, socio-\u00e9conomiques et industriels. Pour chacun des secteurs \u00e9tudi\u00e9s, ce barom\u00e8tre propose une lecture dynamique de leur d\u00e9veloppement r\u00e9cent \u00e0 la lumi\u00e8re des objectifs\u2026","rel":"","context":"Dans &quot;Energie&quot;","block_context":{"text":"Energie","link":"https:\/\/www.enviroscop.fr\/actu\/category\/energie\/"},"img":{"alt_text":"","src":"","width":0,"height":0},"classes":[]},{"id":2981,"url":"https:\/\/www.enviroscop.fr\/actu\/2018\/01\/parution-du-barometre-2017-des-enr-en-france\/","url_meta":{"origin":3816,"position":2},"title":"Parution du barom\u00e8tre 2017 des ENR en France","author":"Enviroscop","date":"11 janvier 2018","format":false,"excerpt":"Pour la huiti\u00e8me ann\u00e9e, Observ\u2019ER\u00a0r\u00e9alise son \u201cBarom\u00e8tre des \u00e9nergies\u00a0renouvelables \u00e9lectriques en\u00a0 France\u201d. Toutes les fili\u00e8res renouvelables de\u00a0production \u00e9lectrique sont analys\u00e9es \u00e0\u00a0travers un ensemble d\u2019informations et\u00a0d\u2019indicateurs \u00e9nerg\u00e9tiques, socio-\u00e9conomiques\u00a0et industriels. Pour chacun des secteurs \u00e9tudi\u00e9s, ce barom\u00e8tre\u00a0propose une lecture dynamique du\u00a0d\u00e9veloppement r\u00e9cent \u00e0 la lumi\u00e8re des\u00a0objectifs de puissance et\/ou de production\u00a0suppl\u00e9mentaire \u00e0\u2026","rel":"","context":"Dans &quot;ADEME&quot;","block_context":{"text":"ADEME","link":"https:\/\/www.enviroscop.fr\/actu\/category\/source\/ademe\/"},"img":{"alt_text":"","src":"","width":0,"height":0},"classes":[]},{"id":5197,"url":"https:\/\/www.enviroscop.fr\/actu\/2023\/03\/rwe-sengage-localement-pour-reduire-la-facture-des-riverains-de-ses-parcs-eoliens-et-solaires\/","url_meta":{"origin":3816,"position":3},"title":"RWE s\u2019engage localement pour r\u00e9duire la facture des riverains de ses parcs \u00e9oliens et solaires","author":"Enviroscop","date":"27 mars 2023","format":false,"excerpt":"RWE a d\u00e9velopp\u00e9 une offre attractive allant jusqu\u2019\u00e0 50 % de la facture annuelle d\u2019\u00e9lectricit\u00e9 des foyers situ\u00e9s sur les communes d\u2019implantation d\u2019\u00e9nergies renouvelables solaire ou \u00e9olien, permettant d\u2019associer directement les riverains aux retomb\u00e9es de la production locale d\u2019\u00e9lectricit\u00e9. \u00a0 \u00a0 RWE, acteur majeur de la transition \u00e9nerg\u00e9tique, est \u00e0\u2026","rel":"","context":"Dans &quot;Consommation&quot;","block_context":{"text":"Consommation","link":"https:\/\/www.enviroscop.fr\/actu\/category\/energie\/consommation\/"},"img":{"alt_text":"RWE","src":"https:\/\/tecsol.blogs.com\/.a\/6a00d8341bfe5d53ef02b75177ec5f200b-580wi","width":350,"height":200},"classes":[]},{"id":209,"url":"https:\/\/www.enviroscop.fr\/actu\/2010\/04\/le-parc-olien-franais-gagne-en-puissance\/","url_meta":{"origin":3816,"position":4},"title":"Le parc \u00e9olien fran\u00e7ais gagne en puissance","author":"Enviroscop","date":"7 avril 2010","format":false,"excerpt":"La production d?????nergie ??olienne a continu?? d???augmenter en France en 2009, mesure que se sont ??toff??s les parcs et leur puissance install??e. La puissance ??olienne raccord??e au r??seau ??tait de 4.400 MW l???an pass??, soit pr??s d...","rel":"","context":"Dans &quot;Eolien&quot;","block_context":{"text":"Eolien","link":"https:\/\/www.enviroscop.fr\/actu\/category\/energie\/renouvelable\/eolien\/"},"img":{"alt_text":"Moz-screenshot","src":"https:\/\/i0.wp.com\/www.enviroscop.fr\/actu\/wp-content\/uploads\/2013\/02\/moz-screenshot.png?resize=350%2C200","width":350,"height":200},"classes":[]},{"id":4533,"url":"https:\/\/www.enviroscop.fr\/actu\/2021\/12\/panorama-de-lelectricite-renouvelable-au-30-septembre-2021\/","url_meta":{"origin":3816,"position":5},"title":"Panorama de l&rsquo;\u00e9lectricit\u00e9 renouvelable au 30 septembre 2021","author":"Enviroscop","date":"10 d\u00e9cembre 2021","format":false,"excerpt":"La puissance totale du parc \u00e9lectrique EnR \u2013 \u00e9olien, solaire, hydro\u00e9lectricit\u00e9 et bio\u00e9nergies \u2013 s\u2019\u00e9l\u00e8ve, au 30 septembre 2021, \u00e0 58 759 MW, en hausse de 2 876 MW sur les trois premiers trimestres de l\u2019ann\u00e9e 2021 (3 543 MW sur les douze derniers mois), chiffre d\u00e9j\u00e0 sup\u00e9rieur au record\u2026","rel":"","context":"Dans &quot;Energie&quot;","block_context":{"text":"Energie","link":"https:\/\/www.enviroscop.fr\/actu\/category\/energie\/"},"img":{"alt_text":"RTE","src":"https:\/\/i0.wp.com\/ccibusiness.fr\/sites\/default\/files\/styles\/article_detail_620_320\/public\/2021-12\/RTE_logo.svg_.png?resize=350%2C200&ssl=1","width":350,"height":200},"classes":[]}],"jetpack_sharing_enabled":true,"_links":{"self":[{"href":"https:\/\/www.enviroscop.fr\/actu\/wp-json\/wp\/v2\/posts\/3816","targetHints":{"allow":["GET"]}}],"collection":[{"href":"https:\/\/www.enviroscop.fr\/actu\/wp-json\/wp\/v2\/posts"}],"about":[{"href":"https:\/\/www.enviroscop.fr\/actu\/wp-json\/wp\/v2\/types\/post"}],"author":[{"embeddable":true,"href":"https:\/\/www.enviroscop.fr\/actu\/wp-json\/wp\/v2\/users\/1"}],"replies":[{"embeddable":true,"href":"https:\/\/www.enviroscop.fr\/actu\/wp-json\/wp\/v2\/comments?post=3816"}],"version-history":[{"count":1,"href":"https:\/\/www.enviroscop.fr\/actu\/wp-json\/wp\/v2\/posts\/3816\/revisions"}],"predecessor-version":[{"id":3817,"href":"https:\/\/www.enviroscop.fr\/actu\/wp-json\/wp\/v2\/posts\/3816\/revisions\/3817"}],"wp:attachment":[{"href":"https:\/\/www.enviroscop.fr\/actu\/wp-json\/wp\/v2\/media?parent=3816"}],"wp:term":[{"taxonomy":"category","embeddable":true,"href":"https:\/\/www.enviroscop.fr\/actu\/wp-json\/wp\/v2\/categories?post=3816"},{"taxonomy":"post_tag","embeddable":true,"href":"https:\/\/www.enviroscop.fr\/actu\/wp-json\/wp\/v2\/tags?post=3816"}],"curies":[{"name":"wp","href":"https:\/\/api.w.org\/{rel}","templated":true}]}}