{"id":3818,"date":"2020-08-31T12:34:50","date_gmt":"2020-08-31T11:34:50","guid":{"rendered":"http:\/\/www.enviroscop.fr\/actu\/?p=3818"},"modified":"2020-08-31T12:34:50","modified_gmt":"2020-08-31T11:34:50","slug":"nouvelle-nomenclature-iota","status":"publish","type":"post","link":"https:\/\/www.enviroscop.fr\/actu\/2020\/08\/nouvelle-nomenclature-iota\/","title":{"rendered":"Nouvelle nomenclature IOTA"},"content":{"rendered":"<p><img data-recalc-dims=\"1\" loading=\"lazy\" decoding=\"async\" data-attachment-id=\"3455\" data-permalink=\"https:\/\/www.enviroscop.fr\/actu\/2019\/08\/obstacle-a-la-continuite-ecologique-en-riviere-quelques-precisions-dans-un-decret\/p1080957\/\" data-orig-file=\"https:\/\/i0.wp.com\/www.enviroscop.fr\/actu\/wp-content\/uploads\/2019\/08\/P1080957.jpg?fit=1300%2C975&amp;ssl=1\" data-orig-size=\"1300,975\" data-comments-opened=\"1\" data-image-meta=\"{&quot;aperture&quot;:&quot;0&quot;,&quot;credit&quot;:&quot;&quot;,&quot;camera&quot;:&quot;&quot;,&quot;caption&quot;:&quot;&quot;,&quot;created_timestamp&quot;:&quot;0&quot;,&quot;copyright&quot;:&quot;&quot;,&quot;focal_length&quot;:&quot;0&quot;,&quot;iso&quot;:&quot;0&quot;,&quot;shutter_speed&quot;:&quot;0&quot;,&quot;title&quot;:&quot;&quot;,&quot;orientation&quot;:&quot;0&quot;}\" data-image-title=\"P1080957\" data-image-description=\"\" data-image-caption=\"\" data-large-file=\"https:\/\/i0.wp.com\/www.enviroscop.fr\/actu\/wp-content\/uploads\/2019\/08\/P1080957.jpg?fit=750%2C563&amp;ssl=1\" class=\"alignleft size-medium wp-image-3455\" src=\"https:\/\/i0.wp.com\/www.enviroscop.fr\/actu\/wp-content\/uploads\/2019\/08\/P1080957.jpg?resize=300%2C225&#038;ssl=1\" alt=\"\" width=\"300\" height=\"225\" srcset=\"https:\/\/i0.wp.com\/www.enviroscop.fr\/actu\/wp-content\/uploads\/2019\/08\/P1080957.jpg?resize=300%2C225&amp;ssl=1 300w, https:\/\/i0.wp.com\/www.enviroscop.fr\/actu\/wp-content\/uploads\/2019\/08\/P1080957.jpg?resize=768%2C576&amp;ssl=1 768w, https:\/\/i0.wp.com\/www.enviroscop.fr\/actu\/wp-content\/uploads\/2019\/08\/P1080957.jpg?resize=1024%2C768&amp;ssl=1 1024w, https:\/\/i0.wp.com\/www.enviroscop.fr\/actu\/wp-content\/uploads\/2019\/08\/P1080957.jpg?w=1300&amp;ssl=1 1300w\" sizes=\"auto, (max-width: 300px) 100vw, 300px\" \/>Au journal officiel du 02 juillet 2020, deux d\u00e9crets et deux arr\u00eat\u00e9s ont \u00e9t\u00e9 publi\u00e9s. Ils visent \u00e0\u00a0<strong>simplifier le r\u00e9gime relatif aux IOTA, clarifier les dispositions applicables en la mati\u00e8re et atteindre les objectifs de l\u2019Union europ\u00e9enne notamment fix\u00e9s par la directive cadre sur l\u2019eau et la directive relative au traitement des eaux r\u00e9siduaires urbaines<\/strong>.<\/p>\n<p>Les deux d\u00e9crets modifient la nomenclature et la proc\u00e9dure en mati\u00e8re de police de l\u2019eau. Ce nouveau r\u00e9gime ne sera applicable qu\u2019aux\u00a0<strong>nouvelles demandes d\u2019autorisation et aux d\u00e9clarations d\u00e9pos\u00e9es \u00e0 compter du 1er septembre 2020.<\/strong><br class=\"autobr\" \/>Les deux premiers arr\u00eat\u00e9s publi\u00e9s sont relatifs aux rejets et la restauration des fonctionnalit\u00e9s naturelle. Par la suite, trois autres arr\u00eat\u00e9s devraient \u00eatre adopt\u00e9s concernant les boues, de l\u2019assainissement et les plans d\u2019eau et vidanges.<\/p>\n<p>Pour lire l&rsquo;int\u00e9gralit\u00e9 de l&rsquo;article, <a href=\"http:\/\/www.driee.ile-de-france.developpement-durable.gouv.fr\/la-nouvelle-nomenclature-iota-entre-en-vigueur-le-a4275.html\" target=\"_blank\" rel=\"noopener noreferrer\">c&rsquo;est ICI<\/a><\/p>\n","protected":false},"excerpt":{"rendered":"<p>Au journal officiel du 02 juillet 2020, deux d\u00e9crets et deux arr\u00eat\u00e9s ont \u00e9t\u00e9 publi\u00e9s. Ils visent \u00e0\u00a0simplifier le r\u00e9gime relatif aux IOTA, clarifier les dispositions applicables en la mati\u00e8re et atteindre les objectifs de l\u2019Union europ\u00e9enne notamment fix\u00e9s par la directive cadre sur l\u2019eau et la directive relative au traitement des eaux r\u00e9siduaires urbaines. &hellip; <\/p>\n<p><a class=\"more-link btn\" href=\"https:\/\/www.enviroscop.fr\/actu\/2020\/08\/nouvelle-nomenclature-iota\/\">Lire la suite<\/a><\/p>\n","protected":false},"author":1,"featured_media":0,"comment_status":"open","ping_status":"open","sticky":false,"template":"","format":"standard","meta":{"jetpack_post_was_ever_published":false,"_jetpack_newsletter_access":"","_jetpack_dont_email_post_to_subs":false,"_jetpack_newsletter_tier_id":0,"_jetpack_memberships_contains_paywalled_content":false,"_jetpack_memberships_contains_paid_content":false,"footnotes":"","jetpack_publicize_message":"","jetpack_publicize_feature_enabled":true,"jetpack_social_post_already_shared":true,"jetpack_social_options":{"image_generator_settings":{"template":"highway","default_image_id":0,"font":"","enabled":false},"version":2}},"categories":[71,21,68,35,46],"tags":[],"class_list":["post-3818","post","type-post","status-publish","format-standard","hentry","category-arrete","category-eau","category-france","category-juridique","category-risque","item-wrap"],"jetpack_publicize_connections":[],"jetpack_featured_media_url":"","jetpack_shortlink":"https:\/\/wp.me\/p3rXAp-ZA","jetpack_likes_enabled":true,"jetpack-related-posts":[{"id":4691,"url":"https:\/\/www.enviroscop.fr\/actu\/2022\/04\/installations-classees-pour-la-protection-de-lenvironnement-un-socle-de-prescriptions-homogeneise-les-procedures\/","url_meta":{"origin":3818,"position":0},"title":"Installations class\u00e9es pour la protection de l\u2019environnement : un socle de prescriptions homog\u00e9n\u00e9ise les proc\u00e9dures","author":"Enviroscop","date":"5 avril 2022","format":false,"excerpt":"Homog\u00e9n\u00e9iser les prescriptions \u00e0 l\u2019\u00e9chelle nationale et faciliter la phase d\u2019instruction des dossiers, tel est l\u2019objectif poursuivi par deux arr\u00eat\u00e9s minist\u00e9riels, publi\u00e9s ce 3 avril, d\u00e9finissant un tronc commun en mati\u00e8re de pr\u00e9vention de risques accidentels et chroniques de pollution de l\u2019air, de l\u2019eau ou des sols provenant des installations\u2026","rel":"","context":"Dans &quot;Arr\u00eat\u00e9&quot;","block_context":{"text":"Arr\u00eat\u00e9","link":"https:\/\/www.enviroscop.fr\/actu\/category\/juridique\/arrete\/"},"img":{"alt_text":"","src":"https:\/\/i0.wp.com\/www.enviroscop.fr\/actu\/wp-content\/uploads\/2013\/04\/carriere2.jpg?resize=350%2C200","width":350,"height":200,"srcset":"https:\/\/i0.wp.com\/www.enviroscop.fr\/actu\/wp-content\/uploads\/2013\/04\/carriere2.jpg?resize=350%2C200 1x, https:\/\/i0.wp.com\/www.enviroscop.fr\/actu\/wp-content\/uploads\/2013\/04\/carriere2.jpg?resize=525%2C300 1.5x, https:\/\/i0.wp.com\/www.enviroscop.fr\/actu\/wp-content\/uploads\/2013\/04\/carriere2.jpg?resize=700%2C400 2x, https:\/\/i0.wp.com\/www.enviroscop.fr\/actu\/wp-content\/uploads\/2013\/04\/carriere2.jpg?resize=1050%2C600 3x"},"classes":[]},{"id":3299,"url":"https:\/\/www.enviroscop.fr\/actu\/2019\/05\/modification-de-la-nomenclature-des-installations-ouvrages-travaux-activites-iota-soumis-a-la-loi-sur-leau\/","url_meta":{"origin":3818,"position":1},"title":"Modification de la nomenclature des installations, ouvrages, travaux et activit\u00e9s (IOTA) soumis \u00e0 la loi sur l\u2019eau","author":"Enviroscop","date":"6 mai 2019","format":false,"excerpt":"Le Gouvernement a souhait\u00e9 r\u00e9viser la nomenclature relative aux installations, ouvrages, travaux et activit\u00e9s (IOTA) ayant une incidence sur l\u2019eau ou le fonctionnement des \u00e9cosyst\u00e8mes aquatiques, dite nomenclature \u00ab\u00a0loi sur l\u2019eau\u00a0\u00bb, dans un objectif de simplification des proc\u00e9dures applicables, tout en veillant \u00e0 la bonne application du principe \u00e0 valeur\u2026","rel":"","context":"Dans &quot;Eau&quot;","block_context":{"text":"Eau","link":"https:\/\/www.enviroscop.fr\/actu\/category\/compartiments\/eau\/"},"img":{"alt_text":"","src":"","width":0,"height":0},"classes":[]},{"id":4750,"url":"https:\/\/www.enviroscop.fr\/actu\/2022\/05\/surveillance-et-evaluation-de-letat-des-eaux-publication-darretes-modificatifs-sur-fond-de-doutes-sur-latteinte-des-objectifs\/","url_meta":{"origin":3818,"position":2},"title":"Surveillance et \u00e9valuation de l\u2019\u00e9tat des eaux : publication d\u2019arr\u00eat\u00e9s modificatifs sur fond de doutes sur l\u2019atteinte des objectifs","author":"Enviroscop","date":"12 mai 2022","format":false,"excerpt":"Philie Marcangelo Leos \/ MCM Presse pour Localtis Environnement Deux arr\u00eat\u00e9s modificatifs dict\u00e9s par l\u2019\u00e9mergence de nouvelles m\u00e9thodes de surveillance mais aussi l\u2019\u00e9volution du niveau d\u2019exigence relatif au \"bon \u00e9tat des eaux\" de la directive cadre europ\u00e9enne sur l\u2019eau (DCE) sont parus ce 11 mai. Pour l\u2019Autorit\u00e9 environnementale (Ae), qui\u2026","rel":"","context":"Dans &quot;Arr\u00eat\u00e9&quot;","block_context":{"text":"Arr\u00eat\u00e9","link":"https:\/\/www.enviroscop.fr\/actu\/category\/juridique\/arrete\/"},"img":{"alt_text":"Analyse de l'eau","src":"https:\/\/i0.wp.com\/www.banquedesterritoires.fr\/sites\/default\/files\/styles\/landscape_auto_crop\/public\/2022-05\/AdobeStock_141148198.jpeg.jpg?resize=350%2C200&ssl=1","width":350,"height":200,"srcset":"https:\/\/i0.wp.com\/www.banquedesterritoires.fr\/sites\/default\/files\/styles\/landscape_auto_crop\/public\/2022-05\/AdobeStock_141148198.jpeg.jpg?resize=350%2C200&ssl=1 1x, https:\/\/i0.wp.com\/www.banquedesterritoires.fr\/sites\/default\/files\/styles\/landscape_auto_crop\/public\/2022-05\/AdobeStock_141148198.jpeg.jpg?resize=525%2C300&ssl=1 1.5x, https:\/\/i0.wp.com\/www.banquedesterritoires.fr\/sites\/default\/files\/styles\/landscape_auto_crop\/public\/2022-05\/AdobeStock_141148198.jpeg.jpg?resize=700%2C400&ssl=1 2x"},"classes":[]},{"id":272,"url":"https:\/\/www.enviroscop.fr\/actu\/2011\/09\/circulaire-du-29-aout-2011-precisant-les-cons\/","url_meta":{"origin":3818,"position":3},"title":"Circulaire du 29 ao??t 2011 pr??cisant les cons??quences du classement ICPE des ??oliennes","author":"Enviroscop","date":"8 septembre 2011","format":false,"excerpt":"Les textes r??glementaires correspondant au nouveau cadre juridique relatif l'??olien terrestre - un d??cret de nomenclature, deux arr??t??s minist??riels sur les prescriptions g??n??rales, ainsi qu'un d??cret propre aux garanties financi??res ...","rel":"","context":"Dans &quot;Circulaire&quot;","block_context":{"text":"Circulaire","link":"https:\/\/www.enviroscop.fr\/actu\/category\/juridique\/circulaire\/"},"img":{"alt_text":"","src":"","width":0,"height":0},"classes":[]},{"id":3793,"url":"https:\/\/www.enviroscop.fr\/actu\/2020\/06\/arretes-du-22-juin-2020\/","url_meta":{"origin":3818,"position":4},"title":"Arr\u00eat\u00e9s du 22 juin 2020","author":"Enviroscop","date":"30 juin 2020","format":false,"excerpt":"Arr\u00eat\u00e9 du\u00a022 juin 2020\u00a0modifiant l'arr\u00eat\u00e9 du 26 ao\u00fbt 2011 relatif aux installations de production d'\u00e9lectricit\u00e9 utilisant l'\u00e9nergie m\u00e9canique du vent au sein d'une installation soumise \u00e0 d\u00e9claration au titre de la rubrique 2980 de la l\u00e9gislation des installations class\u00e9es pour la protection de l'environnement Arr\u00eat\u00e9 du\u00a022 juin 2020\u00a0portant modification des\u2026","rel":"","context":"Dans &quot;Energie&quot;","block_context":{"text":"Energie","link":"https:\/\/www.enviroscop.fr\/actu\/category\/energie\/"},"img":{"alt_text":"","src":"https:\/\/i0.wp.com\/www.enviroscop.fr\/actu\/wp-content\/uploads\/2013\/03\/Graphique-1-300x163.png?resize=350%2C200","width":350,"height":200},"classes":[]},{"id":5257,"url":"https:\/\/www.enviroscop.fr\/actu\/2023\/06\/zero-artificialisation-nette-deux-decrets-dajustement-en-consultation\/","url_meta":{"origin":3818,"position":5},"title":"Z\u00e9ro artificialisation nette : deux d\u00e9crets \u00ab\u00a0d\u2019ajustement\u00a0\u00bb en consultation","author":"Enviroscop","date":"16 juin 2023","format":false,"excerpt":"Deux projets de d\u00e9crets en consultation apportent une s\u00e9rie d\u2019adaptations aux d\u00e9marches d\u2019ores et d\u00e9j\u00e0 engag\u00e9es sur les territoires pour la d\u00e9clinaison des objectifs de gestion \u00e9conome de l\u2019espace et de lutte contre l\u2019artificialisation. Les points durs en discussion sont cependant renvoy\u00e9s aux \u00e9volutions l\u00e9gislatives qui sont toujours en cours\u2026","rel":"","context":"Dans &quot;Activit\u00e9&quot;","block_context":{"text":"Activit\u00e9","link":"https:\/\/www.enviroscop.fr\/actu\/category\/activite\/"},"img":{"alt_text":"Zan","src":"https:\/\/i0.wp.com\/www.banquedesterritoires.fr\/sites\/default\/files\/styles\/landscape_auto_crop\/public\/2023-06\/Saokokokokgnhtyjtyiytuyuiuyuiyuiyuiiiiiiis%20titre-1.jpg?resize=350%2C200&ssl=1","width":350,"height":200,"srcset":"https:\/\/i0.wp.com\/www.banquedesterritoires.fr\/sites\/default\/files\/styles\/landscape_auto_crop\/public\/2023-06\/Saokokokokgnhtyjtyiytuyuiuyuiyuiyuiiiiiiis%20titre-1.jpg?resize=350%2C200&ssl=1 1x, https:\/\/i0.wp.com\/www.banquedesterritoires.fr\/sites\/default\/files\/styles\/landscape_auto_crop\/public\/2023-06\/Saokokokokgnhtyjtyiytuyuiuyuiyuiyuiiiiiiis%20titre-1.jpg?resize=525%2C300&ssl=1 1.5x, https:\/\/i0.wp.com\/www.banquedesterritoires.fr\/sites\/default\/files\/styles\/landscape_auto_crop\/public\/2023-06\/Saokokokokgnhtyjtyiytuyuiuyuiyuiyuiiiiiiis%20titre-1.jpg?resize=700%2C400&ssl=1 2x"},"classes":[]}],"jetpack_sharing_enabled":true,"_links":{"self":[{"href":"https:\/\/www.enviroscop.fr\/actu\/wp-json\/wp\/v2\/posts\/3818","targetHints":{"allow":["GET"]}}],"collection":[{"href":"https:\/\/www.enviroscop.fr\/actu\/wp-json\/wp\/v2\/posts"}],"about":[{"href":"https:\/\/www.enviroscop.fr\/actu\/wp-json\/wp\/v2\/types\/post"}],"author":[{"embeddable":true,"href":"https:\/\/www.enviroscop.fr\/actu\/wp-json\/wp\/v2\/users\/1"}],"replies":[{"embeddable":true,"href":"https:\/\/www.enviroscop.fr\/actu\/wp-json\/wp\/v2\/comments?post=3818"}],"version-history":[{"count":1,"href":"https:\/\/www.enviroscop.fr\/actu\/wp-json\/wp\/v2\/posts\/3818\/revisions"}],"predecessor-version":[{"id":3819,"href":"https:\/\/www.enviroscop.fr\/actu\/wp-json\/wp\/v2\/posts\/3818\/revisions\/3819"}],"wp:attachment":[{"href":"https:\/\/www.enviroscop.fr\/actu\/wp-json\/wp\/v2\/media?parent=3818"}],"wp:term":[{"taxonomy":"category","embeddable":true,"href":"https:\/\/www.enviroscop.fr\/actu\/wp-json\/wp\/v2\/categories?post=3818"},{"taxonomy":"post_tag","embeddable":true,"href":"https:\/\/www.enviroscop.fr\/actu\/wp-json\/wp\/v2\/tags?post=3818"}],"curies":[{"name":"wp","href":"https:\/\/api.w.org\/{rel}","templated":true}]}}