{"id":3867,"date":"2020-10-05T12:13:03","date_gmt":"2020-10-05T11:13:03","guid":{"rendered":"http:\/\/www.enviroscop.fr\/actu\/?p=3867"},"modified":"2020-10-05T12:13:03","modified_gmt":"2020-10-05T11:13:03","slug":"inauguration-du-parc-eolien-champagne-conlinoise","status":"publish","type":"post","link":"https:\/\/www.enviroscop.fr\/actu\/2020\/10\/inauguration-du-parc-eolien-champagne-conlinoise\/","title":{"rendered":"Inauguration du parc \u00e9olien Champagne Conlinoise"},"content":{"rendered":"<p><img data-recalc-dims=\"1\" loading=\"lazy\" decoding=\"async\" data-attachment-id=\"3868\" data-permalink=\"https:\/\/www.enviroscop.fr\/actu\/2020\/10\/inauguration-du-parc-eolien-champagne-conlinoise\/conlie\/\" data-orig-file=\"https:\/\/i0.wp.com\/www.enviroscop.fr\/actu\/wp-content\/uploads\/2020\/10\/Conlie.jpg?fit=1940%2C628&amp;ssl=1\" data-orig-size=\"1940,628\" data-comments-opened=\"1\" data-image-meta=\"{&quot;aperture&quot;:&quot;0&quot;,&quot;credit&quot;:&quot;&quot;,&quot;camera&quot;:&quot;&quot;,&quot;caption&quot;:&quot;&quot;,&quot;created_timestamp&quot;:&quot;0&quot;,&quot;copyright&quot;:&quot;&quot;,&quot;focal_length&quot;:&quot;0&quot;,&quot;iso&quot;:&quot;0&quot;,&quot;shutter_speed&quot;:&quot;0&quot;,&quot;title&quot;:&quot;&quot;,&quot;orientation&quot;:&quot;0&quot;}\" data-image-title=\"Conlie\" data-image-description=\"\" data-image-caption=\"\" data-large-file=\"https:\/\/i0.wp.com\/www.enviroscop.fr\/actu\/wp-content\/uploads\/2020\/10\/Conlie.jpg?fit=750%2C242&amp;ssl=1\" class=\"wp-image-3868 alignleft\" src=\"https:\/\/i0.wp.com\/www.enviroscop.fr\/actu\/wp-content\/uploads\/2020\/10\/Conlie.jpg?resize=380%2C123&#038;ssl=1\" alt=\"Photomontage\" width=\"380\" height=\"123\" srcset=\"https:\/\/i0.wp.com\/www.enviroscop.fr\/actu\/wp-content\/uploads\/2020\/10\/Conlie.jpg?resize=300%2C97&amp;ssl=1 300w, https:\/\/i0.wp.com\/www.enviroscop.fr\/actu\/wp-content\/uploads\/2020\/10\/Conlie.jpg?resize=1024%2C331&amp;ssl=1 1024w, https:\/\/i0.wp.com\/www.enviroscop.fr\/actu\/wp-content\/uploads\/2020\/10\/Conlie.jpg?resize=768%2C249&amp;ssl=1 768w, https:\/\/i0.wp.com\/www.enviroscop.fr\/actu\/wp-content\/uploads\/2020\/10\/Conlie.jpg?resize=1536%2C497&amp;ssl=1 1536w, https:\/\/i0.wp.com\/www.enviroscop.fr\/actu\/wp-content\/uploads\/2020\/10\/Conlie.jpg?resize=750%2C243&amp;ssl=1 750w, https:\/\/i0.wp.com\/www.enviroscop.fr\/actu\/wp-content\/uploads\/2020\/10\/Conlie.jpg?w=1940&amp;ssl=1 1940w\" sizes=\"auto, (max-width: 380px) 100vw, 380px\" \/><\/p>\n<p>Total Quadran a inaugur\u00e9 le 1er octobre son second parc \u00e9olien en Sarthe : le parc \u00e9olien de la Champagne Conlinoise (17,4 MW) situ\u00e9 sur les communes de Neuvillalais et Conlie.<\/p>\n<p>Ce projet d\u00e9velopp\u00e9, et construit en seulement 6 ans a b\u00e9n\u00e9fici\u00e9 d&rsquo;un financement participatif aupr\u00e8s des riverains ayant permis de lever 300 k\u20ac de fonds propres.<\/p>\n<p>ENVIROSCOP en a r\u00e9alis\u00e9 l&rsquo;\u00e9tude paysag\u00e8re (premi\u00e8re \u00e9tude paysag\u00e8re r\u00e9alis\u00e9e en interne).<\/p>\n<p>&nbsp;<\/p>\n<p>Vous pouvez lire <a href=\"https:\/\/www.ouest-france.fr\/pays-de-la-loire\/conlie-72240\/conlie-total-quadran-inaugure-son-parc-eolien-6997947\" target=\"_blank\" rel=\"noopener noreferrer\">l&rsquo;int\u00e9gralit\u00e9 de l&rsquo;article sur Ouest France<\/a><\/p>\n","protected":false},"excerpt":{"rendered":"<p>Total Quadran a inaugur\u00e9 le 1er octobre son second parc \u00e9olien en Sarthe : le parc \u00e9olien de la Champagne Conlinoise (17,4 MW) situ\u00e9 sur les communes de Neuvillalais et Conlie. Ce projet d\u00e9velopp\u00e9, et construit en seulement 6 ans a b\u00e9n\u00e9fici\u00e9 d&rsquo;un financement participatif aupr\u00e8s des riverains ayant permis de lever 300 k\u20ac de &hellip; <\/p>\n<p><a class=\"more-link btn\" href=\"https:\/\/www.enviroscop.fr\/actu\/2020\/10\/inauguration-du-parc-eolien-champagne-conlinoise\/\">Lire la suite<\/a><\/p>\n","protected":false},"author":1,"featured_media":0,"comment_status":"open","ping_status":"open","sticky":false,"template":"","format":"standard","meta":{"jetpack_post_was_ever_published":false,"_jetpack_newsletter_access":"","_jetpack_dont_email_post_to_subs":false,"_jetpack_newsletter_tier_id":0,"_jetpack_memberships_contains_paywalled_content":false,"_jetpack_memberships_contains_paid_content":false,"footnotes":"","jetpack_publicize_message":"","jetpack_publicize_feature_enabled":true,"jetpack_social_post_already_shared":true,"jetpack_social_options":{"image_generator_settings":{"template":"highway","default_image_id":0,"font":"","enabled":false},"version":2}},"categories":[20,7,8,32,41],"tags":[],"class_list":["post-3867","post","type-post","status-publish","format-standard","hentry","category-durable","category-energie","category-eolien","category-icpe","category-paysage","item-wrap"],"jetpack_publicize_connections":[],"jetpack_featured_media_url":"","jetpack_shortlink":"https:\/\/wp.me\/p3rXAp-10n","jetpack_likes_enabled":true,"jetpack-related-posts":[{"id":1529,"url":"https:\/\/www.enviroscop.fr\/actu\/2013\/10\/beganne-premier-parc-eolien-citoyen-en-france\/","url_meta":{"origin":3867,"position":0},"title":"B\u00e9ganne, premier parc \u00e9olien citoyen en France","author":"Enviroscop","date":"14 octobre 2013","format":false,"excerpt":"La filiale du Groupe indien Suzlon, REpower Systems SE a r\u00e9cemment annonc\u00e9 avoir remport\u00e9 un contrat pour la fourniture \u00e0 la soci\u00e9t\u00e9 fran\u00e7aise B\u00e9gawatts des turbines \u00e9oliennes \u00e0 destination du 1er parc \u00e9olien citoyen en France : B\u00e9ganne. Le parc \u00e9olien de B\u00e9ganne, situ\u00e9 dans le d\u00e9partement du Morbihan en\u2026","rel":"","context":"Dans &quot;durable&quot;","block_context":{"text":"durable","link":"https:\/\/www.enviroscop.fr\/actu\/category\/durable\/"},"img":{"alt_text":"","src":"","width":0,"height":0},"classes":[]},{"id":2754,"url":"https:\/\/www.enviroscop.fr\/actu\/2017\/03\/tableau-de-bord-eolien-quatrieme-trimestre-2016\/","url_meta":{"origin":3867,"position":1},"title":"Tableau de bord : \u00e9olien &#8211; Quatri\u00e8me trimestre 2016","author":"Enviroscop","date":"6 mars 2017","format":false,"excerpt":"La puissance du parc \u00e9olien fran\u00e7ais atteint 11,7 GW fin d\u00e9cembre 2016. La puissance raccord\u00e9e au cours de l\u2019ann\u00e9e 2016, estim\u00e9e \u00e0 1 351 MW \u2013 dont 530 MW pour le seul quatri\u00e8me trimestre \u2013 est sup\u00e9rieure de 37 % \u00e0 celle raccord\u00e9e durant l\u2019ann\u00e9e 2015. Il s\u2019agit du plus\u2026","rel":"","context":"Dans &quot;Energie&quot;","block_context":{"text":"Energie","link":"https:\/\/www.enviroscop.fr\/actu\/category\/energie\/"},"img":{"alt_text":"","src":"","width":0,"height":0},"classes":[]},{"id":3719,"url":"https:\/\/www.enviroscop.fr\/actu\/2020\/04\/eolien-autorisation-environnementale-precisions-sur-les-capacites-techniques-et-financieres-de-lexploitant\/","url_meta":{"origin":3867,"position":2},"title":"Eolien &#8211; autorisation environnementale : pr\u00e9cisions sur les capacit\u00e9s techniques et financi\u00e8res de l\u2019exploitant","author":"Enviroscop","date":"21 avril 2020","format":false,"excerpt":"Par arr\u00eat du 2 avril 2020, n\u00b019LY02607, la cour administrative d\u2019appel de Lyon a pr\u00e9cis\u00e9 qu\u2019une soci\u00e9t\u00e9 de projet cr\u00e9\u00e9e en vue d\u2019exploiter un parc \u00e9olien peut, pour justifier de ses capacit\u00e9s techniques et financi\u00e8res, se pr\u00e9valoir de celles de sa soci\u00e9t\u00e9-m\u00e8re, laquelle d\u00e9tient la majorit\u00e9 de son capital (cf.\u00a0CAA\u2026","rel":"","context":"Dans &quot;droit&quot;","block_context":{"text":"droit","link":"https:\/\/www.enviroscop.fr\/actu\/category\/juridique\/droit\/"},"img":{"alt_text":"","src":"https:\/\/i0.wp.com\/www.enviroscop.fr\/actu\/wp-content\/uploads\/2015\/07\/20150702_121207_img0014.jpg?resize=350%2C200&ssl=1","width":350,"height":200},"classes":[]},{"id":3698,"url":"https:\/\/www.enviroscop.fr\/actu\/2020\/04\/cetait-il-y-a-dix-ans\/","url_meta":{"origin":3867,"position":3},"title":"C&rsquo;\u00e9tait il y a dix ans !","author":"Enviroscop","date":"8 avril 2020","format":false,"excerpt":"En Avril 2009, nous refondions totalement notre site (statique) pour en faire un blog dynamique.Et le premier article paru nous parlait d'\u00e9olien. Vous pouvez, si vous \u00eates nostalgique, le relire ICI. Sinon, vous trouverez ci-apr\u00e8s sa mise \u00e0 jour. Bonne lecture ! Le parc \u00e9olien fran\u00e7ais continue de s'\u00e9tendre sur\u2026","rel":"","context":"Dans &quot;Energie&quot;","block_context":{"text":"Energie","link":"https:\/\/www.enviroscop.fr\/actu\/category\/energie\/"},"img":{"alt_text":"","src":"https:\/\/i0.wp.com\/www.enviroscop.fr\/actu\/wp-content\/uploads\/2020\/04\/image-1.png?resize=350%2C200&ssl=1","width":350,"height":200,"srcset":"https:\/\/i0.wp.com\/www.enviroscop.fr\/actu\/wp-content\/uploads\/2020\/04\/image-1.png?resize=350%2C200&ssl=1 1x, https:\/\/i0.wp.com\/www.enviroscop.fr\/actu\/wp-content\/uploads\/2020\/04\/image-1.png?resize=525%2C300&ssl=1 1.5x, https:\/\/i0.wp.com\/www.enviroscop.fr\/actu\/wp-content\/uploads\/2020\/04\/image-1.png?resize=700%2C400&ssl=1 2x, https:\/\/i0.wp.com\/www.enviroscop.fr\/actu\/wp-content\/uploads\/2020\/04\/image-1.png?resize=1050%2C600&ssl=1 3x"},"classes":[]},{"id":1817,"url":"https:\/\/www.enviroscop.fr\/actu\/2014\/02\/le-doublement-du-parc-eolien-naurait-quun-faible-impact-sur-le-climat-europeen\/","url_meta":{"origin":3867,"position":4},"title":"Le doublement du parc \u00e9olien n&rsquo;aurait qu&rsquo;un faible impact sur le climat europ\u00e9en","author":"Enviroscop","date":"13 f\u00e9vrier 2014","format":false,"excerpt":"L'implantation de champs d'\u00e9oliennes en Europe ne semble pas induire de modification significative du climat, et ne devrait pas en entra\u00eener d'ici \u00e0 2020. Telles sont les conclusions d'une \u00e9tude men\u00e9e par le CNRS, le CEA, l'UVSQ, l'Ineris et l'ENEA, publi\u00e9e dans la revue\u00a0Nature communication\u00a0du 11 f\u00e9vrier. Malgr\u00e9 un\u00a0ralentissement\u00a0de la\u2026","rel":"","context":"Dans &quot;Climat&quot;","block_context":{"text":"Climat","link":"https:\/\/www.enviroscop.fr\/actu\/category\/climat\/"},"img":{"alt_text":"","src":"","width":0,"height":0},"classes":[]},{"id":3275,"url":"https:\/\/www.enviroscop.fr\/actu\/2019\/03\/eolien-le-permis-de-construire-pour-parc-eolien-en-cours-de-validite-au-1er-mars-2017-est-a-considerer-comme-une-autorisation-environnementale-caa-bordeaux\/","url_meta":{"origin":3867,"position":5},"title":"Eolien : le permis de construire pour un parc \u00e9olien en cours de validit\u00e9 au 1er mars 2017 est \u00e0 consid\u00e9rer comme une autorisation environnementale (CAA Bordeaux)","author":"Enviroscop","date":"27 mars 2019","format":false,"excerpt":"Par un arr\u00eat du\u00a07 mars 2019, n\u00b017BX00719, la Cour administrative d\u2019appel de Bordeaux a apport\u00e9 des pr\u00e9cisions\u00a0 relatives \u00e0 la qualification des permis de construire d\u00e9livr\u00e9s pour un parc \u00e9olien au regard du r\u00e9gime de l\u2019autorisation environnementale. Pour rappel, la loi pour une soci\u00e9t\u00e9 de confiance, n\u00b02018-727 du 10 ao\u00fbt\u2026","rel":"","context":"Dans &quot;droit&quot;","block_context":{"text":"droit","link":"https:\/\/www.enviroscop.fr\/actu\/category\/juridique\/droit\/"},"img":{"alt_text":"","src":"","width":0,"height":0},"classes":[]}],"jetpack_sharing_enabled":true,"_links":{"self":[{"href":"https:\/\/www.enviroscop.fr\/actu\/wp-json\/wp\/v2\/posts\/3867","targetHints":{"allow":["GET"]}}],"collection":[{"href":"https:\/\/www.enviroscop.fr\/actu\/wp-json\/wp\/v2\/posts"}],"about":[{"href":"https:\/\/www.enviroscop.fr\/actu\/wp-json\/wp\/v2\/types\/post"}],"author":[{"embeddable":true,"href":"https:\/\/www.enviroscop.fr\/actu\/wp-json\/wp\/v2\/users\/1"}],"replies":[{"embeddable":true,"href":"https:\/\/www.enviroscop.fr\/actu\/wp-json\/wp\/v2\/comments?post=3867"}],"version-history":[{"count":1,"href":"https:\/\/www.enviroscop.fr\/actu\/wp-json\/wp\/v2\/posts\/3867\/revisions"}],"predecessor-version":[{"id":3869,"href":"https:\/\/www.enviroscop.fr\/actu\/wp-json\/wp\/v2\/posts\/3867\/revisions\/3869"}],"wp:attachment":[{"href":"https:\/\/www.enviroscop.fr\/actu\/wp-json\/wp\/v2\/media?parent=3867"}],"wp:term":[{"taxonomy":"category","embeddable":true,"href":"https:\/\/www.enviroscop.fr\/actu\/wp-json\/wp\/v2\/categories?post=3867"},{"taxonomy":"post_tag","embeddable":true,"href":"https:\/\/www.enviroscop.fr\/actu\/wp-json\/wp\/v2\/tags?post=3867"}],"curies":[{"name":"wp","href":"https:\/\/api.w.org\/{rel}","templated":true}]}}