{"id":3913,"date":"2020-11-02T17:22:26","date_gmt":"2020-11-02T16:22:26","guid":{"rendered":"http:\/\/www.enviroscop.fr\/actu\/?p=3913"},"modified":"2020-11-02T17:22:26","modified_gmt":"2020-11-02T16:22:26","slug":"desoles-nous-ne-sommes-pas-a-vendre","status":"publish","type":"post","link":"https:\/\/www.enviroscop.fr\/actu\/2020\/11\/desoles-nous-ne-sommes-pas-a-vendre\/","title":{"rendered":"D\u00e9sol\u00e9s, nous ne sommes pas \u00e0 vendre"},"content":{"rendered":"<p><img data-recalc-dims=\"1\" loading=\"lazy\" decoding=\"async\" data-attachment-id=\"3918\" data-permalink=\"https:\/\/www.enviroscop.fr\/actu\/2020\/11\/desoles-nous-ne-sommes-pas-a-vendre\/courrier\/\" data-orig-file=\"https:\/\/i0.wp.com\/www.enviroscop.fr\/actu\/wp-content\/uploads\/2020\/11\/courrier.png?fit=1134%2C1599&amp;ssl=1\" data-orig-size=\"1134,1599\" data-comments-opened=\"1\" data-image-meta=\"{&quot;aperture&quot;:&quot;0&quot;,&quot;credit&quot;:&quot;&quot;,&quot;camera&quot;:&quot;&quot;,&quot;caption&quot;:&quot;&quot;,&quot;created_timestamp&quot;:&quot;0&quot;,&quot;copyright&quot;:&quot;&quot;,&quot;focal_length&quot;:&quot;0&quot;,&quot;iso&quot;:&quot;0&quot;,&quot;shutter_speed&quot;:&quot;0&quot;,&quot;title&quot;:&quot;&quot;,&quot;orientation&quot;:&quot;0&quot;}\" data-image-title=\"courrier\" data-image-description=\"\" data-image-caption=\"\" data-large-file=\"https:\/\/i0.wp.com\/www.enviroscop.fr\/actu\/wp-content\/uploads\/2020\/11\/courrier.png?fit=726%2C1024&amp;ssl=1\" class=\" wp-image-3918 alignleft\" src=\"https:\/\/i0.wp.com\/www.enviroscop.fr\/actu\/wp-content\/uploads\/2020\/11\/courrier.png?resize=224%2C315&#038;ssl=1\" alt=\"\" width=\"224\" height=\"315\" srcset=\"https:\/\/i0.wp.com\/www.enviroscop.fr\/actu\/wp-content\/uploads\/2020\/11\/courrier.png?resize=213%2C300&amp;ssl=1 213w, https:\/\/i0.wp.com\/www.enviroscop.fr\/actu\/wp-content\/uploads\/2020\/11\/courrier.png?resize=726%2C1024&amp;ssl=1 726w, https:\/\/i0.wp.com\/www.enviroscop.fr\/actu\/wp-content\/uploads\/2020\/11\/courrier.png?resize=768%2C1083&amp;ssl=1 768w, https:\/\/i0.wp.com\/www.enviroscop.fr\/actu\/wp-content\/uploads\/2020\/11\/courrier.png?resize=1089%2C1536&amp;ssl=1 1089w, https:\/\/i0.wp.com\/www.enviroscop.fr\/actu\/wp-content\/uploads\/2020\/11\/courrier.png?resize=750%2C1058&amp;ssl=1 750w, https:\/\/i0.wp.com\/www.enviroscop.fr\/actu\/wp-content\/uploads\/2020\/11\/courrier.png?w=1134&amp;ssl=1 1134w\" sizes=\"auto, (max-width: 224px) 100vw, 224px\" \/><\/p>\n<p>Ce matin, nous avons re\u00e7u un courrier nous informant que quelqu&rsquo;un \u00e9tait int\u00e9ress\u00e9 par le rachat de notre entreprise (pas \u00e9tonnant, une belle entreprise comme la n\u00f4tre&#8230;). Pour reprendre une expression en vogue, \u00ab\u00a0la question, elle est vite r\u00e9pondue\u00a0\u00bb :<\/p>\n<p><img data-recalc-dims=\"1\" loading=\"lazy\" decoding=\"async\" data-attachment-id=\"3917\" data-permalink=\"https:\/\/www.enviroscop.fr\/actu\/2020\/11\/desoles-nous-ne-sommes-pas-a-vendre\/attachment\/4\/\" data-orig-file=\"https:\/\/i0.wp.com\/www.enviroscop.fr\/actu\/wp-content\/uploads\/2020\/11\/4-scaled.jpg?fit=2560%2C853&amp;ssl=1\" data-orig-size=\"2560,853\" data-comments-opened=\"1\" data-image-meta=\"{&quot;aperture&quot;:&quot;0&quot;,&quot;credit&quot;:&quot;&quot;,&quot;camera&quot;:&quot;&quot;,&quot;caption&quot;:&quot;&quot;,&quot;created_timestamp&quot;:&quot;0&quot;,&quot;copyright&quot;:&quot;&quot;,&quot;focal_length&quot;:&quot;0&quot;,&quot;iso&quot;:&quot;0&quot;,&quot;shutter_speed&quot;:&quot;0&quot;,&quot;title&quot;:&quot;&quot;,&quot;orientation&quot;:&quot;1&quot;}\" data-image-title=\"#4\" data-image-description=\"\" data-image-caption=\"\" data-large-file=\"https:\/\/i0.wp.com\/www.enviroscop.fr\/actu\/wp-content\/uploads\/2020\/11\/4-scaled.jpg?fit=750%2C250&amp;ssl=1\" class=\" wp-image-3917 aligncenter\" src=\"https:\/\/i0.wp.com\/www.enviroscop.fr\/actu\/wp-content\/uploads\/2020\/11\/4.jpg?resize=564%2C188&#038;ssl=1\" alt=\"\" width=\"564\" height=\"188\" srcset=\"https:\/\/i0.wp.com\/www.enviroscop.fr\/actu\/wp-content\/uploads\/2020\/11\/4-scaled.jpg?resize=300%2C100&amp;ssl=1 300w, https:\/\/i0.wp.com\/www.enviroscop.fr\/actu\/wp-content\/uploads\/2020\/11\/4-scaled.jpg?resize=1024%2C341&amp;ssl=1 1024w, https:\/\/i0.wp.com\/www.enviroscop.fr\/actu\/wp-content\/uploads\/2020\/11\/4-scaled.jpg?resize=768%2C256&amp;ssl=1 768w, https:\/\/i0.wp.com\/www.enviroscop.fr\/actu\/wp-content\/uploads\/2020\/11\/4-scaled.jpg?resize=1536%2C512&amp;ssl=1 1536w, https:\/\/i0.wp.com\/www.enviroscop.fr\/actu\/wp-content\/uploads\/2020\/11\/4-scaled.jpg?resize=2048%2C683&amp;ssl=1 2048w, https:\/\/i0.wp.com\/www.enviroscop.fr\/actu\/wp-content\/uploads\/2020\/11\/4-scaled.jpg?resize=750%2C250&amp;ssl=1 750w, https:\/\/i0.wp.com\/www.enviroscop.fr\/actu\/wp-content\/uploads\/2020\/11\/4-scaled.jpg?w=2250&amp;ssl=1 2250w\" sizes=\"auto, (max-width: 564px) 100vw, 564px\" \/>La nouvelle campagne de communication des SCOP nous fournit une r\u00e9ponse toute faite.<\/p>\n<p>R\u00e9alis\u00e9e en partenariat avec les Echos (article du 28\/10\/2020) et d\u00e9clin\u00e9e selon plusieurs modes cette nouvelle campagne s&rsquo;inscrit dans la \u00ab\u00a0qu\u00eate de sens\u00a0\u00bb que l&rsquo;on voit \u00e9merger et d\u00e9montre que les SCOP sont en phase avec elle !<\/p>\n<p>Vous pouvez t\u00e9l\u00e9charger<a href=\"https:\/\/www.dropbox.com\/s\/wlxe429rqxv95o4\/Dossier%20SCOP%20x%20LES%20ECHOS%20281020.pdf?dl=0\" target=\"_blank\" rel=\"noopener noreferrer\"> l&rsquo;article des Echos gratuitement ICI.<\/a><\/p>\n<p>Le monde de demain, on l&rsquo;a visiblement rat\u00e9 apr\u00e8s le premier confinement, certains ne nous aident pas pour le second, alors prenons le temps, agissons localement pour un impact global ! Profitons de ce second confinement pour r\u00e9fl\u00e9chir \u00e0 nouveau \u00e0 nos actions quotidiennes&#8230;<\/p>\n<p>A la question \u00ab Estimez-vous que la crise du coronavirus peut permettre aux salari\u00e9s d\u2019\u00eatre plus \u00e9troitement associ\u00e9s aux d\u00e9cisions strat\u00e9giques ? \u00bb, 49 % (des sond\u00e9s) r\u00e9pondent oui, et autant non. \u00ab Sur ce point, nous sommes au milieu du gu\u00e9. D\u2019un c\u00f4t\u00e9, la crise impose une mont\u00e9e d\u2019initiative, donc une implication forte de chacun. De l\u2019autre, le contexte \u00e9conomique compliqu\u00e9 peut raviver les r\u00e9flexes individualistes \u00bb.<\/p>\n<p>Chez Enviroscop, on n&rsquo;a pas attendu le coronavirus&#8230;<\/p>\n<p><img data-recalc-dims=\"1\" loading=\"lazy\" decoding=\"async\" data-attachment-id=\"3914\" data-permalink=\"https:\/\/www.enviroscop.fr\/actu\/2020\/11\/desoles-nous-ne-sommes-pas-a-vendre\/attachment\/1\/\" data-orig-file=\"https:\/\/i0.wp.com\/www.enviroscop.fr\/actu\/wp-content\/uploads\/2020\/11\/1-scaled.jpg?fit=2560%2C853&amp;ssl=1\" data-orig-size=\"2560,853\" data-comments-opened=\"1\" data-image-meta=\"{&quot;aperture&quot;:&quot;0&quot;,&quot;credit&quot;:&quot;&quot;,&quot;camera&quot;:&quot;&quot;,&quot;caption&quot;:&quot;&quot;,&quot;created_timestamp&quot;:&quot;0&quot;,&quot;copyright&quot;:&quot;&quot;,&quot;focal_length&quot;:&quot;0&quot;,&quot;iso&quot;:&quot;0&quot;,&quot;shutter_speed&quot;:&quot;0&quot;,&quot;title&quot;:&quot;&quot;,&quot;orientation&quot;:&quot;1&quot;}\" data-image-title=\"#1\" data-image-description=\"\" data-image-caption=\"\" data-large-file=\"https:\/\/i0.wp.com\/www.enviroscop.fr\/actu\/wp-content\/uploads\/2020\/11\/1-scaled.jpg?fit=750%2C250&amp;ssl=1\" class=\"alignleft size-medium wp-image-3914\" src=\"https:\/\/i0.wp.com\/www.enviroscop.fr\/actu\/wp-content\/uploads\/2020\/11\/1.jpg?resize=300%2C100&#038;ssl=1\" alt=\"\" width=\"300\" height=\"100\" srcset=\"https:\/\/i0.wp.com\/www.enviroscop.fr\/actu\/wp-content\/uploads\/2020\/11\/1-scaled.jpg?resize=300%2C100&amp;ssl=1 300w, https:\/\/i0.wp.com\/www.enviroscop.fr\/actu\/wp-content\/uploads\/2020\/11\/1-scaled.jpg?resize=1024%2C341&amp;ssl=1 1024w, https:\/\/i0.wp.com\/www.enviroscop.fr\/actu\/wp-content\/uploads\/2020\/11\/1-scaled.jpg?resize=768%2C256&amp;ssl=1 768w, https:\/\/i0.wp.com\/www.enviroscop.fr\/actu\/wp-content\/uploads\/2020\/11\/1-scaled.jpg?resize=1536%2C512&amp;ssl=1 1536w, https:\/\/i0.wp.com\/www.enviroscop.fr\/actu\/wp-content\/uploads\/2020\/11\/1-scaled.jpg?resize=2048%2C683&amp;ssl=1 2048w, https:\/\/i0.wp.com\/www.enviroscop.fr\/actu\/wp-content\/uploads\/2020\/11\/1-scaled.jpg?resize=750%2C250&amp;ssl=1 750w, https:\/\/i0.wp.com\/www.enviroscop.fr\/actu\/wp-content\/uploads\/2020\/11\/1-scaled.jpg?w=2250&amp;ssl=1 2250w\" sizes=\"auto, (max-width: 300px) 100vw, 300px\" \/> <img data-recalc-dims=\"1\" loading=\"lazy\" decoding=\"async\" data-attachment-id=\"3915\" data-permalink=\"https:\/\/www.enviroscop.fr\/actu\/2020\/11\/desoles-nous-ne-sommes-pas-a-vendre\/attachment\/2\/\" data-orig-file=\"https:\/\/i0.wp.com\/www.enviroscop.fr\/actu\/wp-content\/uploads\/2020\/11\/2-scaled.jpg?fit=2560%2C853&amp;ssl=1\" data-orig-size=\"2560,853\" data-comments-opened=\"1\" data-image-meta=\"{&quot;aperture&quot;:&quot;0&quot;,&quot;credit&quot;:&quot;&quot;,&quot;camera&quot;:&quot;&quot;,&quot;caption&quot;:&quot;&quot;,&quot;created_timestamp&quot;:&quot;0&quot;,&quot;copyright&quot;:&quot;&quot;,&quot;focal_length&quot;:&quot;0&quot;,&quot;iso&quot;:&quot;0&quot;,&quot;shutter_speed&quot;:&quot;0&quot;,&quot;title&quot;:&quot;&quot;,&quot;orientation&quot;:&quot;1&quot;}\" data-image-title=\"#2\" data-image-description=\"\" data-image-caption=\"\" data-large-file=\"https:\/\/i0.wp.com\/www.enviroscop.fr\/actu\/wp-content\/uploads\/2020\/11\/2-scaled.jpg?fit=750%2C250&amp;ssl=1\" class=\"alignleft size-medium wp-image-3915\" src=\"https:\/\/i0.wp.com\/www.enviroscop.fr\/actu\/wp-content\/uploads\/2020\/11\/2.jpg?resize=300%2C100&#038;ssl=1\" alt=\"\" width=\"300\" height=\"100\" srcset=\"https:\/\/i0.wp.com\/www.enviroscop.fr\/actu\/wp-content\/uploads\/2020\/11\/2-scaled.jpg?resize=300%2C100&amp;ssl=1 300w, https:\/\/i0.wp.com\/www.enviroscop.fr\/actu\/wp-content\/uploads\/2020\/11\/2-scaled.jpg?resize=1024%2C341&amp;ssl=1 1024w, https:\/\/i0.wp.com\/www.enviroscop.fr\/actu\/wp-content\/uploads\/2020\/11\/2-scaled.jpg?resize=768%2C256&amp;ssl=1 768w, https:\/\/i0.wp.com\/www.enviroscop.fr\/actu\/wp-content\/uploads\/2020\/11\/2-scaled.jpg?resize=1536%2C512&amp;ssl=1 1536w, https:\/\/i0.wp.com\/www.enviroscop.fr\/actu\/wp-content\/uploads\/2020\/11\/2-scaled.jpg?resize=2048%2C683&amp;ssl=1 2048w, https:\/\/i0.wp.com\/www.enviroscop.fr\/actu\/wp-content\/uploads\/2020\/11\/2-scaled.jpg?resize=750%2C250&amp;ssl=1 750w, https:\/\/i0.wp.com\/www.enviroscop.fr\/actu\/wp-content\/uploads\/2020\/11\/2-scaled.jpg?w=2250&amp;ssl=1 2250w\" sizes=\"auto, (max-width: 300px) 100vw, 300px\" \/> <img data-recalc-dims=\"1\" loading=\"lazy\" decoding=\"async\" data-attachment-id=\"3916\" data-permalink=\"https:\/\/www.enviroscop.fr\/actu\/2020\/11\/desoles-nous-ne-sommes-pas-a-vendre\/attachment\/3\/\" data-orig-file=\"https:\/\/i0.wp.com\/www.enviroscop.fr\/actu\/wp-content\/uploads\/2020\/11\/3-scaled.jpg?fit=2560%2C853&amp;ssl=1\" data-orig-size=\"2560,853\" data-comments-opened=\"1\" data-image-meta=\"{&quot;aperture&quot;:&quot;0&quot;,&quot;credit&quot;:&quot;&quot;,&quot;camera&quot;:&quot;&quot;,&quot;caption&quot;:&quot;&quot;,&quot;created_timestamp&quot;:&quot;0&quot;,&quot;copyright&quot;:&quot;&quot;,&quot;focal_length&quot;:&quot;0&quot;,&quot;iso&quot;:&quot;0&quot;,&quot;shutter_speed&quot;:&quot;0&quot;,&quot;title&quot;:&quot;&quot;,&quot;orientation&quot;:&quot;1&quot;}\" data-image-title=\"#3\" data-image-description=\"\" data-image-caption=\"\" data-large-file=\"https:\/\/i0.wp.com\/www.enviroscop.fr\/actu\/wp-content\/uploads\/2020\/11\/3-scaled.jpg?fit=750%2C250&amp;ssl=1\" class=\"alignleft size-medium wp-image-3916\" src=\"https:\/\/i0.wp.com\/www.enviroscop.fr\/actu\/wp-content\/uploads\/2020\/11\/3.jpg?resize=300%2C100&#038;ssl=1\" alt=\"\" width=\"300\" height=\"100\" srcset=\"https:\/\/i0.wp.com\/www.enviroscop.fr\/actu\/wp-content\/uploads\/2020\/11\/3-scaled.jpg?resize=300%2C100&amp;ssl=1 300w, https:\/\/i0.wp.com\/www.enviroscop.fr\/actu\/wp-content\/uploads\/2020\/11\/3-scaled.jpg?resize=1024%2C341&amp;ssl=1 1024w, https:\/\/i0.wp.com\/www.enviroscop.fr\/actu\/wp-content\/uploads\/2020\/11\/3-scaled.jpg?resize=768%2C256&amp;ssl=1 768w, https:\/\/i0.wp.com\/www.enviroscop.fr\/actu\/wp-content\/uploads\/2020\/11\/3-scaled.jpg?resize=1536%2C512&amp;ssl=1 1536w, https:\/\/i0.wp.com\/www.enviroscop.fr\/actu\/wp-content\/uploads\/2020\/11\/3-scaled.jpg?resize=2048%2C683&amp;ssl=1 2048w, https:\/\/i0.wp.com\/www.enviroscop.fr\/actu\/wp-content\/uploads\/2020\/11\/3-scaled.jpg?resize=750%2C250&amp;ssl=1 750w, https:\/\/i0.wp.com\/www.enviroscop.fr\/actu\/wp-content\/uploads\/2020\/11\/3-scaled.jpg?w=2250&amp;ssl=1 2250w\" sizes=\"auto, (max-width: 300px) 100vw, 300px\" \/> <img data-recalc-dims=\"1\" loading=\"lazy\" decoding=\"async\" data-attachment-id=\"3917\" data-permalink=\"https:\/\/www.enviroscop.fr\/actu\/2020\/11\/desoles-nous-ne-sommes-pas-a-vendre\/attachment\/4\/\" data-orig-file=\"https:\/\/i0.wp.com\/www.enviroscop.fr\/actu\/wp-content\/uploads\/2020\/11\/4-scaled.jpg?fit=2560%2C853&amp;ssl=1\" data-orig-size=\"2560,853\" data-comments-opened=\"1\" data-image-meta=\"{&quot;aperture&quot;:&quot;0&quot;,&quot;credit&quot;:&quot;&quot;,&quot;camera&quot;:&quot;&quot;,&quot;caption&quot;:&quot;&quot;,&quot;created_timestamp&quot;:&quot;0&quot;,&quot;copyright&quot;:&quot;&quot;,&quot;focal_length&quot;:&quot;0&quot;,&quot;iso&quot;:&quot;0&quot;,&quot;shutter_speed&quot;:&quot;0&quot;,&quot;title&quot;:&quot;&quot;,&quot;orientation&quot;:&quot;1&quot;}\" data-image-title=\"#4\" data-image-description=\"\" data-image-caption=\"\" data-large-file=\"https:\/\/i0.wp.com\/www.enviroscop.fr\/actu\/wp-content\/uploads\/2020\/11\/4-scaled.jpg?fit=750%2C250&amp;ssl=1\" class=\"alignleft size-medium wp-image-3917\" src=\"https:\/\/i0.wp.com\/www.enviroscop.fr\/actu\/wp-content\/uploads\/2020\/11\/4.jpg?resize=300%2C100&#038;ssl=1\" alt=\"\" width=\"300\" height=\"100\" srcset=\"https:\/\/i0.wp.com\/www.enviroscop.fr\/actu\/wp-content\/uploads\/2020\/11\/4-scaled.jpg?resize=300%2C100&amp;ssl=1 300w, https:\/\/i0.wp.com\/www.enviroscop.fr\/actu\/wp-content\/uploads\/2020\/11\/4-scaled.jpg?resize=1024%2C341&amp;ssl=1 1024w, https:\/\/i0.wp.com\/www.enviroscop.fr\/actu\/wp-content\/uploads\/2020\/11\/4-scaled.jpg?resize=768%2C256&amp;ssl=1 768w, https:\/\/i0.wp.com\/www.enviroscop.fr\/actu\/wp-content\/uploads\/2020\/11\/4-scaled.jpg?resize=1536%2C512&amp;ssl=1 1536w, https:\/\/i0.wp.com\/www.enviroscop.fr\/actu\/wp-content\/uploads\/2020\/11\/4-scaled.jpg?resize=2048%2C683&amp;ssl=1 2048w, https:\/\/i0.wp.com\/www.enviroscop.fr\/actu\/wp-content\/uploads\/2020\/11\/4-scaled.jpg?resize=750%2C250&amp;ssl=1 750w, https:\/\/i0.wp.com\/www.enviroscop.fr\/actu\/wp-content\/uploads\/2020\/11\/4-scaled.jpg?w=2250&amp;ssl=1 2250w\" sizes=\"auto, (max-width: 300px) 100vw, 300px\" \/><\/p>\n","protected":false},"excerpt":{"rendered":"<p>Ce matin, nous avons re\u00e7u un courrier nous informant que quelqu&rsquo;un \u00e9tait int\u00e9ress\u00e9 par le rachat de notre entreprise (pas \u00e9tonnant, une belle entreprise comme la n\u00f4tre&#8230;). Pour reprendre une expression en vogue, \u00ab\u00a0la question, elle est vite r\u00e9pondue\u00a0\u00bb : La nouvelle campagne de communication des SCOP nous fournit une r\u00e9ponse toute faite. R\u00e9alis\u00e9e en &hellip; <\/p>\n<p><a class=\"more-link btn\" href=\"https:\/\/www.enviroscop.fr\/actu\/2020\/11\/desoles-nous-ne-sommes-pas-a-vendre\/\">Lire la suite<\/a><\/p>\n","protected":false},"author":1,"featured_media":0,"comment_status":"open","ping_status":"open","sticky":false,"template":"","format":"standard","meta":{"jetpack_post_was_ever_published":false,"_jetpack_newsletter_access":"","_jetpack_dont_email_post_to_subs":false,"_jetpack_newsletter_tier_id":0,"_jetpack_memberships_contains_paywalled_content":false,"_jetpack_memberships_contains_paid_content":false,"footnotes":"","jetpack_publicize_message":"","jetpack_publicize_feature_enabled":true,"jetpack_social_post_already_shared":true,"jetpack_social_options":{"image_generator_settings":{"template":"highway","default_image_id":0,"font":"","enabled":false},"version":2}},"categories":[119,84,22,85,23,92,25,48],"tags":[],"class_list":["post-3913","post","type-post","status-publish","format-standard","hentry","category-citoyen","category-cooperative","category-economie","category-education","category-emploi","category-entreprise","category-enviroscop","category-scop","item-wrap"],"jetpack_publicize_connections":[],"jetpack_featured_media_url":"","jetpack_shortlink":"https:\/\/wp.me\/p3rXAp-117","jetpack_likes_enabled":true,"jetpack-related-posts":[{"id":5452,"url":"https:\/\/www.enviroscop.fr\/actu\/2024\/05\/5452\/","url_meta":{"origin":3913,"position":0},"title":"L&rsquo;alliance des COOP !","author":"Enviroscop","date":"29 mai 2024","format":false,"excerpt":"Une Alliance de Coop' est en train de na\u00eetre pour promouvoir les Coop\u00e9ratives de France ! SCOP, SCIC, CAE, rejoignez nous sur ce r\u00e9seau de promotion. Nous avons tant de diversit\u00e9s \u00e0 pr\u00e9senter qui peuvent promouvoir nos valeurs (humaines, sociales, environnementales et m\u00eame \u00e9conomiques !), nos modes organisationnels coop\u00e9ratifs. Ce\u2026","rel":"","context":"Dans &quot;Citoyen&quot;","block_context":{"text":"Citoyen","link":"https:\/\/www.enviroscop.fr\/actu\/category\/humain\/citoyen\/"},"img":{"alt_text":"","src":"","width":0,"height":0},"classes":[]},{"id":4311,"url":"https:\/\/www.enviroscop.fr\/actu\/2021\/06\/78-des-salaries-choisiraient-de-rejoindre-une-entreprise-engagee-pour-la-transition-ecologique\/","url_meta":{"origin":3913,"position":1},"title":"78% des salari\u00e9s choisiraient de rejoindre une entreprise engag\u00e9e pour la transition \u00e9cologique","author":"Enviroscop","date":"24 juin 2021","format":false,"excerpt":"Si en plus, elle est en SCOP... LinkedIn et l\u2019ADEME pr\u00e9sentent ce jour une nouvelle \u00e9tude r\u00e9alis\u00e9e avec l\u2019Institut CSA afin d\u2019\u00e9valuer le regard que portent les salari\u00e9s sur la transition \u00e9cologique au sein de leur entreprise ou organisation en France.\u00a0Cette \u00e9tude r\u00e9v\u00e8le que les salari\u00e9s, soucieux des enjeux environnementaux,\u2026","rel":"","context":"Dans &quot;ADEME&quot;","block_context":{"text":"ADEME","link":"https:\/\/www.enviroscop.fr\/actu\/category\/source\/ademe\/"},"img":{"alt_text":"","src":"https:\/\/i0.wp.com\/www.enviroscop.fr\/actu\/wp-content\/uploads\/2021\/06\/equipe.jpg?resize=350%2C200","width":350,"height":200,"srcset":"https:\/\/i0.wp.com\/www.enviroscop.fr\/actu\/wp-content\/uploads\/2021\/06\/equipe.jpg?resize=350%2C200 1x, https:\/\/i0.wp.com\/www.enviroscop.fr\/actu\/wp-content\/uploads\/2021\/06\/equipe.jpg?resize=525%2C300 1.5x, https:\/\/i0.wp.com\/www.enviroscop.fr\/actu\/wp-content\/uploads\/2021\/06\/equipe.jpg?resize=700%2C400 2x, https:\/\/i0.wp.com\/www.enviroscop.fr\/actu\/wp-content\/uploads\/2021\/06\/equipe.jpg?resize=1050%2C600 3x, https:\/\/i0.wp.com\/www.enviroscop.fr\/actu\/wp-content\/uploads\/2021\/06\/equipe.jpg?resize=1400%2C800 4x"},"classes":[]},{"id":5408,"url":"https:\/\/www.enviroscop.fr\/actu\/2024\/02\/rapport-dactivite-2023-des-scop-et-des-scic\/","url_meta":{"origin":3913,"position":2},"title":"Rapport d&rsquo;activit\u00e9 2023 des SCOP et des SCIC","author":"Enviroscop","date":"12 f\u00e9vrier 2024","format":false,"excerpt":"Une ann\u00e9e marqu\u00e9e par la r\u00e9sistance des Scop et des Scic et de bons r\u00e9sultats malgr\u00e9 une conjoncture \u00e9conomique en berne Des taux d\u2019int\u00e9r\u00eats \u00e0 4 %, une inflation \u00e0 4,9 %, une conjoncture \u00e9conomique incertaine avec une croissance de 0,9 %... L\u2019ann\u00e9e 2023 a montr\u00e9 \u00e0 nos coop\u00e9ratives les\u2026","rel":"","context":"Dans &quot;Activit\u00e9&quot;","block_context":{"text":"Activit\u00e9","link":"https:\/\/www.enviroscop.fr\/actu\/category\/activite\/"},"img":{"alt_text":"","src":"https:\/\/i0.wp.com\/www.enviroscop.fr\/actu\/wp-content\/uploads\/2024\/02\/Capture-decran-2024-02-12-145351.png?resize=350%2C200&ssl=1","width":350,"height":200,"srcset":"https:\/\/i0.wp.com\/www.enviroscop.fr\/actu\/wp-content\/uploads\/2024\/02\/Capture-decran-2024-02-12-145351.png?resize=350%2C200&ssl=1 1x, https:\/\/i0.wp.com\/www.enviroscop.fr\/actu\/wp-content\/uploads\/2024\/02\/Capture-decran-2024-02-12-145351.png?resize=525%2C300&ssl=1 1.5x, https:\/\/i0.wp.com\/www.enviroscop.fr\/actu\/wp-content\/uploads\/2024\/02\/Capture-decran-2024-02-12-145351.png?resize=700%2C400&ssl=1 2x, https:\/\/i0.wp.com\/www.enviroscop.fr\/actu\/wp-content\/uploads\/2024\/02\/Capture-decran-2024-02-12-145351.png?resize=1050%2C600&ssl=1 3x, https:\/\/i0.wp.com\/www.enviroscop.fr\/actu\/wp-content\/uploads\/2024\/02\/Capture-decran-2024-02-12-145351.png?resize=1400%2C800&ssl=1 4x"},"classes":[]},{"id":4712,"url":"https:\/\/www.enviroscop.fr\/actu\/2022\/04\/en-2022-pres-de-la-moitie-des-salaries-nont-jamais-ete-consultes-par-leur-entreprise-sur-les-decisions-operationnelles-ou-strategiques\/","url_meta":{"origin":3913,"position":3},"title":"En 2022, pr\u00e8s de la moiti\u00e9 des salari\u00e9s n\u2019ont jamais \u00e9t\u00e9 consult\u00e9s par leur entreprise sur les d\u00e9cisions op\u00e9rationnelles ou strat\u00e9giques","author":"Enviroscop","date":"19 avril 2022","format":false,"excerpt":"2e Barom\u00e8tre de l\u2019entreprise de demain par la Conf\u00e9d\u00e9ration g\u00e9n\u00e9rale des Scop et des Scic avec OpinionWay Dans le contexte de l\u2019\u00e9lection pr\u00e9sidentielle, les enjeux de l\u2019emploi et de la transition \u00e9cologique et sociale sont centraux et exacerb\u00e9s par les crises \u00e9cologiques et \u00e9conomiques. Dans ce contexte, la Conf\u00e9d\u00e9ration g\u00e9n\u00e9rale\u2026","rel":"","context":"Dans &quot;Coop\u00e9rative&quot;","block_context":{"text":"Coop\u00e9rative","link":"https:\/\/www.enviroscop.fr\/actu\/category\/activite\/economie\/cooperative\/"},"img":{"alt_text":"Les attentes \u00e0 l'\u00e9gard des entreprises pour les ann\u00e9es \u00e0 venir","src":"https:\/\/i0.wp.com\/www.les-scop.coop\/system\/files\/inline-images\/baro2.PNG?resize=350%2C200&ssl=1","width":350,"height":200,"srcset":"https:\/\/i0.wp.com\/www.les-scop.coop\/system\/files\/inline-images\/baro2.PNG?resize=350%2C200&ssl=1 1x, https:\/\/i0.wp.com\/www.les-scop.coop\/system\/files\/inline-images\/baro2.PNG?resize=525%2C300&ssl=1 1.5x"},"classes":[]},{"id":4423,"url":"https:\/\/www.enviroscop.fr\/actu\/2021\/09\/une-nouvelle-recrue\/","url_meta":{"origin":3913,"position":4},"title":"Une nouvelle recrue !","author":"Enviroscop","date":"24 septembre 2021","format":false,"excerpt":"Enviroscop est heureuse de vous annoncer le recrutement de : notre premi\u00e8re Mathilde notre premi\u00e8re alternante notre premi\u00e8re salari\u00e9e d\u00e9di\u00e9e \u00e0 la gestion, la RH, la vie coop\u00e9rative notre premi\u00e8re coop\u00e9ratrice n\u00e9e au XXIe si\u00e8cle \u00a0 \u00a0 \u00a0 Mathilde pr\u00e9pare une Licence Professionnelle Gestion des Organisations de l'Economie Sociale et\u2026","rel":"","context":"Dans &quot;Economie&quot;","block_context":{"text":"Economie","link":"https:\/\/www.enviroscop.fr\/actu\/category\/activite\/economie\/"},"img":{"alt_text":"","src":"https:\/\/i0.wp.com\/www.enviroscop.fr\/actu\/wp-content\/uploads\/2021\/09\/IMG_20191003_203046-scaled.jpg?resize=350%2C200","width":350,"height":200},"classes":[]},{"id":243,"url":"https:\/\/www.enviroscop.fr\/actu\/2012\/06\/denouvellesperspectivespourlesscop-normandes\/","url_meta":{"origin":3913,"position":5},"title":"De nouvelles perspectives pour les Scop Normandes","author":"Enviroscop","date":"22 juin 2012","format":false,"excerpt":"L???Union r??gionale des Scop d?????le-de-France - HauteNormandie - Centre orl??anais - Dom-Tom vient de signer une convention avec le conseil r??gional de HauteNormandie qui vise soutenir la cr??ation et la reprise d???entreprises sous forme d...","rel":"","context":"Dans &quot;scop&quot;","block_context":{"text":"scop","link":"https:\/\/www.enviroscop.fr\/actu\/category\/enviroscop\/scop\/"},"img":{"alt_text":"","src":"","width":0,"height":0},"classes":[]}],"jetpack_sharing_enabled":true,"_links":{"self":[{"href":"https:\/\/www.enviroscop.fr\/actu\/wp-json\/wp\/v2\/posts\/3913","targetHints":{"allow":["GET"]}}],"collection":[{"href":"https:\/\/www.enviroscop.fr\/actu\/wp-json\/wp\/v2\/posts"}],"about":[{"href":"https:\/\/www.enviroscop.fr\/actu\/wp-json\/wp\/v2\/types\/post"}],"author":[{"embeddable":true,"href":"https:\/\/www.enviroscop.fr\/actu\/wp-json\/wp\/v2\/users\/1"}],"replies":[{"embeddable":true,"href":"https:\/\/www.enviroscop.fr\/actu\/wp-json\/wp\/v2\/comments?post=3913"}],"version-history":[{"count":1,"href":"https:\/\/www.enviroscop.fr\/actu\/wp-json\/wp\/v2\/posts\/3913\/revisions"}],"predecessor-version":[{"id":3919,"href":"https:\/\/www.enviroscop.fr\/actu\/wp-json\/wp\/v2\/posts\/3913\/revisions\/3919"}],"wp:attachment":[{"href":"https:\/\/www.enviroscop.fr\/actu\/wp-json\/wp\/v2\/media?parent=3913"}],"wp:term":[{"taxonomy":"category","embeddable":true,"href":"https:\/\/www.enviroscop.fr\/actu\/wp-json\/wp\/v2\/categories?post=3913"},{"taxonomy":"post_tag","embeddable":true,"href":"https:\/\/www.enviroscop.fr\/actu\/wp-json\/wp\/v2\/tags?post=3913"}],"curies":[{"name":"wp","href":"https:\/\/api.w.org\/{rel}","templated":true}]}}