{"id":3920,"date":"2020-11-03T09:22:42","date_gmt":"2020-11-03T08:22:42","guid":{"rendered":"http:\/\/www.enviroscop.fr\/actu\/?p=3920"},"modified":"2022-01-06T07:50:04","modified_gmt":"2022-01-06T06:50:04","slug":"confinement-v2-0","status":"publish","type":"post","link":"https:\/\/www.enviroscop.fr\/actu\/2020\/11\/confinement-v2-0\/","title":{"rendered":"Info COVID"},"content":{"rendered":"<p><img data-recalc-dims=\"1\" loading=\"lazy\" decoding=\"async\" class=\"alignleft\" src=\"https:\/\/i0.wp.com\/www.loireforez.fr\/wp-content\/uploads\/2020\/03\/Visuel-CORONAVIRUS-e1584719967778.png?resize=272%2C143&#038;ssl=1\" alt=\"COVID-19 : adaptation des horaires d'ouverture de certains \u00e9tablissements -  Loire Forez Agglom\u00e9ration\" width=\"272\" height=\"143\" \/>La coop\u00e9rative a pris toutes les mesures pour prot\u00e9ger la sant\u00e9 de ses collaborateurs et assurer le suivi des dossiers en cours pendant toute la p\u00e9riode de confinement&#8230;<\/p>\r\n<!-- \/wp:post-content -->\r\n\r\n<!-- wp:paragraph -->\r\n<p>&nbsp;<\/p>\r\n<p>&nbsp;<\/p>\r\n<p><strong>Toute l&rsquo;\u00e9quipe reste bien \u00e9videmment mobilis\u00e9e pendant cette p\u00e9riode et s&rsquo;est organis\u00e9e pour r\u00e9pondre \u00e0 tous vos besoins <\/strong>\u00a0:<\/p>\r\n<!-- \/wp:paragraph -->\r\n\r\n<!-- wp:list -->\r\n<ul>\r\n<li>Tous les coop\u00e9rateurs sont d\u00e9j\u00e0 rompus au t\u00e9l\u00e9travail, puisque c&rsquo;est une forme d&rsquo;activit\u00e9 qui a permis notre cr\u00e9ation et qui est fortement encourag\u00e9e (agences de Caen, Rennes et St-Malo, mais aussi t\u00e9l\u00e9travail ponctuel r\u00e9gulier ou non), et, conform\u00e9ment \u00e0 la directive nationale, cette forme de travail reste celle pr\u00e9conis\u00e9e.<\/li>\r\n<li>Tous ont acc\u00e8s, de mani\u00e8re d\u00e9mat\u00e9rialis\u00e9e, \u00e0 tous les dossiers en cours (y compris ceux de coop\u00e9rateurs \u00e9ventuellement malades) ainsi, bien \u00e9videmment qu&rsquo;\u00e0 leurs mails professionnels.<\/li>\r\n<li>Tous les membres de l&rsquo;\u00e9quipe sont en contact t\u00e9l\u00e9phonique et \u00e9lectronique (groupes de discussion) entre eux.<\/li>\r\n<li>Tous les coop\u00e9rateurs restent, comme habituellement, joignables par nos clients et partenaires, par mail et par t\u00e9l\u00e9phone (merci d&rsquo;utiliser nos num\u00e9ros de portable).<\/li>\r\n<li>Les sorties terrains pr\u00e9vues sont maintenues, tant qu&rsquo;elles ne n\u00e9cessitent pas plus d&rsquo;une personne (<em>sauf demande expresse du client<\/em>).<\/li>\r\n<li>Notre DUER a \u00e9t\u00e9 modifi\u00e9 pour int\u00e9grer le risque d\u00fb au SARS-CoV-2. Une proc\u00e9dure sp\u00e9cifique est mise en place pour le travail au si\u00e8ge, sur le terrain et pour les \u00e9ventuels d\u00e9placements en client\u00e8le.<\/li>\r\n<\/ul>\r\n<!-- \/wp:list -->\r\n\r\n<!-- wp:paragraph -->\r\n<p>Pour les formations et r\u00e9unions pr\u00e9vues les gestes barri\u00e8res sont respect\u00e9s et masques et gels hydroalcooliques sont fournis \u00e0 notre si\u00e8ge.\u00a0 Afin de limiter les contacts et d\u00e9placements, nous restons disponibles pour les conf\u00e9rences t\u00e9l\u00e9phoniques ou visio-conf\u00e9rences.<\/p>\r\n<!-- \/wp:paragraph -->\r\n\r\n<!-- wp:paragraph -->\r\n<p>En esp\u00e9rant que cette difficile p\u00e9riode soit r\u00e9duite au maximum, nous vous adressons tous nos v\u0153ux de prudence et de courage, \u00e0 vous et \u00e0 vos proches, dans cette p\u00e9riode exceptionnelle.<\/p>\r\n<!-- \/wp:paragraph -->\r\n\r\n<!-- wp:paragraph -->\r\n<p>Toute l&rsquo;\u00e9quipe d&rsquo;Enviroscop<\/p>","protected":false},"excerpt":{"rendered":"<p>La coop\u00e9rative a pris toutes les mesures pour prot\u00e9ger la sant\u00e9 de ses collaborateurs et assurer le suivi des dossiers en cours pendant toute la p\u00e9riode de confinement&#8230; &nbsp; &nbsp; Toute l&rsquo;\u00e9quipe reste bien \u00e9videmment mobilis\u00e9e pendant cette p\u00e9riode et s&rsquo;est organis\u00e9e pour r\u00e9pondre \u00e0 tous vos besoins \u00a0: Tous les coop\u00e9rateurs sont d\u00e9j\u00e0 rompus &hellip; <\/p>\n<p><a class=\"more-link btn\" href=\"https:\/\/www.enviroscop.fr\/actu\/2020\/11\/confinement-v2-0\/\">Lire la suite<\/a><\/p>\n","protected":false},"author":1,"featured_media":0,"comment_status":"open","ping_status":"open","sticky":false,"template":"","format":"standard","meta":{"jetpack_post_was_ever_published":false,"_jetpack_newsletter_access":"","_jetpack_dont_email_post_to_subs":false,"_jetpack_newsletter_tier_id":0,"_jetpack_memberships_contains_paywalled_content":false,"_jetpack_memberships_contains_paid_content":false,"footnotes":"","jetpack_publicize_message":"","jetpack_publicize_feature_enabled":true,"jetpack_social_post_already_shared":true,"jetpack_social_options":{"image_generator_settings":{"template":"highway","default_image_id":0,"font":"","enabled":false},"version":2}},"categories":[84,122,25],"tags":[],"class_list":["post-3920","post","type-post","status-publish","format-standard","hentry","category-cooperative","category-covid","category-enviroscop","item-wrap"],"jetpack_publicize_connections":[],"jetpack_featured_media_url":"","jetpack_shortlink":"https:\/\/wp.me\/p3rXAp-11e","jetpack_likes_enabled":true,"jetpack-related-posts":[{"id":3657,"url":"https:\/\/www.enviroscop.fr\/actu\/2020\/03\/procedure-covid-19\/","url_meta":{"origin":3920,"position":0},"title":"Proc\u00e9dure Covid-19, p\u00e9riode de d\u00e9confinement","author":"Enviroscop","date":"16 mars 2020","format":false,"excerpt":"La coop\u00e9rative a pris toutes les mesures pour prot\u00e9ger la sant\u00e9 de ses collaborateurs et assurer le suivi des dossiers en cours pendant toute la p\u00e9riode de crise, confinement, puis d\u00e9confinement... Toute l'\u00e9quipe reste bien \u00e9videmment mobilis\u00e9e pendant cette p\u00e9riode et s'est organis\u00e9e pour r\u00e9pondre \u00e0 tous vos besoins \u00a0:\u00a0\u2026","rel":"","context":"Dans &quot;Citoyen&quot;","block_context":{"text":"Citoyen","link":"https:\/\/www.enviroscop.fr\/actu\/category\/humain\/citoyen\/"},"img":{"alt_text":"","src":"","width":0,"height":0},"classes":[]},{"id":4539,"url":"https:\/\/www.enviroscop.fr\/actu\/2021\/12\/partir-vivre-a-la-campagne-mais-au-fait-cest-ou-la-campagne\/","url_meta":{"origin":3920,"position":1},"title":"Partir vivre \u00e0 la campagne\u2026 Mais au fait, c\u2019est o\u00f9 la campagne ?","author":"Enviroscop","date":"13 d\u00e9cembre 2021","format":false,"excerpt":"Fin 2020, l\u2019Insee a propos\u00e9 une nouvelle d\u00e9finition du rural, qui rompt avec l\u2019approche pr\u00e9c\u00e9dente centr\u00e9e en premier lieu sur la ville. Cette nouvelle d\u00e9finition s\u2019appuie sur une \u00ab\u00a0grille de densit\u00e9\u00a0\u00bb qui tient compte du nombre d\u2019habitants et de la concentration de ces habitants dans l\u2019espace communal. Les communes peu\u2026","rel":"","context":"Dans &quot;Agriculture&quot;","block_context":{"text":"Agriculture","link":"https:\/\/www.enviroscop.fr\/actu\/category\/activite\/agriculture\/"},"img":{"alt_text":"","src":"","width":0,"height":0},"classes":[]},{"id":3774,"url":"https:\/\/www.enviroscop.fr\/actu\/2020\/06\/esprit-cooperative-et-deplacements-ferroviaires-railcoop\/","url_meta":{"origin":3920,"position":2},"title":"Esprit coop\u00e9rative et d\u00e9placements ferroviaires : Railcoop !","author":"Enviroscop","date":"12 juin 2020","format":false,"excerpt":"Le projet Railcoop L\u2019ambition de Railcoop est de redonner du sens \u00e0 la mobilit\u00e9 ferroviaire\u00a0en impliquant citoyens, cheminots, entreprises et collectivit\u00e9s autour d\u2019une m\u00eame mission : d\u00e9velopper une offre de transport ferroviaire innovante et adapt\u00e9e aux besoins de tous les territoires. Concr\u00e8tement, Railcoop fera rouler ses trains d\u00e8s 2022.\u00a0Premi\u00e8re coop\u00e9rative\u2026","rel":"","context":"Dans &quot;D\u00e9placements&quot;","block_context":{"text":"D\u00e9placements","link":"https:\/\/www.enviroscop.fr\/actu\/category\/activite\/transport\/deplacements\/"},"img":{"alt_text":"Visuel logo Railcoop","src":"https:\/\/i0.wp.com\/www.railcoop.fr\/wp-content\/uploads\/2020\/02\/visu-projetrailcoop-pq.png?resize=350%2C200&ssl=1","width":350,"height":200},"classes":[]},{"id":1548,"url":"https:\/\/www.enviroscop.fr\/actu\/2013\/10\/cooperative-combrailles-durables-le-photovoltaique-citoyen-plein-soleil\/","url_meta":{"origin":3920,"position":3},"title":"Coop\u00e9rative Combrailles Durables : Le photovolta\u00efque citoyen | Plein Soleil","author":"Enviroscop","date":"28 octobre 2013","format":false,"excerpt":"La coop\u00e9rative d\u2019int\u00e9r\u00eat collectif SCIC Combrailles Durables sans but lucratif regroupe des citoyens lambda, au nombre de 176 au 10 octobre 2013. Elle est anim\u00e9e pas une groupe d\u2019une quinzaine de b\u00e9n\u00e9voles. Cette coop\u00e9rative a mis en service et exploite des petites centrales solaires photovolta\u00efques en toiture de b\u00e2timents publics.\u2026","rel":"","context":"Dans &quot;Coop\u00e9rative&quot;","block_context":{"text":"Coop\u00e9rative","link":"https:\/\/www.enviroscop.fr\/actu\/category\/activite\/economie\/cooperative\/"},"img":{"alt_text":"","src":"","width":0,"height":0},"classes":[]},{"id":1420,"url":"https:\/\/www.enviroscop.fr\/actu\/2013\/09\/permis-unique-un-projet-de-loi-pour-experimenter-une-reelle-modernisation-du-droit-de-lenvironnement\/","url_meta":{"origin":3920,"position":4},"title":"Permis unique : un projet de loi pour exp\u00e9rimenter une r\u00e9elle modernisation du droit de l&rsquo;environnement","author":"Enviroscop","date":"6 septembre 2013","format":false,"excerpt":"Le Gouvernement vient de d\u00e9poser un projet qui permettra d'exp\u00e9rimenter la proc\u00e9dure du permis unique. Une mesure que je soutiens depuis fort longtemps et qui a \u00e9t\u00e9 d\u00e9battue lors des Etats g\u00e9n\u00e9raux de la modernisation du droit de l'environnement. Le Gouvernement vient de d\u00e9poser au Parlement un projet de loi\u2026","rel":"","context":"Dans &quot;droit&quot;","block_context":{"text":"droit","link":"https:\/\/www.enviroscop.fr\/actu\/category\/juridique\/droit\/"},"img":{"alt_text":"","src":"https:\/\/i0.wp.com\/www.enviroscop.fr\/actu\/wp-content\/uploads\/2013\/09\/3152939255.png?resize=350%2C200","width":350,"height":200},"classes":[]},{"id":3721,"url":"https:\/\/www.enviroscop.fr\/actu\/2020\/04\/suspension-des-delais-pendant-la-periode-durgence-sanitaire-liee-a-lepidemie-de-covid-19-nouveau-decret\/","url_meta":{"origin":3920,"position":5},"title":"Suspension des d\u00e9lais pendant la p\u00e9riode d&rsquo;urgence sanitaire li\u00e9e \u00e0 l&rsquo;\u00e9pid\u00e9mie de covid-19 : nouveau d\u00e9cret","author":"Enviroscop","date":"22 avril 2020","format":false,"excerpt":"Le d\u00e9cret pr\u00e9voit, sur le fondement du\u00a0premier alin\u00e9a de l'article 9 de l'ordonnance n\u00b0 2020-306 du 25 mars 2020, et pour des motifs tenant aux int\u00e9r\u00eats fondamentaux de la Nation, \u00e0 la s\u00e9curit\u00e9, \u00e0 la protection de la sant\u00e9 et de la salubrit\u00e9 publique et \u00e0 la pr\u00e9servation de l'environnement,\u2026","rel":"","context":"Dans &quot;Assainissement&quot;","block_context":{"text":"Assainissement","link":"https:\/\/www.enviroscop.fr\/actu\/category\/compartiments\/eau\/assainissement\/"},"img":{"alt_text":"","src":"https:\/\/i0.wp.com\/www.enviroscop.fr\/actu\/wp-content\/uploads\/2013\/05\/17141_une.jpg?resize=350%2C200&ssl=1","width":350,"height":200},"classes":[]}],"jetpack_sharing_enabled":true,"_links":{"self":[{"href":"https:\/\/www.enviroscop.fr\/actu\/wp-json\/wp\/v2\/posts\/3920","targetHints":{"allow":["GET"]}}],"collection":[{"href":"https:\/\/www.enviroscop.fr\/actu\/wp-json\/wp\/v2\/posts"}],"about":[{"href":"https:\/\/www.enviroscop.fr\/actu\/wp-json\/wp\/v2\/types\/post"}],"author":[{"embeddable":true,"href":"https:\/\/www.enviroscop.fr\/actu\/wp-json\/wp\/v2\/users\/1"}],"replies":[{"embeddable":true,"href":"https:\/\/www.enviroscop.fr\/actu\/wp-json\/wp\/v2\/comments?post=3920"}],"version-history":[{"count":4,"href":"https:\/\/www.enviroscop.fr\/actu\/wp-json\/wp\/v2\/posts\/3920\/revisions"}],"predecessor-version":[{"id":4072,"href":"https:\/\/www.enviroscop.fr\/actu\/wp-json\/wp\/v2\/posts\/3920\/revisions\/4072"}],"wp:attachment":[{"href":"https:\/\/www.enviroscop.fr\/actu\/wp-json\/wp\/v2\/media?parent=3920"}],"wp:term":[{"taxonomy":"category","embeddable":true,"href":"https:\/\/www.enviroscop.fr\/actu\/wp-json\/wp\/v2\/categories?post=3920"},{"taxonomy":"post_tag","embeddable":true,"href":"https:\/\/www.enviroscop.fr\/actu\/wp-json\/wp\/v2\/tags?post=3920"}],"curies":[{"name":"wp","href":"https:\/\/api.w.org\/{rel}","templated":true}]}}