{"id":3979,"date":"2021-01-04T10:03:57","date_gmt":"2021-01-04T09:03:57","guid":{"rendered":"http:\/\/www.enviroscop.fr\/actu\/?p=3979"},"modified":"2021-01-04T10:03:57","modified_gmt":"2021-01-04T09:03:57","slug":"la-part-des-renouvelables-atteint-197-en-europe-en-2019","status":"publish","type":"post","link":"https:\/\/www.enviroscop.fr\/actu\/2021\/01\/la-part-des-renouvelables-atteint-197-en-europe-en-2019\/","title":{"rendered":"La part des renouvelables atteint 19,7 % en Europe en 2019"},"content":{"rendered":"<p><img data-recalc-dims=\"1\" decoding=\"async\" src=\"https:\/\/i0.wp.com\/ec.europa.eu\/eurostat\/statistics-explained\/images\/thumb\/1\/16\/Share_of_energy_from_renewable_sources_2019_infograph.jpg\/500px-Share_of_energy_from_renewable_sources_2019_infograph.jpg.png?w=750&#038;ssl=1\" \/><\/p>\n<p>Si quatorze \u00c9tats membres de l&rsquo;UE ont d\u00e9j\u00e0 d\u00e9pass\u00e9 leurs objectifs nationaux pour 2020 et que six pays en sont proches, la France est le pays le plus en retard sur ses objectifs (-5,8 %).<\/p>\n<p>Cependant, globalement, \u00e0 l&rsquo;\u00e9chelle europ\u00e9enne, nous sommes proches du but : en 2019, les \u00e9nergies renouvelables ont couvert 19,7 % de la consommation finale brute d&rsquo;\u00e9nergie des 27 \u00c9tats membres (pour rappel, l&rsquo;objectif \u00e9tait d&rsquo;atteindre 20 % d&rsquo;\u00e9nergies renouvelables en 2020).<\/p>\n<p><a href=\"https:\/\/ec.europa.eu\/eurostat\/statistics-explained\/index.php?title=Renewable_energy_statistics#Share_of_renewable_energy_more_than_doubled_between_2004_and_2019\" target=\"_blank\" rel=\"noopener\">Source : Eurostat<\/a><\/p>\n","protected":false},"excerpt":{"rendered":"<p>Si quatorze \u00c9tats membres de l&rsquo;UE ont d\u00e9j\u00e0 d\u00e9pass\u00e9 leurs objectifs nationaux pour 2020 et que six pays en sont proches, la France est le pays le plus en retard sur ses objectifs (-5,8 %). Cependant, globalement, \u00e0 l&rsquo;\u00e9chelle europ\u00e9enne, nous sommes proches du but : en 2019, les \u00e9nergies renouvelables ont couvert 19,7 % &hellip; <\/p>\n<p><a class=\"more-link btn\" href=\"https:\/\/www.enviroscop.fr\/actu\/2021\/01\/la-part-des-renouvelables-atteint-197-en-europe-en-2019\/\">Lire la suite<\/a><\/p>\n","protected":false},"author":1,"featured_media":0,"comment_status":"open","ping_status":"open","sticky":false,"template":"","format":"standard","meta":{"jetpack_post_was_ever_published":false,"_jetpack_newsletter_access":"","_jetpack_dont_email_post_to_subs":false,"_jetpack_newsletter_tier_id":0,"_jetpack_memberships_contains_paywalled_content":false,"_jetpack_memberships_contains_paid_content":false,"footnotes":"","jetpack_publicize_message":"","jetpack_publicize_feature_enabled":true,"jetpack_social_post_already_shared":true,"jetpack_social_options":{"image_generator_settings":{"template":"highway","default_image_id":0,"font":"","enabled":false},"version":2}},"categories":[4,15,7,26,28],"tags":[],"class_list":["post-3979","post","type-post","status-publish","format-standard","hentry","category-air","category-climat","category-energie","category-europe","category-ges","item-wrap"],"jetpack_publicize_connections":[],"jetpack_featured_media_url":"","jetpack_shortlink":"https:\/\/wp.me\/p3rXAp-12b","jetpack_likes_enabled":true,"jetpack-related-posts":[{"id":1748,"url":"https:\/\/www.enviroscop.fr\/actu\/2014\/01\/paquet-climat-energie-2030-bruxelles-propose-un-objectif-dau-moins-27-denergies-renouvelables\/","url_meta":{"origin":3979,"position":0},"title":"Paquet climat-\u00e9nergie 2030 : Bruxelles propose un objectif d&rsquo;au moins 27% d&rsquo;\u00e9nergies renouvelables","author":"Enviroscop","date":"24 janvier 2014","format":false,"excerpt":"La Commission europ\u00e9enne a pr\u00e9sent\u00e9 le 22 janvier ses propositions pour le futur paquet climat-\u00e9nergie qui doit \u00eatre examin\u00e9 lors du Sommet europ\u00e9en des 20 et 21 mars \u00e0 Bruxelles. Elle recommande un double objectif contraignant : une r\u00e9duction de 40% des \u00e9missions de gaz \u00e0 effet de serre (GES)\u2026","rel":"","context":"Dans &quot;Air&quot;","block_context":{"text":"Air","link":"https:\/\/www.enviroscop.fr\/actu\/category\/compartiments\/air\/"},"img":{"alt_text":"","src":"","width":0,"height":0},"classes":[]},{"id":4465,"url":"https:\/\/www.enviroscop.fr\/actu\/2021\/10\/12-millions\/","url_meta":{"origin":3979,"position":1},"title":"12 millions","author":"Enviroscop","date":"25 octobre 2021","format":false,"excerpt":"C\u2019est le nombre d\u2019emplois li\u00e9s aux \u00e9nergies renouvelables dans le monde, selon la\u00a0huiti\u00e8me \u00e9dition du rapport\u00a0de l'Agence internationale pour les \u00e9nergies renouvelables (Irena) r\u00e9alis\u00e9 en collaboration avec l'Organisation internationale du travail (OIT). En 2019, ce chiffre \u00e9tait de 11,5 millions. Parmi les plus grands pourvoyeurs d\u2019emploi en 2020\u00a0: la Chine\u2026","rel":"","context":"Dans &quot;durable&quot;","block_context":{"text":"durable","link":"https:\/\/www.enviroscop.fr\/actu\/category\/durable\/"},"img":{"alt_text":"","src":"https:\/\/i0.wp.com\/irena.org\/-\/media\/Images\/IRENA\/Agency\/Publication\/2021\/Oct\/Jobs-_2021_cover.JPG?resize=350%2C200&ssl=1","width":350,"height":200},"classes":[]},{"id":5062,"url":"https:\/\/www.enviroscop.fr\/actu\/2022\/11\/deploiement-des-energies-renouvelables-la-commission-europeenne-prend-les-choses-en-main\/","url_meta":{"origin":3979,"position":2},"title":"D\u00e9ploiement des \u00e9nergies renouvelables : la Commission europ\u00e9enne prend les choses en main","author":"Enviroscop","date":"14 novembre 2022","format":false,"excerpt":"Suivant les recommandations du Conseil, la Commission europ\u00e9enne propose un r\u00e8glement d\u2019urgence pour acc\u00e9l\u00e9rer le d\u00e9ploiement des \u00e9nergies renouvelables (EnR), y compris les pompes \u00e0 chaleur. Le texte pr\u00e9voit diverses mesures d\u00e9rogatoires, d\u2019application\u00a0imm\u00e9diate\u00a0et directe, pour un an\u2026 le temps que les r\u00e9visions en cours de directives existantes parviennent \u00e0 leur\u2026","rel":"","context":"Dans &quot;Banque des Territoires&quot;","block_context":{"text":"Banque des Territoires","link":"https:\/\/www.enviroscop.fr\/actu\/category\/source\/banque-des-territoires\/"},"img":{"alt_text":"","src":"https:\/\/i0.wp.com\/www.enviroscop.fr\/actu\/wp-content\/uploads\/2022\/08\/Capture-decran-2022-08-31-084021.jpg?resize=350%2C200","width":350,"height":200,"srcset":"https:\/\/i0.wp.com\/www.enviroscop.fr\/actu\/wp-content\/uploads\/2022\/08\/Capture-decran-2022-08-31-084021.jpg?resize=350%2C200 1x, https:\/\/i0.wp.com\/www.enviroscop.fr\/actu\/wp-content\/uploads\/2022\/08\/Capture-decran-2022-08-31-084021.jpg?resize=525%2C300 1.5x, https:\/\/i0.wp.com\/www.enviroscop.fr\/actu\/wp-content\/uploads\/2022\/08\/Capture-decran-2022-08-31-084021.jpg?resize=700%2C400 2x, https:\/\/i0.wp.com\/www.enviroscop.fr\/actu\/wp-content\/uploads\/2022\/08\/Capture-decran-2022-08-31-084021.jpg?resize=1050%2C600 3x"},"classes":[]},{"id":5205,"url":"https:\/\/www.enviroscop.fr\/actu\/2023\/04\/leurope-se-fixe-un-objectif-de-425-de-renouvelables-dici-2030\/","url_meta":{"origin":3979,"position":3},"title":"L&rsquo;Europe se fixe un objectif de 42,5% de renouvelables d\u2019ici 2030","author":"Enviroscop","date":"4 avril 2023","format":false,"excerpt":"L'accord trouv\u00e9 jeudi 30 mars sur la directive RED III boucle le marathon des textes du paquet \"Fit for 55\" port\u00e9 par la pr\u00e9sidente de la Commission, Ursula von der Leyen. Le Conseil et le Parlement ont arr\u00eat\u00e9 un objectif de 42,5% de renouvelables dans la consommation finale d'ici \u00e0\u2026","rel":"","context":"Dans &quot;Energie&quot;","block_context":{"text":"Energie","link":"https:\/\/www.enviroscop.fr\/actu\/category\/energie\/"},"img":{"alt_text":"\u00e9oliennes ","src":"https:\/\/i0.wp.com\/www.banquedesterritoires.fr\/sites\/default\/files\/styles\/landscape_auto_crop\/public\/2023-03\/Sanhjghjffghjjjjjjjjjjjjjjs%20titre-1.jpg?resize=350%2C200&ssl=1","width":350,"height":200,"srcset":"https:\/\/i0.wp.com\/www.banquedesterritoires.fr\/sites\/default\/files\/styles\/landscape_auto_crop\/public\/2023-03\/Sanhjghjffghjjjjjjjjjjjjjjs%20titre-1.jpg?resize=350%2C200&ssl=1 1x, https:\/\/i0.wp.com\/www.banquedesterritoires.fr\/sites\/default\/files\/styles\/landscape_auto_crop\/public\/2023-03\/Sanhjghjffghjjjjjjjjjjjjjjs%20titre-1.jpg?resize=525%2C300&ssl=1 1.5x, https:\/\/i0.wp.com\/www.banquedesterritoires.fr\/sites\/default\/files\/styles\/landscape_auto_crop\/public\/2023-03\/Sanhjghjffghjjjjjjjjjjjjjjs%20titre-1.jpg?resize=700%2C400&ssl=1 2x"},"classes":[]},{"id":4889,"url":"https:\/\/www.enviroscop.fr\/actu\/2022\/08\/acceleration-des-energies-renouvelables-les-pistes-devoilees-dans-un-avant-projet-de-loi\/","url_meta":{"origin":3979,"position":4},"title":"Acc\u00e9l\u00e9ration des \u00e9nergies renouvelables : les pistes d\u00e9voil\u00e9es dans un avant-projet de loi","author":"Enviroscop","date":"18 ao\u00fbt 2022","format":false,"excerpt":"Ces derni\u00e8res ann\u00e9es,\u00a0la France est le seul pays europ\u00e9en qui n\u2019a pas respect\u00e9 ses obligations en mati\u00e8re d\u2019\u00e9nergies renouvelables. Elle a m\u00eame \u00e9t\u00e9 condamn\u00e9e pour ses manquements. Pour pallier ses imp\u00e9rities \u00e0 atteindre ses objectifs, le gouvernement doit imp\u00e9rativement acc\u00e9l\u00e9rer le mouvement, qui plus est dans l\u2019urgence d\u2019un \u00e9t\u00e9 caniculaire.\u2026","rel":"","context":"Dans &quot;Climat&quot;","block_context":{"text":"Climat","link":"https:\/\/www.enviroscop.fr\/actu\/category\/climat\/"},"img":{"alt_text":"","src":"","width":0,"height":0},"classes":[]},{"id":4209,"url":"https:\/\/www.enviroscop.fr\/actu\/2021\/05\/record-dinstallation-des-energie-renouvelables-en-2020-plus-de-260-gw\/","url_meta":{"origin":3979,"position":5},"title":"Record d&rsquo;installation des \u00e9nergie renouvelables en 2020 :  plus de 260 GW !","author":"Enviroscop","date":"5 mai 2021","format":false,"excerpt":"Si 2020 a vu la COVID impacter fortement l'activit\u00e9 \u00e9conomique mondiale, les installations de projets \u00e9lectriques renouvelables dans le monde ont tout de m\u00eame \u00e9t\u00e9 1,5 fois plus importantes qu'en 2019, pr\u00e9c\u00e9dent record ! En effet, ces installations, toutes fili\u00e8res cumul\u00e9es (hydro\u00e9lectricit\u00e9 globale, STEP, \u00e9olien terrestre, \u00e9olien offshore, solaire photovolta\u00efque,\u2026","rel":"","context":"Dans &quot;Climat&quot;","block_context":{"text":"Climat","link":"https:\/\/www.enviroscop.fr\/actu\/category\/climat\/"},"img":{"alt_text":"Les capacit\u00e9s \u00e9lectriques renouvelables dans le monde","src":"https:\/\/i0.wp.com\/www.connaissancedesenergies.org\/sites\/default\/files\/styles\/image_175px_hauteur\/public\/image-document\/Capacit%C3%A9s-%C3%A9lectriques-renouvelables-en-2021.jpg?resize=350%2C200&ssl=1","width":350,"height":200},"classes":[]}],"jetpack_sharing_enabled":true,"_links":{"self":[{"href":"https:\/\/www.enviroscop.fr\/actu\/wp-json\/wp\/v2\/posts\/3979","targetHints":{"allow":["GET"]}}],"collection":[{"href":"https:\/\/www.enviroscop.fr\/actu\/wp-json\/wp\/v2\/posts"}],"about":[{"href":"https:\/\/www.enviroscop.fr\/actu\/wp-json\/wp\/v2\/types\/post"}],"author":[{"embeddable":true,"href":"https:\/\/www.enviroscop.fr\/actu\/wp-json\/wp\/v2\/users\/1"}],"replies":[{"embeddable":true,"href":"https:\/\/www.enviroscop.fr\/actu\/wp-json\/wp\/v2\/comments?post=3979"}],"version-history":[{"count":1,"href":"https:\/\/www.enviroscop.fr\/actu\/wp-json\/wp\/v2\/posts\/3979\/revisions"}],"predecessor-version":[{"id":3980,"href":"https:\/\/www.enviroscop.fr\/actu\/wp-json\/wp\/v2\/posts\/3979\/revisions\/3980"}],"wp:attachment":[{"href":"https:\/\/www.enviroscop.fr\/actu\/wp-json\/wp\/v2\/media?parent=3979"}],"wp:term":[{"taxonomy":"category","embeddable":true,"href":"https:\/\/www.enviroscop.fr\/actu\/wp-json\/wp\/v2\/categories?post=3979"},{"taxonomy":"post_tag","embeddable":true,"href":"https:\/\/www.enviroscop.fr\/actu\/wp-json\/wp\/v2\/tags?post=3979"}],"curies":[{"name":"wp","href":"https:\/\/api.w.org\/{rel}","templated":true}]}}