{"id":4077,"date":"2021-01-21T09:43:04","date_gmt":"2021-01-21T08:43:04","guid":{"rendered":"http:\/\/www.enviroscop.fr\/actu\/?p=4077"},"modified":"2021-01-21T09:43:04","modified_gmt":"2021-01-21T08:43:04","slug":"une-charte-pour-mieux-encadrer-les-projets-photovoltaiques-au-sol-sur-terres-agricoles-voit-le-jour","status":"publish","type":"post","link":"https:\/\/www.enviroscop.fr\/actu\/2021\/01\/une-charte-pour-mieux-encadrer-les-projets-photovoltaiques-au-sol-sur-terres-agricoles-voit-le-jour\/","title":{"rendered":"Une Charte pour mieux encadrer les projets photovolta\u00efques au sol sur terres agricoles voit le jour"},"content":{"rendered":"<p><img data-recalc-dims=\"1\" loading=\"lazy\" decoding=\"async\" data-attachment-id=\"4078\" data-permalink=\"https:\/\/www.enviroscop.fr\/actu\/2021\/01\/une-charte-pour-mieux-encadrer-les-projets-photovoltaiques-au-sol-sur-terres-agricoles-voit-le-jour\/avd_domaine-de-nidoleres_tresserre_vue-du-ciel-credit-sunagri-3-1200x799\/\" data-orig-file=\"https:\/\/i0.wp.com\/www.enviroscop.fr\/actu\/wp-content\/uploads\/2021\/01\/AVD_Domaine-de-Nidole%CC%80res_Tresserre_vue-du-ciel-cre%CC%81dit-SunAgri-3-1200x799-1.jpg?fit=1200%2C799&amp;ssl=1\" data-orig-size=\"1200,799\" data-comments-opened=\"1\" data-image-meta=\"{&quot;aperture&quot;:&quot;0&quot;,&quot;credit&quot;:&quot;&quot;,&quot;camera&quot;:&quot;&quot;,&quot;caption&quot;:&quot;&quot;,&quot;created_timestamp&quot;:&quot;0&quot;,&quot;copyright&quot;:&quot;&quot;,&quot;focal_length&quot;:&quot;0&quot;,&quot;iso&quot;:&quot;0&quot;,&quot;shutter_speed&quot;:&quot;0&quot;,&quot;title&quot;:&quot;&quot;,&quot;orientation&quot;:&quot;0&quot;}\" data-image-title=\"AVD_Domaine-de-Nidole\u0300res_Tresserre_vue-du-ciel-cre\u0301dit-SunAgri-3-1200&amp;#215;799\" data-image-description=\"\" data-image-caption=\"\" data-large-file=\"https:\/\/i0.wp.com\/www.enviroscop.fr\/actu\/wp-content\/uploads\/2021\/01\/AVD_Domaine-de-Nidole%CC%80res_Tresserre_vue-du-ciel-cre%CC%81dit-SunAgri-3-1200x799-1.jpg?fit=750%2C500&amp;ssl=1\" class=\"alignleft  wp-image-4078\" src=\"https:\/\/i0.wp.com\/www.enviroscop.fr\/actu\/wp-content\/uploads\/2021\/01\/AVD_Domaine-de-Nidole%CC%80res_Tresserre_vue-du-ciel-cre%CC%81dit-SunAgri-3-1200x799-1.jpg?resize=257%2C171&#038;ssl=1\" alt=\"\" width=\"257\" height=\"171\" srcset=\"https:\/\/i0.wp.com\/www.enviroscop.fr\/actu\/wp-content\/uploads\/2021\/01\/AVD_Domaine-de-Nidole%CC%80res_Tresserre_vue-du-ciel-cre%CC%81dit-SunAgri-3-1200x799-1.jpg?w=1200&amp;ssl=1 1200w, https:\/\/i0.wp.com\/www.enviroscop.fr\/actu\/wp-content\/uploads\/2021\/01\/AVD_Domaine-de-Nidole%CC%80res_Tresserre_vue-du-ciel-cre%CC%81dit-SunAgri-3-1200x799-1.jpg?resize=300%2C200&amp;ssl=1 300w, https:\/\/i0.wp.com\/www.enviroscop.fr\/actu\/wp-content\/uploads\/2021\/01\/AVD_Domaine-de-Nidole%CC%80res_Tresserre_vue-du-ciel-cre%CC%81dit-SunAgri-3-1200x799-1.jpg?resize=1024%2C682&amp;ssl=1 1024w, https:\/\/i0.wp.com\/www.enviroscop.fr\/actu\/wp-content\/uploads\/2021\/01\/AVD_Domaine-de-Nidole%CC%80res_Tresserre_vue-du-ciel-cre%CC%81dit-SunAgri-3-1200x799-1.jpg?resize=768%2C511&amp;ssl=1 768w, https:\/\/i0.wp.com\/www.enviroscop.fr\/actu\/wp-content\/uploads\/2021\/01\/AVD_Domaine-de-Nidole%CC%80res_Tresserre_vue-du-ciel-cre%CC%81dit-SunAgri-3-1200x799-1.jpg?resize=750%2C499&amp;ssl=1 750w\" sizes=\"auto, (max-width: 257px) 100vw, 257px\" \/>Face aux enjeux que pose le changement climatique aux secteurs de l\u2019\u00e9nergie et de l\u2019agriculture, et en r\u00e9ponse aux objectifs nationaux d\u00e9finis par la Programmation\u00a0pluriannuelle\u00a0 de\u00a0 l\u2019Energie\u00a0 (PPE)\u00a0 pour\u00a0 le\u00a0 d\u00e9veloppement\u00a0 de\u00a0 l\u2019\u00e9nergie\u00a0 solaire photovolta\u00efque en France (objectif de 35,1 GW \u00e0 44 GW de capacit\u00e9s install\u00e9es en2028,\u00a0 pour\u00a0 10\u00a0 GW \u00a0en\u00a0 service\u00a0 aujourd\u2019hui),\u00a0 Chambres\u00a0 d\u2019agriculture\u00a0 France,\u00a0 la\u00a0FNSEA,\u00a0 organismes\u00a0 repr\u00e9sentant\u00a0 les\u00a0 agriculteurs,\u00a0 et\u00a0 EDF\u00a0 Renouvelables, d\u00e9veloppeur et producteur d\u2019\u00e9nergie solaire et \u00e9olienne, ont sign\u00e9 mardi 19 janvier\u00a0 dernier,\u00a0 au\u00a0 si\u00e8ge\u00a0 de\u00a0 la\u00a0 FNSEA,\u00a0 une\u00a0 charte\u00a0 de\u00a0 bonnes\u00a0 pratiques\u00a0 pour d\u00e9velopper et mieux encadrer le d\u00e9veloppement des projets photovolta\u00efques au sol impliquant des terres agricoles au sein des territoires. Cette\u00a0 charte\u00a0 permettra\u00a0 d\u2019encourager\u00a0 les\u00a0 compl\u00e9mentarit\u00e9s\u00a0 entre\u00a0 agriculture\u00a0 et solaire photovolta\u00efque en France. Elle fera l\u2019objet d\u2019un suivi annuel et les premiers projets \u00e0 d\u00e9velopper verront le jour \u00e0 l\u2019horizon 2022.<\/p>\n<p>La Charte r\u00e9cemment sign\u00e9e est le fruit de deux ans de travail d\u2019analyse et de concertation entre les Chambres d\u2019agriculture France, la FNSEA et EDF Renouvelables pour assurer un\u00a0 d\u00e9veloppement\u00a0 raisonn\u00e9\u00a0 de\u00a0 l\u2019\u00e9nergie\u00a0 solaire\u00a0 photovolta\u00efque,\u00a0 composante essentielle de la transition \u00e9nerg\u00e9tique, dans le monde agricole.<\/p>\n<p><a href=\"https:\/\/tecsol.blogs.com\/mon_weblog\/2021\/01\/une-charte-pour-mieux-encadrer-les-projets-photovolta%C3%AFques-au-sol-sur-terres-agricoles-voit-le-jour.html?utm_source=feedblitz&amp;utm_medium=FeedBlitzEmail&amp;utm_content=193437&amp;utm_campaign=Once%20a%20day_2021-01-21_01:30:00\" target=\"_blank\" rel=\"noopener\">L&rsquo;int\u00e9gralit\u00e9 de l&rsquo;article sur TECSOL<\/a><\/p>\n","protected":false},"excerpt":{"rendered":"<p>Face aux enjeux que pose le changement climatique aux secteurs de l\u2019\u00e9nergie et de l\u2019agriculture, et en r\u00e9ponse aux objectifs nationaux d\u00e9finis par la Programmation\u00a0pluriannuelle\u00a0 de\u00a0 l\u2019Energie\u00a0 (PPE)\u00a0 pour\u00a0 le\u00a0 d\u00e9veloppement\u00a0 de\u00a0 l\u2019\u00e9nergie\u00a0 solaire photovolta\u00efque en France (objectif de 35,1 GW \u00e0 44 GW de capacit\u00e9s install\u00e9es en2028,\u00a0 pour\u00a0 10\u00a0 GW \u00a0en\u00a0 service\u00a0 aujourd\u2019hui),\u00a0 Chambres\u00a0 &hellip; <\/p>\n<p><a class=\"more-link btn\" href=\"https:\/\/www.enviroscop.fr\/actu\/2021\/01\/une-charte-pour-mieux-encadrer-les-projets-photovoltaiques-au-sol-sur-terres-agricoles-voit-le-jour\/\">Lire la suite<\/a><\/p>\n","protected":false},"author":1,"featured_media":0,"comment_status":"open","ping_status":"open","sticky":false,"template":"","format":"standard","meta":{"jetpack_post_was_ever_published":false,"_jetpack_newsletter_access":"","_jetpack_dont_email_post_to_subs":false,"_jetpack_newsletter_tier_id":0,"_jetpack_memberships_contains_paywalled_content":false,"_jetpack_memberships_contains_paid_content":false,"footnotes":"","jetpack_publicize_message":"","jetpack_publicize_feature_enabled":true,"jetpack_social_post_already_shared":true,"jetpack_social_options":{"image_generator_settings":{"template":"highway","default_image_id":0,"font":"","enabled":false},"version":2}},"categories":[3,5,15,7,43],"tags":[],"class_list":["post-4077","post","type-post","status-publish","format-standard","hentry","category-agriculture","category-amenagement","category-climat","category-energie","category-photovoltaique","item-wrap"],"jetpack_publicize_connections":[],"jetpack_featured_media_url":"","jetpack_shortlink":"https:\/\/wp.me\/p3rXAp-13L","jetpack_likes_enabled":true,"jetpack-related-posts":[{"id":5208,"url":"https:\/\/www.enviroscop.fr\/actu\/2023\/04\/solaire-photovoltaique-au-sol-une-charte-pour-poser-les-conditions-de-son-developpement\/","url_meta":{"origin":4077,"position":0},"title":"Solaire photovolta\u00efque au sol : une charte pour poser les conditions de son d\u00e9veloppement","author":"Enviroscop","date":"4 avril 2023","format":false,"excerpt":"\u00c9nergie Partag\u00e9e vient de publier une charte pour proposer des rep\u00e8res de qualit\u00e9 et de progression \u00e0 l\u2019attention des collectivit\u00e9s, collectifs ou professionnels des \u00e9nergies renouvelables, porteurs de projets solaires photovolta\u00efques au sol.\u00a0Elle se focalise sur 2 enjeux : la protection de la biodiversit\u00e9 et de l\u2019agriculture. Apr\u00e8s les publications\u2026","rel":"","context":"Dans &quot;Citoyen&quot;","block_context":{"text":"Citoyen","link":"https:\/\/www.enviroscop.fr\/actu\/category\/humain\/citoyen\/"},"img":{"alt_text":"","src":"","width":0,"height":0},"classes":[]},{"id":5184,"url":"https:\/\/www.enviroscop.fr\/actu\/2023\/03\/lenergie-solaire-photovoltaique-represente-plus-de-30-des-projets-denr-a-grande-echelle-dans-le-monde-rapport-eic\/","url_meta":{"origin":4077,"position":1},"title":"L\u2019\u00e9nergie solaire photovolta\u00efque repr\u00e9sente plus de 30 % des projets d\u2019EnR \u00e0 grande \u00e9chelle dans le monde (Rapport EIC)","author":"Enviroscop","date":"16 mars 2023","format":false,"excerpt":"La baisse du co\u00fbt des mat\u00e9riaux solaires photovolta\u00efques, sa polyvalence et l\u2019\u00e9volution mondiale vers une plus grande neutralit\u00e9 carbone ont contribu\u00e9 \u00e0 la popularit\u00e9 croissante de l\u2019\u00e9nergie solaire en tant que source d\u2019\u00e9nergie renouvelable incontournable. Plus de 30 % des projets d\u2019\u00e9nergie renouvelable \u00e0 grande \u00e9chelle dans le monde entre\u2026","rel":"","context":"Dans &quot;Economie&quot;","block_context":{"text":"Economie","link":"https:\/\/www.enviroscop.fr\/actu\/category\/activite\/economie\/"},"img":{"alt_text":"","src":"https:\/\/i0.wp.com\/www.enviroscop.fr\/actu\/wp-content\/uploads\/2013\/04\/ferme-solaire-photovoltaique2.jpg?resize=350%2C200","width":350,"height":200,"srcset":"https:\/\/i0.wp.com\/www.enviroscop.fr\/actu\/wp-content\/uploads\/2013\/04\/ferme-solaire-photovoltaique2.jpg?resize=350%2C200 1x, https:\/\/i0.wp.com\/www.enviroscop.fr\/actu\/wp-content\/uploads\/2013\/04\/ferme-solaire-photovoltaique2.jpg?resize=525%2C300 1.5x, https:\/\/i0.wp.com\/www.enviroscop.fr\/actu\/wp-content\/uploads\/2013\/04\/ferme-solaire-photovoltaique2.jpg?resize=700%2C400 2x"},"classes":[]},{"id":4914,"url":"https:\/\/www.enviroscop.fr\/actu\/2022\/08\/la-cre-publie-des-cahiers-des-charges-adaptes-afin-daccelerer-le-deploiement-des-energies-renouvelables-en-france\/","url_meta":{"origin":4077,"position":2},"title":"La CRE publie des cahiers des charges adapt\u00e9s afin d&rsquo;acc\u00e9l\u00e9rer le d\u00e9ploiement des \u00e9nergies renouvelables en France","author":"Enviroscop","date":"31 ao\u00fbt 2022","format":false,"excerpt":"Sur saisine du gouvernement, la CRE publie ce jour une version adapt\u00e9e de l\u2019ensemble des cahiers des charges des appels d\u2019offres dit \u00ab\u00a0CRE 4\u00a0\u00bb et \u00ab PPE 2 \u00bb. Il s\u2019agit d\u2019une mesure exceptionnelle li\u00e9e \u00e0 la crise \u00e9nerg\u00e9tique. Cette mesure permettra la mise en service rapide des 6 GW\u2026","rel":"","context":"Dans &quot;Biomasse&quot;","block_context":{"text":"Biomasse","link":"https:\/\/www.enviroscop.fr\/actu\/category\/energie\/renouvelable\/biomasse\/"},"img":{"alt_text":"","src":"https:\/\/i0.wp.com\/www.enviroscop.fr\/actu\/wp-content\/uploads\/2022\/08\/Capture-decran-2022-08-31-084021.jpg?resize=350%2C200","width":350,"height":200,"srcset":"https:\/\/i0.wp.com\/www.enviroscop.fr\/actu\/wp-content\/uploads\/2022\/08\/Capture-decran-2022-08-31-084021.jpg?resize=350%2C200 1x, https:\/\/i0.wp.com\/www.enviroscop.fr\/actu\/wp-content\/uploads\/2022\/08\/Capture-decran-2022-08-31-084021.jpg?resize=525%2C300 1.5x, https:\/\/i0.wp.com\/www.enviroscop.fr\/actu\/wp-content\/uploads\/2022\/08\/Capture-decran-2022-08-31-084021.jpg?resize=700%2C400 2x, https:\/\/i0.wp.com\/www.enviroscop.fr\/actu\/wp-content\/uploads\/2022\/08\/Capture-decran-2022-08-31-084021.jpg?resize=1050%2C600 3x"},"classes":[]},{"id":1562,"url":"https:\/\/www.enviroscop.fr\/actu\/2013\/11\/photovoltaique-un-guide-pratique-de-reference-sur-le-risque-electrique-solaire-enerzine-com\/","url_meta":{"origin":4077,"position":3},"title":"Photovolta\u00efque : un guide pratique de r\u00e9f\u00e9rence sur le risque \u00e9lectrique > Solaire &#8211; Enerzine.com","author":"Enviroscop","date":"4 novembre 2013","format":false,"excerpt":"Malgr\u00e9 un contexte national difficile, les acteurs de la fili\u00e8re photovolta\u00efque croient au d\u00e9veloppement de ce nouveau mode de production d\u2019\u00e9nergie \u00e9lectrique en France et restent mobilis\u00e9s. Le solaire photovolta\u00efque a parfois suscit\u00e9 des interrogations quant aux risques encourus par les \u00e9quipes de s\u00e9curit\u00e9 civile amen\u00e9es \u00e0 intervenir en cas\u2026","rel":"","context":"Dans &quot;Energie&quot;","block_context":{"text":"Energie","link":"https:\/\/www.enviroscop.fr\/actu\/category\/energie\/"},"img":{"alt_text":"","src":"","width":0,"height":0},"classes":[]},{"id":4609,"url":"https:\/\/www.enviroscop.fr\/actu\/2022\/01\/lue-consulte-le-public-pour-lever-les-obstacles-aux-energies-renouvelables\/","url_meta":{"origin":4077,"position":4},"title":"L&rsquo;UE consulte le public pour lever les obstacles aux \u00e9nergies renouvelables","author":"Enviroscop","date":"24 janvier 2022","format":false,"excerpt":"La Commission europ\u00e9enne lance, jusqu'au 12\u00a0avril 2022, deux consultations publiques pour lever les obstacles au d\u00e9veloppement de projets d'\u00e9nergies renouvelables dans l'Union europ\u00e9enne. La\u00a0premi\u00e8re consultation\u00a0s'inscrit dans le cadre du\u00a0projet de strat\u00e9gie de la Commission sur l'\u00e9nergie solaire, qui sera publi\u00e9 au second trimestre 2022. Cette strat\u00e9gie vise \u00e0 aider a\u0300\u00a0\u00ab\u00a0lib\u00e9rer\u2026","rel":"","context":"Dans &quot;Air&quot;","block_context":{"text":"Air","link":"https:\/\/www.enviroscop.fr\/actu\/category\/compartiments\/air\/"},"img":{"alt_text":"","src":"https:\/\/i0.wp.com\/www.enviroscop.fr\/actu\/wp-content\/uploads\/2016\/08\/1.5_N154_Allaines_a_Ymonville_PANO.jpg?resize=350%2C200","width":350,"height":200,"srcset":"https:\/\/i0.wp.com\/www.enviroscop.fr\/actu\/wp-content\/uploads\/2016\/08\/1.5_N154_Allaines_a_Ymonville_PANO.jpg?resize=350%2C200 1x, https:\/\/i0.wp.com\/www.enviroscop.fr\/actu\/wp-content\/uploads\/2016\/08\/1.5_N154_Allaines_a_Ymonville_PANO.jpg?resize=525%2C300 1.5x, https:\/\/i0.wp.com\/www.enviroscop.fr\/actu\/wp-content\/uploads\/2016\/08\/1.5_N154_Allaines_a_Ymonville_PANO.jpg?resize=700%2C400 2x, https:\/\/i0.wp.com\/www.enviroscop.fr\/actu\/wp-content\/uploads\/2016\/08\/1.5_N154_Allaines_a_Ymonville_PANO.jpg?resize=1050%2C600 3x, https:\/\/i0.wp.com\/www.enviroscop.fr\/actu\/wp-content\/uploads\/2016\/08\/1.5_N154_Allaines_a_Ymonville_PANO.jpg?resize=1400%2C800 4x"},"classes":[]},{"id":4781,"url":"https:\/\/www.enviroscop.fr\/actu\/2022\/05\/barometres-eoliens-et-photovoltaiques-eurobserver\/","url_meta":{"origin":4077,"position":5},"title":"Barom\u00e8tres \u00e9oliens et photovolta\u00efques EurObserv&rsquo;ER","author":"Enviroscop","date":"25 mai 2022","format":false,"excerpt":"Barom\u00e8tre Photovolta\u00efque 2022 2022,\u00a0All Photovoltaic barometers,\u00a0Barometers in French 158 911,4 mw Capacit\u00e9 photovolta\u00efque cumul\u00e9e dans l\u2019Union europ\u00e9enne fin 2021 Le solaire photovolta\u00efque a durant l\u2019ann\u00e9e 2021 poursuivi son ascension, malgr\u00e9 un contexte mondial marqu\u00e9 par une augmentation des prix de l\u2019\u00e9nergie et des composants des syst\u00e8mes solaires. Selon l\u2019Agence internationale\u2026","rel":"","context":"Dans &quot;Economie&quot;","block_context":{"text":"Economie","link":"https:\/\/www.enviroscop.fr\/actu\/category\/activite\/economie\/"},"img":{"alt_text":"","src":"https:\/\/i0.wp.com\/www.eurobserv-er.org\/wp-content\/uploads\/photovoltaic-barometer-2022-fr-cover.png?resize=350%2C200&ssl=1","width":350,"height":200},"classes":[]}],"jetpack_sharing_enabled":true,"_links":{"self":[{"href":"https:\/\/www.enviroscop.fr\/actu\/wp-json\/wp\/v2\/posts\/4077","targetHints":{"allow":["GET"]}}],"collection":[{"href":"https:\/\/www.enviroscop.fr\/actu\/wp-json\/wp\/v2\/posts"}],"about":[{"href":"https:\/\/www.enviroscop.fr\/actu\/wp-json\/wp\/v2\/types\/post"}],"author":[{"embeddable":true,"href":"https:\/\/www.enviroscop.fr\/actu\/wp-json\/wp\/v2\/users\/1"}],"replies":[{"embeddable":true,"href":"https:\/\/www.enviroscop.fr\/actu\/wp-json\/wp\/v2\/comments?post=4077"}],"version-history":[{"count":1,"href":"https:\/\/www.enviroscop.fr\/actu\/wp-json\/wp\/v2\/posts\/4077\/revisions"}],"predecessor-version":[{"id":4079,"href":"https:\/\/www.enviroscop.fr\/actu\/wp-json\/wp\/v2\/posts\/4077\/revisions\/4079"}],"wp:attachment":[{"href":"https:\/\/www.enviroscop.fr\/actu\/wp-json\/wp\/v2\/media?parent=4077"}],"wp:term":[{"taxonomy":"category","embeddable":true,"href":"https:\/\/www.enviroscop.fr\/actu\/wp-json\/wp\/v2\/categories?post=4077"},{"taxonomy":"post_tag","embeddable":true,"href":"https:\/\/www.enviroscop.fr\/actu\/wp-json\/wp\/v2\/tags?post=4077"}],"curies":[{"name":"wp","href":"https:\/\/api.w.org\/{rel}","templated":true}]}}