{"id":4114,"date":"2021-02-26T08:42:45","date_gmt":"2021-02-26T07:42:45","guid":{"rendered":"http:\/\/www.enviroscop.fr\/actu\/?p=4114"},"modified":"2021-02-26T08:42:45","modified_gmt":"2021-02-26T07:42:45","slug":"modifications-a-venir-pour-lenquete-publique","status":"publish","type":"post","link":"https:\/\/www.enviroscop.fr\/actu\/2021\/02\/modifications-a-venir-pour-lenquete-publique\/","title":{"rendered":"Modifications \u00e0 venir pour l&rsquo;enqu\u00eate publique ?"},"content":{"rendered":"<div class=\"descriptifart\">\n<p>&nbsp;<\/p>\n<p><img data-recalc-dims=\"1\" loading=\"lazy\" decoding=\"async\" data-attachment-id=\"4115\" data-permalink=\"https:\/\/www.enviroscop.fr\/actu\/2021\/02\/modifications-a-venir-pour-lenquete-publique\/capture-decran-2021-02-26-083513\/\" data-orig-file=\"https:\/\/i0.wp.com\/www.enviroscop.fr\/actu\/wp-content\/uploads\/2021\/02\/Capture-decran-2021-02-26-083513.jpg?fit=788%2C570&amp;ssl=1\" data-orig-size=\"788,570\" data-comments-opened=\"1\" data-image-meta=\"{&quot;aperture&quot;:&quot;0&quot;,&quot;credit&quot;:&quot;&quot;,&quot;camera&quot;:&quot;&quot;,&quot;caption&quot;:&quot;&quot;,&quot;created_timestamp&quot;:&quot;0&quot;,&quot;copyright&quot;:&quot;&quot;,&quot;focal_length&quot;:&quot;0&quot;,&quot;iso&quot;:&quot;0&quot;,&quot;shutter_speed&quot;:&quot;0&quot;,&quot;title&quot;:&quot;&quot;,&quot;orientation&quot;:&quot;0&quot;}\" data-image-title=\"Capture d\u2019\u00e9cran 2021-02-26 083513\" data-image-description=\"\" data-image-caption=\"\" data-large-file=\"https:\/\/i0.wp.com\/www.enviroscop.fr\/actu\/wp-content\/uploads\/2021\/02\/Capture-decran-2021-02-26-083513.jpg?fit=750%2C543&amp;ssl=1\" class=\"alignleft  wp-image-4115\" src=\"https:\/\/i0.wp.com\/www.enviroscop.fr\/actu\/wp-content\/uploads\/2021\/02\/Capture-decran-2021-02-26-083513.jpg?resize=382%2C277&#038;ssl=1\" alt=\"\" width=\"382\" height=\"277\" srcset=\"https:\/\/i0.wp.com\/www.enviroscop.fr\/actu\/wp-content\/uploads\/2021\/02\/Capture-decran-2021-02-26-083513.jpg?w=788&amp;ssl=1 788w, https:\/\/i0.wp.com\/www.enviroscop.fr\/actu\/wp-content\/uploads\/2021\/02\/Capture-decran-2021-02-26-083513.jpg?resize=300%2C217&amp;ssl=1 300w, https:\/\/i0.wp.com\/www.enviroscop.fr\/actu\/wp-content\/uploads\/2021\/02\/Capture-decran-2021-02-26-083513.jpg?resize=768%2C556&amp;ssl=1 768w, https:\/\/i0.wp.com\/www.enviroscop.fr\/actu\/wp-content\/uploads\/2021\/02\/Capture-decran-2021-02-26-083513.jpg?resize=750%2C543&amp;ssl=1 750w\" sizes=\"auto, (max-width: 382px) 100vw, 382px\" \/><a href=\"http:\/\/www.consultations-publiques.developpement-durable.gouv.fr\/spip.php?page=article&amp;id_article=2325\" target=\"_blank\" rel=\"noopener\">La pr\u00e9sente consultation<\/a> concerne le projet de d\u00e9cret portant diverses r\u00e9formes en mati\u00e8re d\u2019\u00e9valuation environnementale et de participation du public dans le domaine de l\u2019environnement et apportant diverses modifications aux codes de l\u2019environnement et de la s\u00e9curit\u00e9 sociale.<\/p>\n<\/div>\n<div class=\"texteart\">\n<p>Ce texte a pour principaux objectifs, d\u2019une part de tirer les cons\u00e9quences de la mise en demeure de la France de mars 2019 relative \u00e0 la transposition de la directive 2011\/92\/UE du 13 d\u00e9cembre 2011 concernant l\u2019\u00e9valuation des incidences de certains projets publics et priv\u00e9s sur l\u2019environnement, et de mettre en \u0153uvre les engagements que la France a pris aupr\u00e8s de la Commission europ\u00e9enne en termes d\u2019\u00e9volutions r\u00e8glementaires, et d\u2019autre part de finaliser les mesures d\u2019adaptation des textes de ratification de l\u2019ordonnance n\u00b0\u00a02016-1060 relative \u00e0 la participation du public. Ces derni\u00e8res figuraient d\u00e9j\u00e0 dans le projet de d\u00e9cret \u00ab\u00a0Autorit\u00e9 environnementale\u00a0\u00bb de 2018 et n\u2019ont pas \u00e9t\u00e9 reprises dans le d\u00e9cret n\u00b0\u00a02020-844 du 3 juillet 2020 relatif \u00e0 l\u2019autorit\u00e9 environnementale et \u00e0 l\u2019autorit\u00e9 charg\u00e9e de l\u2019examen au cas par cas afin de limiter son p\u00e9rim\u00e8tre.<\/p>\n<p>Cette consultation publique est r\u00e9alis\u00e9e en application de l\u2019article L. 123-19-1 du code de l\u2019environnement pour la mise en \u0153uvre du principe de participation du public aux d\u00e9cisions publiques ayant une incidence sur l\u2019environnement pr\u00e9vu \u00e0 l\u2019article 7 de la Charte de l\u2019environnement.<\/p>\n<div class=\"listedoc\">\n<h3>T\u00e9l\u00e9charger :<\/h3>\n<ul>\n<li><a class=\"document\" title=\"Ouvrir le document fiche de presentation consultation du public sur le projet de decret dans une nouvelle fen\u00eatre\" href=\"http:\/\/www.consultations-publiques.developpement-durable.gouv.fr\/IMG\/pdf\/fiche_de_presentation_-_consultation_du_public_sur_le_projet_de_decret.pdf\" target=\"_blank\" rel=\"noopener noreferrer\">fiche de presentation consultation du public sur le projet de decret<\/a>\u00a0(format pdf &#8211; 434.9\u00a0ko &#8211; 25\/02\/2021)<\/li>\n<li><a class=\"document\" title=\"Ouvrir le document projet de decret tableau 3 colonnes dans une nouvelle fen\u00eatre\" href=\"http:\/\/www.consultations-publiques.developpement-durable.gouv.fr\/IMG\/pdf\/projet_de_decret_-_tableau_3_colonnes.pdf\" target=\"_blank\" rel=\"noopener noreferrer\">projet de decret tableau 3 colonnes<\/a>\u00a0(format pdf &#8211; 868.5\u00a0ko &#8211; 25\/02\/2021)<\/li>\n<li><a class=\"document\" title=\"Ouvrir le document projet de decret version legistique dans une nouvelle fen\u00eatre\" href=\"http:\/\/www.consultations-publiques.developpement-durable.gouv.fr\/IMG\/pdf\/projet_de_decret_-_version_legistique.pdf\" target=\"_blank\" rel=\"noopener noreferrer\">projet de decret version legistique<\/a>\u00a0(format pdf &#8211; 713.9\u00a0ko &#8211; 25\/02\/2021)<\/li>\n<\/ul>\n<\/div>\n<\/div>\n<div class=\"action_consult\"><\/div>\n<div>Si vous souhaiter faire un commentaire, rendez-vous sur la <a href=\"http:\/\/www.consultations-publiques.developpement-durable.gouv.fr\/spip.php?page=article&amp;id_article=2325\" target=\"_blank\" rel=\"noopener\">page des consultations publiques<\/a><\/div>\n<div class=\"texteart\">\n<p>&nbsp;<\/p>\n<\/div>\n","protected":false},"excerpt":{"rendered":"<p>&nbsp; La pr\u00e9sente consultation concerne le projet de d\u00e9cret portant diverses r\u00e9formes en mati\u00e8re d\u2019\u00e9valuation environnementale et de participation du public dans le domaine de l\u2019environnement et apportant diverses modifications aux codes de l\u2019environnement et de la s\u00e9curit\u00e9 sociale. Ce texte a pour principaux objectifs, d\u2019une part de tirer les cons\u00e9quences de la mise en &hellip; <\/p>\n<p><a class=\"more-link btn\" href=\"https:\/\/www.enviroscop.fr\/actu\/2021\/02\/modifications-a-venir-pour-lenquete-publique\/\">Lire la suite<\/a><\/p>\n","protected":false},"author":1,"featured_media":0,"comment_status":"open","ping_status":"open","sticky":false,"template":"","format":"standard","meta":{"jetpack_post_was_ever_published":false,"_jetpack_newsletter_access":"","_jetpack_dont_email_post_to_subs":false,"_jetpack_newsletter_tier_id":0,"_jetpack_memberships_contains_paywalled_content":false,"_jetpack_memberships_contains_paid_content":false,"footnotes":"","jetpack_publicize_message":"","jetpack_publicize_feature_enabled":true,"jetpack_social_post_already_shared":true,"jetpack_social_options":{"image_generator_settings":{"template":"highway","default_image_id":0,"font":"","enabled":false},"version":2}},"categories":[24,10,38],"tags":[],"class_list":["post-4114","post","type-post","status-publish","format-standard","hentry","category-enquete-publique","category-evaluation","category-ministere","item-wrap"],"jetpack_publicize_connections":[],"jetpack_featured_media_url":"","jetpack_shortlink":"https:\/\/wp.me\/p3rXAp-14m","jetpack_likes_enabled":true,"jetpack-related-posts":[{"id":4334,"url":"https:\/\/www.enviroscop.fr\/actu\/2021\/07\/projet-de-decret-portant-diverses-reformes-en-matiere-devaluation-environnementale-et-de-participation-du-public-dans-le-domaine-de-lenvironnement-et-apportant-diverses-modifications\/","url_meta":{"origin":4114,"position":0},"title":"Projet de d\u00e9cret portant diverses r\u00e9formes en mati\u00e8re d\u2019\u00e9valuation environnementale et de participation du public dans le domaine de l\u2019environnement et apportant diverses modifications aux codes de l\u2019environnement et de la s\u00e9curit\u00e9 sociale","author":"Enviroscop","date":"8 juillet 2021","format":false,"excerpt":"Cette consultation concerne le projet de d\u00e9cret portant diverses r\u00e9formes en mati\u00e8re d\u2019\u00e9valuation environnementale et de participation du public dans le domaine de l\u2019environnement et apportant diverses modifications aux codes de l\u2019environnement et de la s\u00e9curit\u00e9 sociale. Ce texte a pour principaux objectifs, d\u2019une part de tirer les cons\u00e9quences de\u2026","rel":"","context":"Dans &quot;Consultation&quot;","block_context":{"text":"Consultation","link":"https:\/\/www.enviroscop.fr\/actu\/category\/juridique\/consultation\/"},"img":{"alt_text":"","src":"https:\/\/i0.wp.com\/www.enviroscop.fr\/actu\/wp-content\/uploads\/2013\/05\/17141_une.jpg?resize=350%2C200","width":350,"height":200},"classes":[]},{"id":4600,"url":"https:\/\/www.enviroscop.fr\/actu\/2022\/01\/loi-climat-et-resilience-le-decret-sur-le-verdissement-de-la-commande-publique-en-consultation\/","url_meta":{"origin":4114,"position":1},"title":"Loi Climat et R\u00e9silience : le d\u00e9cret sur le verdissement de la commande publique en consultation","author":"Enviroscop","date":"18 janvier 2022","format":false,"excerpt":"La direction des affaires juridiques (DAJ) du minist\u00e8re de l'\u00c9conomie a mis en consultation jusqu'au 27 janvier prochain le projet de d\u00e9cret portant diverses modifications du code de la commande publique pr\u00e9voyant des dispositions d\u2019application de la\u00a0loi Climat et R\u00e9silience ainsi que diverses autres mesures ayant une incidence sur les\u2026","rel":"","context":"Dans &quot;Concertation&quot;","block_context":{"text":"Concertation","link":"https:\/\/www.enviroscop.fr\/actu\/category\/concertation\/"},"img":{"alt_text":"","src":"https:\/\/i0.wp.com\/www.enviroscop.fr\/actu\/wp-content\/uploads\/2013\/05\/17141_une.jpg?resize=350%2C200","width":350,"height":200},"classes":[]},{"id":4122,"url":"https:\/\/www.enviroscop.fr\/actu\/2021\/03\/loi-asap-consultation-publique-sur-le-projet-de-decret-portant-diverses-mesures-dacceleration-et-de-simplification-de-laction-publique-dans-le-domaine-de-lenvironnement\/","url_meta":{"origin":4114,"position":2},"title":"Loi ASAP : consultation publique sur le projet de d\u00e9cret portant diverses mesures d\u2019acc\u00e9l\u00e9ration et de simplification de l\u2019action publique dans le domaine de l\u2019environnement","author":"Enviroscop","date":"10 mars 2021","format":false,"excerpt":"Un article de notre confr\u00e8re Arnaud Gossement sur la loi ASAP qui int\u00e9resse directement nos m\u00e9tiers et notre fonction dans l'\u00e9laboration des projets. Un\u00a0projet de d\u00e9cret\u00a0portant diverses mesures d\u2019acc\u00e9l\u00e9ration et de simplification de l\u2019action publique dans le domaine de l\u2019environnement, pris principalement en application de la loi ASAP du 7\u2026","rel":"","context":"Dans &quot;DREAL&quot;","block_context":{"text":"DREAL","link":"https:\/\/www.enviroscop.fr\/actu\/category\/source\/dreal\/"},"img":{"alt_text":"","src":"https:\/\/i0.wp.com\/www.enviroscop.fr\/actu\/wp-content\/uploads\/2013\/05\/17141_une.jpg?resize=350%2C200","width":350,"height":200},"classes":[]},{"id":4741,"url":"https:\/\/www.enviroscop.fr\/actu\/2022\/05\/decret-n-2022-767-du-2-mai-2022-portant-diverses-modifications-du-code-de-la-commande-publique\/","url_meta":{"origin":4114,"position":3},"title":"D\u00e9cret n\u00b0 2022-767 du 2 mai 2022 portant diverses modifications du code de la commande publique","author":"Enviroscop","date":"4 mai 2022","format":false,"excerpt":"Publics concern\u00e9s : acheteurs publics et op\u00e9rateurs \u00e9conomiques. Objet : modification du code de la commande publique. Entr\u00e9e en vigueur : les dispositions de l'article 13 entrent en vigueur le lendemain de la publication du d\u00e9cret . Les dispositions de l'article 1er entrent en vigueur le 1er janvier 2023 .\u2026","rel":"","context":"Dans &quot;Economie&quot;","block_context":{"text":"Economie","link":"https:\/\/www.enviroscop.fr\/actu\/category\/activite\/economie\/"},"img":{"alt_text":"","src":"https:\/\/i0.wp.com\/www.enviroscop.fr\/actu\/wp-content\/uploads\/2013\/05\/17141_une.jpg?resize=350%2C200","width":350,"height":200},"classes":[]},{"id":4316,"url":"https:\/\/www.enviroscop.fr\/actu\/2021\/06\/decret-n-2021-837-du-29-juin-2021-portant-diverses-reformes-en-matiere-devaluation-environnementale-et-de-participation-du-public-dans-le-domaine-de-lenvironnement\/","url_meta":{"origin":4114,"position":4},"title":"D\u00e9cret n\u00b0 2021-837 du 29 juin 2021 portant diverses r\u00e9formes en mati\u00e8re d&rsquo;\u00e9valuation environnementale et de participation du public dans le domaine de l&rsquo;environnement","author":"Enviroscop","date":"30 juin 2021","format":false,"excerpt":"Objet : r\u00e9forme des proc\u00e9dures d'\u00e9valuation environnementale et de participation du public du\u00a0code de l'environnement. Entr\u00e9e en vigueur : le texte entre en vigueur le 1er ao\u00fbt 2021. Les demandes d'autorisation d\u00e9pos\u00e9es avant cette date continuent de se voir appliquer les dispositions relatives \u00e0 la composition du dossier de demande\u2026","rel":"","context":"Dans &quot;Enqu\u00eate publique&quot;","block_context":{"text":"Enqu\u00eate publique","link":"https:\/\/www.enviroscop.fr\/actu\/category\/evaluation\/enquete-publique\/"},"img":{"alt_text":"","src":"https:\/\/i0.wp.com\/www.enviroscop.fr\/actu\/wp-content\/uploads\/2013\/05\/17141_une.jpg?resize=350%2C200","width":350,"height":200},"classes":[]},{"id":4383,"url":"https:\/\/www.enviroscop.fr\/actu\/2021\/08\/decret-n-2021-1000-du-30-juillet-2021-portant-diverses-dispositions-dapplication-de-la-loi-dacceleration-et-de-simplification-de-laction-publique-et-de-simplification-en-matiere-denviron\/","url_meta":{"origin":4114,"position":5},"title":"D\u00e9cret n\u00b0 2021-1000 du 30 juillet 2021 portant diverses dispositions d&rsquo;application de la loi d&rsquo;acc\u00e9l\u00e9ration et de simplification de l&rsquo;action publique et de simplification en mati\u00e8re d&rsquo;environnement","author":"Enviroscop","date":"31 ao\u00fbt 2021","format":false,"excerpt":"Publics concern\u00e9s : services de l'Etat, professionnels, particuliers, ma\u00eetres d'ouvrage, associations, bureaux d'\u00e9tudes. Objet : simplification de certaines proc\u00e9dures environnementales. Entr\u00e9e en vigueur : le texte entre en vigueur le 1er ao\u00fbt 2021, sous r\u00e9serve de dispositions transitoires particuli\u00e8res notamment pour les proc\u00e9dures en cours. Notice : le titre III\u2026","rel":"","context":"Dans &quot;Citoyen&quot;","block_context":{"text":"Citoyen","link":"https:\/\/www.enviroscop.fr\/actu\/category\/humain\/citoyen\/"},"img":{"alt_text":"","src":"https:\/\/i0.wp.com\/www.enviroscop.fr\/actu\/wp-content\/uploads\/2013\/05\/17141_une.jpg?resize=350%2C200","width":350,"height":200},"classes":[]}],"jetpack_sharing_enabled":true,"_links":{"self":[{"href":"https:\/\/www.enviroscop.fr\/actu\/wp-json\/wp\/v2\/posts\/4114","targetHints":{"allow":["GET"]}}],"collection":[{"href":"https:\/\/www.enviroscop.fr\/actu\/wp-json\/wp\/v2\/posts"}],"about":[{"href":"https:\/\/www.enviroscop.fr\/actu\/wp-json\/wp\/v2\/types\/post"}],"author":[{"embeddable":true,"href":"https:\/\/www.enviroscop.fr\/actu\/wp-json\/wp\/v2\/users\/1"}],"replies":[{"embeddable":true,"href":"https:\/\/www.enviroscop.fr\/actu\/wp-json\/wp\/v2\/comments?post=4114"}],"version-history":[{"count":1,"href":"https:\/\/www.enviroscop.fr\/actu\/wp-json\/wp\/v2\/posts\/4114\/revisions"}],"predecessor-version":[{"id":4116,"href":"https:\/\/www.enviroscop.fr\/actu\/wp-json\/wp\/v2\/posts\/4114\/revisions\/4116"}],"wp:attachment":[{"href":"https:\/\/www.enviroscop.fr\/actu\/wp-json\/wp\/v2\/media?parent=4114"}],"wp:term":[{"taxonomy":"category","embeddable":true,"href":"https:\/\/www.enviroscop.fr\/actu\/wp-json\/wp\/v2\/categories?post=4114"},{"taxonomy":"post_tag","embeddable":true,"href":"https:\/\/www.enviroscop.fr\/actu\/wp-json\/wp\/v2\/tags?post=4114"}],"curies":[{"name":"wp","href":"https:\/\/api.w.org\/{rel}","templated":true}]}}