{"id":4154,"date":"2021-04-01T14:39:18","date_gmt":"2021-04-01T13:39:18","guid":{"rendered":"http:\/\/www.enviroscop.fr\/actu\/?p=4154"},"modified":"2021-04-01T14:39:18","modified_gmt":"2021-04-01T13:39:18","slug":"elaboration-de-projets-de-territoire-panorama-et-usages-de-sept-methodes-participatives","status":"publish","type":"post","link":"https:\/\/www.enviroscop.fr\/actu\/2021\/04\/elaboration-de-projets-de-territoire-panorama-et-usages-de-sept-methodes-participatives\/","title":{"rendered":"\u00c9laboration de projets de territoire : panorama et usages de sept m\u00e9thodes participatives"},"content":{"rendered":"<p><img data-recalc-dims=\"1\" decoding=\"async\" src=\"https:\/\/i0.wp.com\/www.cerema.fr\/sites\/default\/files\/styles\/uas_medium\/public\/media\/images\/2021\/03\/visuel-projet-de-territoire.jpg?w=750&#038;ssl=1\" alt=\"croquis atelier participatif Couesnon Marches de Bretagne\" \/>Le renforcement des comp\u00e9tences des collectivit\u00e9s, la fusion r\u00e9cente des EPCI, les enjeux de transition \u00e9nerg\u00e9tique et \u00e9cologique, sont autant de facteurs qui appellent \u00e0 b\u00e2tir de nouveaux r\u00e9seaux d\u2019acteurs, \u00e0 partager la vision d\u2019un nouveau territoire et \u00e0 faire projet. Face \u00e0 ce d\u00e9fi, des m\u00e9thodes de conseil et d\u2019accompagnement des acteurs locaux ont \u00e9t\u00e9 d\u00e9velopp\u00e9es. Ces m\u00e9thodes, d\u00e9marches et outils ont tous des sp\u00e9cificit\u00e9s, une histoire et au final une valeur ajout\u00e9e.<\/p>\n<p>Le CEREMA propose des fiches rep\u00e8res afin de d\u00e9couvrir et mobiliser sept d&rsquo;entre-elles.<\/p>\n<p>Vous pouvez<a href=\"https:\/\/www.cerema.fr\/fr\/actualites\/elaboration-projets-territoire-panorama-usages-sept-methodes\" target=\"_blank\" rel=\"noopener\"> lire l&rsquo;article sur leur site<\/a><\/p>\n","protected":false},"excerpt":{"rendered":"<p>Le renforcement des comp\u00e9tences des collectivit\u00e9s, la fusion r\u00e9cente des EPCI, les enjeux de transition \u00e9nerg\u00e9tique et \u00e9cologique, sont autant de facteurs qui appellent \u00e0 b\u00e2tir de nouveaux r\u00e9seaux d\u2019acteurs, \u00e0 partager la vision d\u2019un nouveau territoire et \u00e0 faire projet. Face \u00e0 ce d\u00e9fi, des m\u00e9thodes de conseil et d\u2019accompagnement des acteurs locaux ont &hellip; <\/p>\n<p><a class=\"more-link btn\" href=\"https:\/\/www.enviroscop.fr\/actu\/2021\/04\/elaboration-de-projets-de-territoire-panorama-et-usages-de-sept-methodes-participatives\/\">Lire la suite<\/a><\/p>\n","protected":false},"author":1,"featured_media":0,"comment_status":"open","ping_status":"open","sticky":false,"template":"","format":"standard","meta":{"jetpack_post_was_ever_published":false,"_jetpack_newsletter_access":"","_jetpack_dont_email_post_to_subs":false,"_jetpack_newsletter_tier_id":0,"_jetpack_memberships_contains_paywalled_content":false,"_jetpack_memberships_contains_paid_content":false,"footnotes":"","jetpack_publicize_message":"","jetpack_publicize_feature_enabled":true,"jetpack_social_post_already_shared":true,"jetpack_social_options":{"image_generator_settings":{"template":"highway","default_image_id":0,"font":"","enabled":false},"version":2}},"categories":[85,24,30,42],"tags":[],"class_list":["post-4154","post","type-post","status-publish","format-standard","hentry","category-education","category-enquete-publique","category-guide","category-pedagogie","item-wrap"],"jetpack_publicize_connections":[],"jetpack_featured_media_url":"","jetpack_shortlink":"https:\/\/wp.me\/p3rXAp-150","jetpack_likes_enabled":true,"jetpack-related-posts":[{"id":3890,"url":"https:\/\/www.enviroscop.fr\/actu\/2020\/10\/etat-de-lart-des-impacts-des-energies-renouvelables-sur-la-biodiversite-les-sols-et-les-paysages-et-des-moyens-devaluation-de-ces-impacts\/","url_meta":{"origin":4154,"position":0},"title":"Etat de l&rsquo;art des impacts des \u00e9nergies renouvelables sur la biodiversit\u00e9, les sols et les paysages, et des moyens d&rsquo;\u00e9valuation de ces impacts","author":"Enviroscop","date":"14 octobre 2020","format":false,"excerpt":"Les objectifs de d\u00e9veloppement des \u00e9nergies renouvelables en France pour les p\u00e9riodes 2018-2023 et 2024-2028 ont \u00e9t\u00e9 pr\u00e9sent\u00e9s en novembre 2018 suite \u00e0 la r\u00e9vision de la Programmation Pluriannuelle de l\u2019Energie (PPE). En compl\u00e9ment d\u2019un objectif de r\u00e9duction de moiti\u00e9 de la consommation d\u2019\u00e9nergie sur le territoire d\u2019ici 2050, la\u2026","rel":"","context":"Dans &quot;Energie&quot;","block_context":{"text":"Energie","link":"https:\/\/www.enviroscop.fr\/actu\/category\/energie\/"},"img":{"alt_text":"","src":"https:\/\/i0.wp.com\/www.ademe.fr\/sites\/default\/files\/styles\/ressources_image\/public\/assets\/images\/capture_etude_deloitte.png?resize=350%2C200&ssl=1","width":350,"height":200},"classes":[]},{"id":4514,"url":"https:\/\/www.enviroscop.fr\/actu\/2021\/11\/dimensionnement-ex-ante-de-la-compensation-des-atteintes-a-la-biodiversite-etat-de-lart-des-approches-methodes-disponibles-et-pratiques-en-vigueur\/","url_meta":{"origin":4154,"position":1},"title":"Dimensionnement ex ante de la compensation des atteintes \u00e0 la biodiversit\u00e9 &#8211; \u00c9tat de l\u2019art des approches, m\u00e9thodes disponibles et pratiques en vigueur","author":"Enviroscop","date":"25 novembre 2021","format":false,"excerpt":"La compensation des atteintes \u00e0 la biodiversit\u00e9 consiste \u00e0 apporter une contrepartie aux incidences notables d'un projet sur l'environnement, en tenant compte des esp\u00e8ces, des habitats naturels et des fonctions associ\u00e9es. Apr\u00e8s l'\u00e9vitement et la r\u00e9duction, elle vise \u00e0 r\u00e9aliser des projets de moindre impact, respectant l'objectif \" d'absence de\u2026","rel":"","context":"Dans &quot;Etude d'impact&quot;","block_context":{"text":"Etude d'impact","link":"https:\/\/www.enviroscop.fr\/actu\/category\/evaluation\/etude-dimpact\/"},"img":{"alt_text":"","src":"","width":0,"height":0},"classes":[]},{"id":5056,"url":"https:\/\/www.enviroscop.fr\/actu\/2022\/11\/la-nature-source-de-biodiversite-au-sein-des-territoires-de-loutil-a-la-strategie\/","url_meta":{"origin":4154,"position":2},"title":"La nature source de biodiversit\u00e9 au sein des territoires. De l\u2019outil \u00e0 la strat\u00e9gie.","author":"Enviroscop","date":"9 novembre 2022","format":false,"excerpt":"Le Cerema a publi\u00e9 en octobre 2022 un guide pr\u00e9sentant des m\u00e9thodes pour \u00e9laborer une v\u00e9ritable strat\u00e9gie biodiversit\u00e9 au niveau du territoire. Il pr\u00e9sente des outils et des retours d\u2019exp\u00e9rience utiles pour les collectivit\u00e9s. Les axes propos\u00e9s suivent la s\u00e9quence ERc : Conna\u00eetre le territoire pour \u00e9viter les zones aux\u2026","rel":"","context":"Dans &quot;Am\u00e9nagement&quot;","block_context":{"text":"Am\u00e9nagement","link":"https:\/\/www.enviroscop.fr\/actu\/category\/amenagement\/"},"img":{"alt_text":"","src":"https:\/\/i0.wp.com\/erc.drealnpdc.fr\/wp-content\/uploads\/2022\/10\/Cerema-strategie-biodiversite.png?resize=350%2C200&ssl=1","width":350,"height":200,"srcset":"https:\/\/i0.wp.com\/erc.drealnpdc.fr\/wp-content\/uploads\/2022\/10\/Cerema-strategie-biodiversite.png?resize=350%2C200&ssl=1 1x, https:\/\/i0.wp.com\/erc.drealnpdc.fr\/wp-content\/uploads\/2022\/10\/Cerema-strategie-biodiversite.png?resize=525%2C300&ssl=1 1.5x"},"classes":[]},{"id":1729,"url":"https:\/\/www.enviroscop.fr\/actu\/2014\/01\/abandon-des-pesticides-pour-les-espaces-verts-publics-proposition-de-loi-senatoriale\/","url_meta":{"origin":4154,"position":3},"title":"Abandon des pesticides pour les espaces verts publics : proposition de loi s\u00e9natoriale","author":"Enviroscop","date":"17 janvier 2014","format":false,"excerpt":"Suite \u00e0 la lecture, par les s\u00e9nateurs \u00e9cologistes, d'un texte pr\u00e9voyant l'interdiction de l'usage de produits phytosanitaires par l'Etat, les collectivit\u00e9s locales et \u00e9tablissements publics pour l'entretien des espaces vert, le texte a \u00e9t\u00e9 adopt\u00e9 par la commission du d\u00e9veloppement durable de l'Assembl\u00e9e nationale. Le principal risque g\u00e9n\u00e9r\u00e9 par ces\u2026","rel":"","context":"Dans &quot;Agriculture&quot;","block_context":{"text":"Agriculture","link":"https:\/\/www.enviroscop.fr\/actu\/category\/activite\/agriculture\/"},"img":{"alt_text":"","src":"","width":0,"height":0},"classes":[]},{"id":1487,"url":"https:\/\/www.enviroscop.fr\/actu\/2013\/09\/quand-lecologie-inspire-lingenierie\/","url_meta":{"origin":4154,"position":4},"title":"Quand l\u2019\u00e9cologie inspire l\u2019ing\u00e9nierie !","author":"Enviroscop","date":"30 septembre 2013","format":false,"excerpt":"Parution du n\u00b07 du bimestriel les \u00e9chos d\u2019irstea, consacr\u00e9 \u00e0 l\u2019ing\u00e9nierie \u00e9cologique. D\u00e9couvrez les contours, enjeux et l\u2019avenir de ce champ de recherche autour d\u2019un dossier central et de l\u2019interview de Freddy Rey, chercheur Irstea sp\u00e9cialiste du sujet. Une ing\u00e9nierie faite, pour l\u2019essentiel, \u00ab\u00a0par et pour le vivant\u00a0\u00bb\u00a0! L\u2019ing\u00e9nierie \u00e9cologique\u2026","rel":"","context":"Dans &quot;durable&quot;","block_context":{"text":"durable","link":"https:\/\/www.enviroscop.fr\/actu\/category\/durable\/"},"img":{"alt_text":"","src":"","width":0,"height":0},"classes":[]},{"id":3838,"url":"https:\/\/www.enviroscop.fr\/actu\/2020\/09\/observer-et-ecouter-les-usagers-un-rapport-sur-les-techniques-denquete\/","url_meta":{"origin":4154,"position":5},"title":"Observer et \u00e9couter les usagers : un rapport sur les techniques d&rsquo;enqu\u00eate","author":"Enviroscop","date":"21 septembre 2020","format":false,"excerpt":"Le Cerema publie\u00a0un document afin de\u00a0pr\u00e9senter des techniques d\u2019observation et d\u2019enqu\u00eate\u00a0qui permettent de recueillir ces repr\u00e9sentations et ces perceptions des espaces publics pour mieux les am\u00e9nager. L\u2019observation et l\u2019\u00e9coute des usagers constituent le tout premier pas vers l\u2019implication des citoyens dans l\u2019am\u00e9nagement de leur lieu de vie. Sans pr\u00e9tendre \u00e0\u2026","rel":"","context":"Dans &quot;Citoyen&quot;","block_context":{"text":"Citoyen","link":"https:\/\/www.enviroscop.fr\/actu\/category\/humain\/citoyen\/"},"img":{"alt_text":"","src":"https:\/\/i0.wp.com\/mcusercontent.com\/9b0789e59d693870d5cca5bbf\/images\/ff8a0341-b151-49fd-af4a-2b3001d4f28f.jpg?resize=350%2C200&ssl=1","width":350,"height":200},"classes":[]}],"jetpack_sharing_enabled":true,"_links":{"self":[{"href":"https:\/\/www.enviroscop.fr\/actu\/wp-json\/wp\/v2\/posts\/4154","targetHints":{"allow":["GET"]}}],"collection":[{"href":"https:\/\/www.enviroscop.fr\/actu\/wp-json\/wp\/v2\/posts"}],"about":[{"href":"https:\/\/www.enviroscop.fr\/actu\/wp-json\/wp\/v2\/types\/post"}],"author":[{"embeddable":true,"href":"https:\/\/www.enviroscop.fr\/actu\/wp-json\/wp\/v2\/users\/1"}],"replies":[{"embeddable":true,"href":"https:\/\/www.enviroscop.fr\/actu\/wp-json\/wp\/v2\/comments?post=4154"}],"version-history":[{"count":1,"href":"https:\/\/www.enviroscop.fr\/actu\/wp-json\/wp\/v2\/posts\/4154\/revisions"}],"predecessor-version":[{"id":4155,"href":"https:\/\/www.enviroscop.fr\/actu\/wp-json\/wp\/v2\/posts\/4154\/revisions\/4155"}],"wp:attachment":[{"href":"https:\/\/www.enviroscop.fr\/actu\/wp-json\/wp\/v2\/media?parent=4154"}],"wp:term":[{"taxonomy":"category","embeddable":true,"href":"https:\/\/www.enviroscop.fr\/actu\/wp-json\/wp\/v2\/categories?post=4154"},{"taxonomy":"post_tag","embeddable":true,"href":"https:\/\/www.enviroscop.fr\/actu\/wp-json\/wp\/v2\/tags?post=4154"}],"curies":[{"name":"wp","href":"https:\/\/api.w.org\/{rel}","templated":true}]}}