{"id":4168,"date":"2021-04-09T13:14:50","date_gmt":"2021-04-09T12:14:50","guid":{"rendered":"http:\/\/www.enviroscop.fr\/actu\/?p=4168"},"modified":"2021-04-09T13:14:50","modified_gmt":"2021-04-09T12:14:50","slug":"refonte-du-portail-public-de-linformation-environnementale","status":"publish","type":"post","link":"https:\/\/www.enviroscop.fr\/actu\/2021\/04\/refonte-du-portail-public-de-linformation-environnementale\/","title":{"rendered":"Refonte du portail public de l&rsquo;information environnementale"},"content":{"rendered":"<p><img data-recalc-dims=\"1\" loading=\"lazy\" decoding=\"async\" data-attachment-id=\"4169\" data-permalink=\"https:\/\/www.enviroscop.fr\/actu\/2021\/04\/refonte-du-portail-public-de-linformation-environnementale\/capture-decran-2021-04-09-141144\/\" data-orig-file=\"https:\/\/i0.wp.com\/www.enviroscop.fr\/actu\/wp-content\/uploads\/2021\/04\/Capture-decran-2021-04-09-141144.jpg?fit=1180%2C796&amp;ssl=1\" data-orig-size=\"1180,796\" data-comments-opened=\"1\" data-image-meta=\"{&quot;aperture&quot;:&quot;0&quot;,&quot;credit&quot;:&quot;&quot;,&quot;camera&quot;:&quot;&quot;,&quot;caption&quot;:&quot;&quot;,&quot;created_timestamp&quot;:&quot;0&quot;,&quot;copyright&quot;:&quot;&quot;,&quot;focal_length&quot;:&quot;0&quot;,&quot;iso&quot;:&quot;0&quot;,&quot;shutter_speed&quot;:&quot;0&quot;,&quot;title&quot;:&quot;&quot;,&quot;orientation&quot;:&quot;0&quot;}\" data-image-title=\"Capture d\u2019\u00e9cran 2021-04-09 141144\" data-image-description=\"\" data-image-caption=\"\" data-large-file=\"https:\/\/i0.wp.com\/www.enviroscop.fr\/actu\/wp-content\/uploads\/2021\/04\/Capture-decran-2021-04-09-141144.jpg?fit=750%2C506&amp;ssl=1\" class=\"alignleft  wp-image-4169\" src=\"https:\/\/i0.wp.com\/www.enviroscop.fr\/actu\/wp-content\/uploads\/2021\/04\/Capture-decran-2021-04-09-141144.jpg?resize=398%2C269&#038;ssl=1\" alt=\"\" width=\"398\" height=\"269\" srcset=\"https:\/\/i0.wp.com\/www.enviroscop.fr\/actu\/wp-content\/uploads\/2021\/04\/Capture-decran-2021-04-09-141144.jpg?w=1180&amp;ssl=1 1180w, https:\/\/i0.wp.com\/www.enviroscop.fr\/actu\/wp-content\/uploads\/2021\/04\/Capture-decran-2021-04-09-141144.jpg?resize=300%2C202&amp;ssl=1 300w, https:\/\/i0.wp.com\/www.enviroscop.fr\/actu\/wp-content\/uploads\/2021\/04\/Capture-decran-2021-04-09-141144.jpg?resize=1024%2C691&amp;ssl=1 1024w, https:\/\/i0.wp.com\/www.enviroscop.fr\/actu\/wp-content\/uploads\/2021\/04\/Capture-decran-2021-04-09-141144.jpg?resize=768%2C518&amp;ssl=1 768w, https:\/\/i0.wp.com\/www.enviroscop.fr\/actu\/wp-content\/uploads\/2021\/04\/Capture-decran-2021-04-09-141144.jpg?resize=750%2C506&amp;ssl=1 750w\" sizes=\"auto, (max-width: 398px) 100vw, 398px\" \/>Le portail est con\u00e7u pour \u00eatre le point d\u2019acc\u00e8s national \u00e0 l\u2019information li\u00e9e \u00e0 l\u2019environnement et au d\u00e9veloppement durable.<\/p>\n<p>Il s\u2019agit d\u2019un site gouvernemental, produit par le Commissariat g\u00e9n\u00e9ral au d\u00e9veloppement durable (CGDD), direction du minist\u00e8re de la Transition \u00e9cologique.<\/p>\n<p>\u00c0 l\u2019heure de l\u2019action, les citoyens doivent pouvoir disposer d\u2019une continuit\u00e9 dans leurs d\u00e9marches\u00a0: acc\u00e9der aux informations de r\u00e9f\u00e9rence, aux enjeux , aux services et acteurs publics de proximit\u00e9, mais aussi aux outils d\u2019aide \u00e0 la d\u00e9cision, pour une exp\u00e9rience permettant d\u2019aller de la diffusion de connaissances \u00e0 la mise \u00e0 disposition de services.<\/p>\n<p>8 grandes th\u00e9matiques sont illustr\u00e9es par des \ufb01ches th\u00e9matiques\u00a0:<\/p>\n<ul class=\"spip\">\n<li><a class=\"spip_in\" href=\"https:\/\/www.notre-environnement.gouv.fr\/theme\/biodiversite\">Biodiversit\u00e9<\/a><\/li>\n<li><a class=\"spip_in\" href=\"https:\/\/www.notre-environnement.gouv.fr\/theme\/climat\">Climat<\/a><\/li>\n<li><a class=\"spip_in\" href=\"https:\/\/www.notre-environnement.gouv.fr\/theme\/risques\">Risques<\/a><\/li>\n<li><a class=\"spip_in\" href=\"https:\/\/www.notre-environnement.gouv.fr\/theme\/sante\">Sant\u00e9<\/a><\/li>\n<li><a class=\"spip_in\" href=\"https:\/\/www.notre-environnement.gouv.fr\/theme\/economie\">\u00c9conomie<\/a><\/li>\n<li><a class=\"spip_in\" href=\"https:\/\/www.notre-environnement.gouv.fr\/theme\/societe\">Soci\u00e9t\u00e9<\/a><\/li>\n<li><a class=\"spip_in\" href=\"https:\/\/www.notre-environnement.gouv.fr\/theme\/amenagement\">Am\u00e9nagement<\/a><\/li>\n<li><a class=\"spip_in\" href=\"https:\/\/www.notre-environnement.gouv.fr\/theme\/evaluation\">\u00c9valuation<\/a><\/li>\n<\/ul>\n<p>&nbsp;<\/p>\n<p>Vous pouvez cliquer sur les liens ci-dessus ou vous rendre directement sur le site, c&rsquo;est ICI\u00a0 : <a href=\"https:\/\/www.notre-environnement.gouv.fr\/\" target=\"_blank\" rel=\"noopener\">notre-environnement.gouv.fr<\/a><\/p>\n<p>&nbsp;<\/p>\n","protected":false},"excerpt":{"rendered":"<p>Le portail est con\u00e7u pour \u00eatre le point d\u2019acc\u00e8s national \u00e0 l\u2019information li\u00e9e \u00e0 l\u2019environnement et au d\u00e9veloppement durable. Il s\u2019agit d\u2019un site gouvernemental, produit par le Commissariat g\u00e9n\u00e9ral au d\u00e9veloppement durable (CGDD), direction du minist\u00e8re de la Transition \u00e9cologique. \u00c0 l\u2019heure de l\u2019action, les citoyens doivent pouvoir disposer d\u2019une continuit\u00e9 dans leurs d\u00e9marches\u00a0: acc\u00e9der &hellip; <\/p>\n<p><a class=\"more-link btn\" href=\"https:\/\/www.enviroscop.fr\/actu\/2021\/04\/refonte-du-portail-public-de-linformation-environnementale\/\">Lire la suite<\/a><\/p>\n","protected":false},"author":1,"featured_media":0,"comment_status":"open","ping_status":"open","sticky":false,"template":"","format":"standard","meta":{"jetpack_post_was_ever_published":false,"_jetpack_newsletter_access":"","_jetpack_dont_email_post_to_subs":false,"_jetpack_newsletter_tier_id":0,"_jetpack_memberships_contains_paywalled_content":false,"_jetpack_memberships_contains_paid_content":false,"footnotes":"","jetpack_publicize_message":"","jetpack_publicize_feature_enabled":true,"jetpack_social_post_already_shared":true,"jetpack_social_options":{"image_generator_settings":{"template":"highway","default_image_id":0,"font":"","enabled":false},"version":2}},"categories":[3,4,15,17,20,21,6,85,7,10,67,41,42,45,46,87,57],"tags":[],"class_list":["post-4168","post","type-post","status-publish","format-standard","hentry","category-agriculture","category-air","category-climat","category-dechets","category-durable","category-eau","category-ecologie","category-education","category-energie","category-evaluation","category-nature","category-paysage","category-pedagogie","category-pollution","category-risque","category-sante","category-urbanisme","item-wrap"],"jetpack_publicize_connections":[],"jetpack_featured_media_url":"","jetpack_shortlink":"https:\/\/wp.me\/p3rXAp-15e","jetpack_likes_enabled":true,"jetpack-related-posts":[{"id":5249,"url":"https:\/\/www.enviroscop.fr\/actu\/2023\/06\/energies-renouvelables-lancement-dun-portail-cartographique\/","url_meta":{"origin":4168,"position":0},"title":"\u00c9nergies renouvelables : lancement d&rsquo;un portail cartographique","author":"Enviroscop","date":"7 juin 2023","format":false,"excerpt":"\u00a9 Sandrine Prot Le minist\u00e8re de la Transition \u00e9nerg\u00e9tique, le Cerema et l\u2019Institut national de l\u2019information g\u00e9ographique et foresti\u00e8re (IGN) ont annonc\u00e9 ce 5 juin la mise en ligne d'un portail cartographique qui aura notamment pour mission d\u2019accompagner les \u00e9lus locaux dans leur travail de planification des \u00e9nergies renouvelables sur\u2026","rel":"","context":"Dans &quot;Banque des Territoires&quot;","block_context":{"text":"Banque des Territoires","link":"https:\/\/www.enviroscop.fr\/actu\/category\/source\/banque-des-territoires\/"},"img":{"alt_text":"Eoliennes","src":"https:\/\/i0.wp.com\/www.banquedesterritoires.fr\/sites\/default\/files\/styles\/landscape_auto_crop\/public\/2023-06\/dfshhhhhhhhhhhhgssgdhsghsghsgghhtitre-1.jpg?resize=350%2C200&ssl=1","width":350,"height":200},"classes":[]},{"id":1798,"url":"https:\/\/www.enviroscop.fr\/actu\/2014\/02\/des-indicateurs-de-developpement-durable-pour-les-territoires-ministere-du-developpement-durable\/","url_meta":{"origin":4168,"position":1},"title":"Des indicateurs de d\u00e9veloppement durable pour les territoires &#8211; Minist\u00e8re du D\u00e9veloppement durable","author":"Enviroscop","date":"7 f\u00e9vrier 2014","format":false,"excerpt":"Pour r\u00e9pondre aux enjeux de d\u00e9veloppement durable et permettre aux acteurs publics de les d\u00e9cliner localement, le Commissariat g\u00e9n\u00e9ral au d\u00e9veloppement durable (CGDD) et la D\u00e9l\u00e9gation interminist\u00e9rielle \u00e0 l\u2019am\u00e9nagement du territoire et \u00e0 l\u2019attractivit\u00e9 r\u00e9gionale (Datar) ont construit un r\u00e9f\u00e9rentiel d\u2019indicateurs de d\u00e9veloppement durable territoriaux. Ce r\u00e9f\u00e9rentiel est le fruit\u2026","rel":"","context":"Dans &quot;durable&quot;","block_context":{"text":"durable","link":"https:\/\/www.enviroscop.fr\/actu\/category\/durable\/"},"img":{"alt_text":"","src":"","width":0,"height":0},"classes":[]},{"id":4543,"url":"https:\/\/www.enviroscop.fr\/actu\/2021\/12\/gestion-durable-des-eaux-pluviales-le-plan-daction\/","url_meta":{"origin":4168,"position":2},"title":"Gestion durable  des eaux pluviales : le plan d\u2019action","author":"Enviroscop","date":"16 d\u00e9cembre 2021","format":false,"excerpt":"Chaque ann\u00e9e, entre 20 000 et 30 000 hectares sont grignot\u00e9s sur la nature et les terres agricoles. Limiter l\u2019artificialisation des sols : c\u2019est l\u2019objectif du \"z\u00e9ro artificialisation nette\" (ZAN) d\u2019ici \u00e0 2050, fix\u00e9 par la loi Climat et r\u00e9silience de juillet 2021. \u00c0 travers 4 grands axes, d\u00e9clin\u00e9s en\u2026","rel":"","context":"Dans &quot;Am\u00e9nagement&quot;","block_context":{"text":"Am\u00e9nagement","link":"https:\/\/www.enviroscop.fr\/actu\/category\/amenagement\/"},"img":{"alt_text":"","src":"https:\/\/i0.wp.com\/www.enviroscop.fr\/actu\/wp-content\/uploads\/2021\/12\/Capture-decran-2021-12-16-075527.jpg?resize=350%2C200","width":350,"height":200},"classes":[]},{"id":1767,"url":"https:\/\/www.enviroscop.fr\/actu\/2014\/02\/publication-de-la-loi-mapam-au-journal-officiel\/","url_meta":{"origin":4168,"position":3},"title":"Publication de la loi MAPAM au Journal officiel","author":"Enviroscop","date":"3 f\u00e9vrier 2014","format":false,"excerpt":"Ce 28 janvier, le premier volet de la r\u00e9forme de la d\u00e9centralisation, la loi \"MAPAM\" (modernisation de l'action publique territoriale et d'affirmation des m\u00e9tropoles) est publi\u00e9e, apr\u00e8s avoir \u00e9t\u00e9 valid\u00e9e par le Constitutionnel. La loi \"Mapam\" r\u00e9tablit la clause de comp\u00e9tence g\u00e9n\u00e9rale des d\u00e9partements et des r\u00e9gions. Elle introduit la\u2026","rel":"","context":"Dans &quot;Am\u00e9nagement&quot;","block_context":{"text":"Am\u00e9nagement","link":"https:\/\/www.enviroscop.fr\/actu\/category\/amenagement\/"},"img":{"alt_text":"","src":"","width":0,"height":0},"classes":[]},{"id":2029,"url":"https:\/\/www.enviroscop.fr\/actu\/2014\/08\/consultation-sur-trois-projets-de-decrets-pris-pour-lapplication-de-larticle-21-de-la-loi-n2000-321-du-12-avril-2000-relative-aux-droits-des-citoyens-dans-leurs-relations-avec\/","url_meta":{"origin":4168,"position":4},"title":"Consultation sur trois projets de d\u00e9crets pris pour l\u2019application de l\u2019article 21 de la loi n\u00b02000-321 du 12 avril 2000 relative aux droits des citoyens dans leurs relations avec l\u2019administration (minist\u00e8re de l\u2019\u00e9cologie, du d\u00e9veloppement durable et de l\u2019\u00e9nergie) &#8211; Les consultations publiques du minist\u00e8re du D\u00e9veloppement durable","author":"Enviroscop","date":"27 ao\u00fbt 2014","format":false,"excerpt":"Consultation sur trois projets de d\u00e9crets pris pour l\u2019application de l\u2019article 21 de la loi n\u00b02000-321 du 12 avril 2000 relative aux droits des citoyens dans leurs relations avec l\u2019administration (minist\u00e8re de l\u2019\u00e9cologie, du d\u00e9veloppement durable et de l\u2019\u00e9nergie) Du 08\/08\/2014 au 29\/08\/2014 Nombre de commentaires pour cette consultation :\u2026","rel":"","context":"Dans &quot;durable&quot;","block_context":{"text":"durable","link":"https:\/\/www.enviroscop.fr\/actu\/category\/durable\/"},"img":{"alt_text":"","src":"","width":0,"height":0},"classes":[]},{"id":5345,"url":"https:\/\/www.enviroscop.fr\/actu\/2023\/09\/ile-de-france-cartographie-regionale-des-zones-de-developpement-favorable-a-leolien\/","url_meta":{"origin":4168,"position":5},"title":"Ile-de-France : Cartographie r\u00e9gionale des zones de d\u00e9veloppement favorable \u00e0 l\u2019\u00e9olien","author":"Enviroscop","date":"20 septembre 2023","format":false,"excerpt":"Par circulaire du 26 mai 2021, Madame la Ministre de la Transition \u00e9cologique, a demand\u00e9 aux pr\u00e9fets de r\u00e9gion d\u2019\u00e9laborer une cartographie r\u00e9gionale r\u00e9glementaire des zones favorables au d\u00e9veloppement de l\u2019\u00e9olien. L\u2019\u00e9laboration de cette cartographie s\u2019est effectu\u00e9e en plusieurs \u00e9tapes avant d\u2019aboutir \u00e0 la version finale que vous pouvez retrouver\u2026","rel":"","context":"Dans &quot;Am\u00e9nagement&quot;","block_context":{"text":"Am\u00e9nagement","link":"https:\/\/www.enviroscop.fr\/actu\/category\/amenagement\/"},"img":{"alt_text":"","src":"https:\/\/i0.wp.com\/www.enviroscop.fr\/actu\/wp-content\/uploads\/2023\/09\/Capture-decran-2023-09-20-140732.png?resize=350%2C200&ssl=1","width":350,"height":200,"srcset":"https:\/\/i0.wp.com\/www.enviroscop.fr\/actu\/wp-content\/uploads\/2023\/09\/Capture-decran-2023-09-20-140732.png?resize=350%2C200&ssl=1 1x, https:\/\/i0.wp.com\/www.enviroscop.fr\/actu\/wp-content\/uploads\/2023\/09\/Capture-decran-2023-09-20-140732.png?resize=525%2C300&ssl=1 1.5x, https:\/\/i0.wp.com\/www.enviroscop.fr\/actu\/wp-content\/uploads\/2023\/09\/Capture-decran-2023-09-20-140732.png?resize=700%2C400&ssl=1 2x"},"classes":[]}],"jetpack_sharing_enabled":true,"_links":{"self":[{"href":"https:\/\/www.enviroscop.fr\/actu\/wp-json\/wp\/v2\/posts\/4168","targetHints":{"allow":["GET"]}}],"collection":[{"href":"https:\/\/www.enviroscop.fr\/actu\/wp-json\/wp\/v2\/posts"}],"about":[{"href":"https:\/\/www.enviroscop.fr\/actu\/wp-json\/wp\/v2\/types\/post"}],"author":[{"embeddable":true,"href":"https:\/\/www.enviroscop.fr\/actu\/wp-json\/wp\/v2\/users\/1"}],"replies":[{"embeddable":true,"href":"https:\/\/www.enviroscop.fr\/actu\/wp-json\/wp\/v2\/comments?post=4168"}],"version-history":[{"count":1,"href":"https:\/\/www.enviroscop.fr\/actu\/wp-json\/wp\/v2\/posts\/4168\/revisions"}],"predecessor-version":[{"id":4170,"href":"https:\/\/www.enviroscop.fr\/actu\/wp-json\/wp\/v2\/posts\/4168\/revisions\/4170"}],"wp:attachment":[{"href":"https:\/\/www.enviroscop.fr\/actu\/wp-json\/wp\/v2\/media?parent=4168"}],"wp:term":[{"taxonomy":"category","embeddable":true,"href":"https:\/\/www.enviroscop.fr\/actu\/wp-json\/wp\/v2\/categories?post=4168"},{"taxonomy":"post_tag","embeddable":true,"href":"https:\/\/www.enviroscop.fr\/actu\/wp-json\/wp\/v2\/tags?post=4168"}],"curies":[{"name":"wp","href":"https:\/\/api.w.org\/{rel}","templated":true}]}}