{"id":4175,"date":"2021-04-14T09:54:24","date_gmt":"2021-04-14T08:54:24","guid":{"rendered":"http:\/\/www.enviroscop.fr\/actu\/?p=4175"},"modified":"2021-04-14T09:54:24","modified_gmt":"2021-04-14T08:54:24","slug":"webinaires-des-16-et-23-mars-2021-a-lattention-des-bureaux-detudes-sur-la-mise-en-oeuvre-de-la-reglementation-especes-protegees-pour-les-projets-damenagement","status":"publish","type":"post","link":"https:\/\/www.enviroscop.fr\/actu\/2021\/04\/webinaires-des-16-et-23-mars-2021-a-lattention-des-bureaux-detudes-sur-la-mise-en-oeuvre-de-la-reglementation-especes-protegees-pour-les-projets-damenagement\/","title":{"rendered":"Webinaires des 16 et 23 mars 2021 \u00e0 l\u2019attention des bureaux d\u2019\u00e9tudes sur la mise en \u0153uvre de la r\u00e9glementation esp\u00e8ces prot\u00e9g\u00e9es pour les projets d\u2019am\u00e9nagement"},"content":{"rendered":"<p><img data-recalc-dims=\"1\" loading=\"lazy\" decoding=\"async\" data-attachment-id=\"4176\" data-permalink=\"https:\/\/www.enviroscop.fr\/actu\/2021\/04\/webinaires-des-16-et-23-mars-2021-a-lattention-des-bureaux-detudes-sur-la-mise-en-oeuvre-de-la-reglementation-especes-protegees-pour-les-projets-damenagement\/capture-decran-2021-04-14-105209\/\" data-orig-file=\"https:\/\/i0.wp.com\/www.enviroscop.fr\/actu\/wp-content\/uploads\/2021\/04\/Capture-decran-2021-04-14-105209.jpg?fit=840%2C412&amp;ssl=1\" data-orig-size=\"840,412\" data-comments-opened=\"1\" data-image-meta=\"{&quot;aperture&quot;:&quot;0&quot;,&quot;credit&quot;:&quot;&quot;,&quot;camera&quot;:&quot;&quot;,&quot;caption&quot;:&quot;&quot;,&quot;created_timestamp&quot;:&quot;0&quot;,&quot;copyright&quot;:&quot;&quot;,&quot;focal_length&quot;:&quot;0&quot;,&quot;iso&quot;:&quot;0&quot;,&quot;shutter_speed&quot;:&quot;0&quot;,&quot;title&quot;:&quot;&quot;,&quot;orientation&quot;:&quot;0&quot;}\" data-image-title=\"Capture d\u2019\u00e9cran 2021-04-14 105209\" data-image-description=\"\" data-image-caption=\"\" data-large-file=\"https:\/\/i0.wp.com\/www.enviroscop.fr\/actu\/wp-content\/uploads\/2021\/04\/Capture-decran-2021-04-14-105209.jpg?fit=750%2C368&amp;ssl=1\" class=\"alignleft size-full wp-image-4176\" src=\"https:\/\/i0.wp.com\/www.enviroscop.fr\/actu\/wp-content\/uploads\/2021\/04\/Capture-decran-2021-04-14-105209.jpg?resize=750%2C368&#038;ssl=1\" alt=\"\" width=\"750\" height=\"368\" srcset=\"https:\/\/i0.wp.com\/www.enviroscop.fr\/actu\/wp-content\/uploads\/2021\/04\/Capture-decran-2021-04-14-105209.jpg?w=840&amp;ssl=1 840w, https:\/\/i0.wp.com\/www.enviroscop.fr\/actu\/wp-content\/uploads\/2021\/04\/Capture-decran-2021-04-14-105209.jpg?resize=300%2C147&amp;ssl=1 300w, https:\/\/i0.wp.com\/www.enviroscop.fr\/actu\/wp-content\/uploads\/2021\/04\/Capture-decran-2021-04-14-105209.jpg?resize=768%2C377&amp;ssl=1 768w, https:\/\/i0.wp.com\/www.enviroscop.fr\/actu\/wp-content\/uploads\/2021\/04\/Capture-decran-2021-04-14-105209.jpg?resize=750%2C368&amp;ssl=1 750w\" sizes=\"auto, (max-width: 750px) 100vw, 750px\" \/>Au regard de la forte dynamique des projets d\u2019am\u00e9nagement observ\u00e9e sur notre territoire, la DREAL Nouvelle-Aquitaine a souhait\u00e9 proposer aux bureaux d\u2019\u00e9tudes de la r\u00e9gion un temps d\u2019\u00e9change pour mieux travailler ensemble, sous la forme d\u2019un webinaire.<\/p>\n<p>Ce webinaire s\u2019est tenu les 16 et 23 mars 2021, avec l\u2019objectif de partager et d\u2019\u00e9changer sur les modalit\u00e9s concr\u00e8tes de prise en compte des enjeux environnementaux dans le cadre de projets d\u2019am\u00e9nagement ayant des impacts sur les esp\u00e8ces prot\u00e9g\u00e9es.<\/p>\n<p>Il a r\u00e9uni plus de 150 participants issus de 60 bureaux d\u2019\u00e9tudes de la r\u00e9gion. Des agents de DDT(M) ont \u00e9galement suivi les \u00e9changes ainsi que quelques inspecteurs ICPE.<\/p>\n<p>Retrouvez <a href=\"http:\/\/www.nouvelle-aquitaine.developpement-durable.gouv.fr\/webinaires-des-16-et-23-mars-2021-a-l-attention-a12321.html\" target=\"_blank\" rel=\"noopener\">tous les supports ICI<\/a><\/p>\n","protected":false},"excerpt":{"rendered":"<p>Au regard de la forte dynamique des projets d\u2019am\u00e9nagement observ\u00e9e sur notre territoire, la DREAL Nouvelle-Aquitaine a souhait\u00e9 proposer aux bureaux d\u2019\u00e9tudes de la r\u00e9gion un temps d\u2019\u00e9change pour mieux travailler ensemble, sous la forme d\u2019un webinaire. Ce webinaire s\u2019est tenu les 16 et 23 mars 2021, avec l\u2019objectif de partager et d\u2019\u00e9changer sur les &hellip; <\/p>\n<p><a class=\"more-link btn\" href=\"https:\/\/www.enviroscop.fr\/actu\/2021\/04\/webinaires-des-16-et-23-mars-2021-a-lattention-des-bureaux-detudes-sur-la-mise-en-oeuvre-de-la-reglementation-especes-protegees-pour-les-projets-damenagement\/\">Lire la suite<\/a><\/p>\n","protected":false},"author":1,"featured_media":0,"comment_status":"open","ping_status":"open","sticky":false,"template":"","format":"standard","meta":{"jetpack_post_was_ever_published":false,"_jetpack_newsletter_access":"","_jetpack_dont_email_post_to_subs":false,"_jetpack_newsletter_tier_id":0,"_jetpack_memberships_contains_paywalled_content":false,"_jetpack_memberships_contains_paid_content":false,"footnotes":"","jetpack_publicize_message":"","jetpack_publicize_feature_enabled":true,"jetpack_social_post_already_shared":true,"jetpack_social_options":{"image_generator_settings":{"template":"highway","default_image_id":0,"font":"","enabled":false},"version":2}},"categories":[5,11,20,6,10,30,67,42],"tags":[],"class_list":["post-4175","post","type-post","status-publish","format-standard","hentry","category-amenagement","category-biodiversite","category-durable","category-ecologie","category-evaluation","category-guide","category-nature","category-pedagogie","item-wrap"],"jetpack_publicize_connections":[],"jetpack_featured_media_url":"","jetpack_shortlink":"https:\/\/wp.me\/p3rXAp-15l","jetpack_likes_enabled":true,"jetpack-related-posts":[{"id":4137,"url":"https:\/\/www.enviroscop.fr\/actu\/2021\/03\/autorisation-environnementale-une-charte-avec-les-bureaux-detudes-2\/","url_meta":{"origin":4175,"position":0},"title":"Autorisation environnementale : une charte avec les bureaux d\u2019\u00e9tudes","author":"Enviroscop","date":"15 mars 2021","format":false,"excerpt":"Deux ans apr\u00e8s l\u2019entr\u00e9e en vigueur de l\u2019autorisation environnementale unique, les services de l\u2019\u00c9tat en \u00cele-de-France constatent que l\u2019unification des proc\u00e9dures porte ses fruits et facilite d\u00e9sormais une vision int\u00e9gr\u00e9e des projets. Mais que la r\u00e9duction des d\u00e9lais d\u2019instruction des proc\u00e9dures tarde \u00e0 venir. 20\u00a0% des d\u00e9lais dus aux demandes\u2026","rel":"","context":"Dans &quot;DREAL&quot;","block_context":{"text":"DREAL","link":"https:\/\/www.enviroscop.fr\/actu\/category\/source\/dreal\/"},"img":{"alt_text":"","src":"","width":0,"height":0},"classes":[]},{"id":2292,"url":"https:\/\/www.enviroscop.fr\/actu\/2015\/04\/doctrine-erc-les-pistes-pour-son-renforcement\/","url_meta":{"origin":4175,"position":1},"title":"Doctrine ERC, les pistes pour son renforcement","author":"Enviroscop","date":"9 avril 2015","format":false,"excerpt":"\"Les projets doivent en premier lieu s'attacher \u00e0 \u00e9viter les impacts sur l'environnement, puis, \u00e0 d\u00e9faut, \u00e0 les minimiser et, en dernier lieu en cas de besoin, \u00e0 compenser les impacts r\u00e9siduels\". Les \u00e9tudes \"d'impact\" des proc\u00e9dures d'autorisation se doivent d'appliquer ce principe : loi sur l'eau, Natura 2000, esp\u00e8ces\u2026","rel":"","context":"Dans &quot;Etude d'impact&quot;","block_context":{"text":"Etude d'impact","link":"https:\/\/www.enviroscop.fr\/actu\/category\/evaluation\/etude-dimpact\/"},"img":{"alt_text":"","src":"","width":0,"height":0},"classes":[]},{"id":5165,"url":"https:\/\/www.enviroscop.fr\/actu\/2023\/02\/orientations-strategiques-pluriannuelles-de-linspection-des-installations-classees\/","url_meta":{"origin":4175,"position":2},"title":"Orientations strat\u00e9giques pluriannuelles de l&rsquo;inspection des installations class\u00e9es","author":"Enviroscop","date":"14 f\u00e9vrier 2023","format":false,"excerpt":"Privil\u00e9gier les meilleurs bureaux d'\u00e9tudes Le minist\u00e8re de la Transition \u00e9cologique entend par ailleurs faire le tri entre le bon grain et l'ivraie en mati\u00e8re de bureaux d'\u00e9tudes, en vue de faciliter l'instruction. \u00ab\u00a0La situation constat\u00e9e est encore trop h\u00e9t\u00e9rog\u00e8ne dans les dossiers remis\u00a0\u00bb, d\u00e9plore-t-il. Aussi, pr\u00e9voit-il de mettre en\u2026","rel":"","context":"Dans &quot;Activit\u00e9&quot;","block_context":{"text":"Activit\u00e9","link":"https:\/\/www.enviroscop.fr\/actu\/category\/activite\/"},"img":{"alt_text":"","src":"https:\/\/i0.wp.com\/www.enviroscop.fr\/actu\/wp-content\/uploads\/2016\/04\/Visuel-charte-BE.jpg?resize=350%2C200","width":350,"height":200,"srcset":"https:\/\/i0.wp.com\/www.enviroscop.fr\/actu\/wp-content\/uploads\/2016\/04\/Visuel-charte-BE.jpg?resize=350%2C200 1x, https:\/\/i0.wp.com\/www.enviroscop.fr\/actu\/wp-content\/uploads\/2016\/04\/Visuel-charte-BE.jpg?resize=525%2C300 1.5x, https:\/\/i0.wp.com\/www.enviroscop.fr\/actu\/wp-content\/uploads\/2016\/04\/Visuel-charte-BE.jpg?resize=700%2C400 2x, https:\/\/i0.wp.com\/www.enviroscop.fr\/actu\/wp-content\/uploads\/2016\/04\/Visuel-charte-BE.jpg?resize=1050%2C600 3x, https:\/\/i0.wp.com\/www.enviroscop.fr\/actu\/wp-content\/uploads\/2016\/04\/Visuel-charte-BE.jpg?resize=1400%2C800 4x"},"classes":[]},{"id":3994,"url":"https:\/\/www.enviroscop.fr\/actu\/2021\/01\/levaluation-environnementale-des-projets-dinfrastructures-lineaires-de-transport\/","url_meta":{"origin":4175,"position":3},"title":"L\u2019\u00e9valuation environnementale des projets d\u2019infrastructures lin\u00e9aires de transport","author":"Enviroscop","date":"11 janvier 2021","format":false,"excerpt":"Cet ouvrage traite des\u00a0\u00e9valuations environnementales des projets d\u2019infrastructures lin\u00e9aires de transport\u00a0(ILT) qu\u2019elles soient routi\u00e8res, ferroviaires ou fluviales. Il constitue un guide m\u00e9thodologique bas\u00e9 sur de bonnes pratiques. Il s\u2019agit d\u2019une mise \u00e0 jour du guide de 2016 actualisant les r\u00e9f\u00e9rences r\u00e9glementaires et pr\u00e9cisant une certain nombre de concepts issus de\u2026","rel":"","context":"Dans &quot;D\u00e9placements&quot;","block_context":{"text":"D\u00e9placements","link":"https:\/\/www.enviroscop.fr\/actu\/category\/activite\/transport\/deplacements\/"},"img":{"alt_text":"","src":"","width":0,"height":0},"classes":[]},{"id":3827,"url":"https:\/\/www.enviroscop.fr\/actu\/2020\/09\/autorisation-environnementale-une-charte-avec-les-bureaux-detudes\/","url_meta":{"origin":4175,"position":4},"title":"Autorisation environnementale : une charte avec les bureaux d\u2019\u00e9tudes","author":"Enviroscop","date":"9 septembre 2020","format":false,"excerpt":"La DRIEE publie une charte d\u2019engagement\u00a0entre la DRIEE et les bureaux d\u2019\u00e9tudes\u00a0:\u00a0Charte d\u2019engagement entre la DRIEE et les bureaux d\u2019\u00e9tudes\u00a0(format pdf - 178.6 ko - 07\/09\/2020)\u00a0.Cette charte liste par exemple les attentes de la DRIEE dans le cadre de la phase amont et de la phase d\u2019instruction des dossiers. Elle\u2026","rel":"","context":"Dans &quot;DREAL&quot;","block_context":{"text":"DREAL","link":"https:\/\/www.enviroscop.fr\/actu\/category\/source\/dreal\/"},"img":{"alt_text":"","src":"","width":0,"height":0},"classes":[]},{"id":4893,"url":"https:\/\/www.enviroscop.fr\/actu\/2022\/08\/lancement-du-logiciel-devaluation-des-impacts-energie-carbone-et-environnementaux-dun-projet-damenagement-urbain-par-efficacity-et-le-cstb\/","url_meta":{"origin":4175,"position":5},"title":"Lancement du logiciel d\u2019\u00e9valuation des impacts \u00e9nergie-carbone et environnementaux d\u2019un projet d\u2019am\u00e9nagement urbain par Efficacity et le CSTB","author":"Enviroscop","date":"18 ao\u00fbt 2022","format":false,"excerpt":"Le 1er\u00a0logiciel int\u00e9grant la m\u00e9thode de calcul de la performance \u201cQuartier Energie Carbone\u201d soutenue par l\u2019ADEME \u00c0 l\u2019occasion de la sortie d\u2019UrbanPrint, Efficacity, le CSTB et France Ville Durable sont heureux de vous inviter \u00e0 la soir\u00e9e \u00e9v\u00e8nement de son lancement. Elle se tiendra le 20 septembre 2022 de 18h\u2026","rel":"","context":"Dans &quot;ADEME&quot;","block_context":{"text":"ADEME","link":"https:\/\/www.enviroscop.fr\/actu\/category\/source\/ademe\/"},"img":{"alt_text":"","src":"","width":0,"height":0},"classes":[]}],"jetpack_sharing_enabled":true,"_links":{"self":[{"href":"https:\/\/www.enviroscop.fr\/actu\/wp-json\/wp\/v2\/posts\/4175","targetHints":{"allow":["GET"]}}],"collection":[{"href":"https:\/\/www.enviroscop.fr\/actu\/wp-json\/wp\/v2\/posts"}],"about":[{"href":"https:\/\/www.enviroscop.fr\/actu\/wp-json\/wp\/v2\/types\/post"}],"author":[{"embeddable":true,"href":"https:\/\/www.enviroscop.fr\/actu\/wp-json\/wp\/v2\/users\/1"}],"replies":[{"embeddable":true,"href":"https:\/\/www.enviroscop.fr\/actu\/wp-json\/wp\/v2\/comments?post=4175"}],"version-history":[{"count":1,"href":"https:\/\/www.enviroscop.fr\/actu\/wp-json\/wp\/v2\/posts\/4175\/revisions"}],"predecessor-version":[{"id":4177,"href":"https:\/\/www.enviroscop.fr\/actu\/wp-json\/wp\/v2\/posts\/4175\/revisions\/4177"}],"wp:attachment":[{"href":"https:\/\/www.enviroscop.fr\/actu\/wp-json\/wp\/v2\/media?parent=4175"}],"wp:term":[{"taxonomy":"category","embeddable":true,"href":"https:\/\/www.enviroscop.fr\/actu\/wp-json\/wp\/v2\/categories?post=4175"},{"taxonomy":"post_tag","embeddable":true,"href":"https:\/\/www.enviroscop.fr\/actu\/wp-json\/wp\/v2\/tags?post=4175"}],"curies":[{"name":"wp","href":"https:\/\/api.w.org\/{rel}","templated":true}]}}