{"id":4178,"date":"2021-04-15T08:06:47","date_gmt":"2021-04-15T07:06:47","guid":{"rendered":"http:\/\/www.enviroscop.fr\/actu\/?p=4178"},"modified":"2021-04-15T08:06:47","modified_gmt":"2021-04-15T07:06:47","slug":"les-secheresses-en-europe-depuis-2015-sont-les-plus-severes-des-deux-derniers-millenaires","status":"publish","type":"post","link":"https:\/\/www.enviroscop.fr\/actu\/2021\/04\/les-secheresses-en-europe-depuis-2015-sont-les-plus-severes-des-deux-derniers-millenaires\/","title":{"rendered":"Les s\u00e9cheresses en Europe depuis 2015 sont les plus s\u00e9v\u00e8res des deux derniers mill\u00e9naires"},"content":{"rendered":"<p><strong><img data-recalc-dims=\"1\" loading=\"lazy\" decoding=\"async\" data-attachment-id=\"4179\" data-permalink=\"https:\/\/www.enviroscop.fr\/actu\/2021\/04\/les-secheresses-en-europe-depuis-2015-sont-les-plus-severes-des-deux-derniers-millenaires\/secc81cheresse-aoucc82t-2003\/\" data-orig-file=\"https:\/\/i0.wp.com\/www.enviroscop.fr\/actu\/wp-content\/uploads\/2021\/04\/secc81cheresse-aoucc82t-2003.png?fit=900%2C604&amp;ssl=1\" data-orig-size=\"900,604\" data-comments-opened=\"1\" data-image-meta=\"{&quot;aperture&quot;:&quot;0&quot;,&quot;credit&quot;:&quot;&quot;,&quot;camera&quot;:&quot;&quot;,&quot;caption&quot;:&quot;&quot;,&quot;created_timestamp&quot;:&quot;0&quot;,&quot;copyright&quot;:&quot;&quot;,&quot;focal_length&quot;:&quot;0&quot;,&quot;iso&quot;:&quot;0&quot;,&quot;shutter_speed&quot;:&quot;0&quot;,&quot;title&quot;:&quot;&quot;,&quot;orientation&quot;:&quot;0&quot;}\" data-image-title=\"secc81cheresse-aoucc82t-2003\" data-image-description=\"\" data-image-caption=\"\" data-large-file=\"https:\/\/i0.wp.com\/www.enviroscop.fr\/actu\/wp-content\/uploads\/2021\/04\/secc81cheresse-aoucc82t-2003.png?fit=750%2C503&amp;ssl=1\" class=\"alignleft size-full wp-image-4179\" src=\"https:\/\/i0.wp.com\/www.enviroscop.fr\/actu\/wp-content\/uploads\/2021\/04\/secc81cheresse-aoucc82t-2003.png?resize=750%2C503&#038;ssl=1\" alt=\"\" width=\"750\" height=\"503\" srcset=\"https:\/\/i0.wp.com\/www.enviroscop.fr\/actu\/wp-content\/uploads\/2021\/04\/secc81cheresse-aoucc82t-2003.png?w=900&amp;ssl=1 900w, https:\/\/i0.wp.com\/www.enviroscop.fr\/actu\/wp-content\/uploads\/2021\/04\/secc81cheresse-aoucc82t-2003.png?resize=300%2C201&amp;ssl=1 300w, https:\/\/i0.wp.com\/www.enviroscop.fr\/actu\/wp-content\/uploads\/2021\/04\/secc81cheresse-aoucc82t-2003.png?resize=768%2C515&amp;ssl=1 768w, https:\/\/i0.wp.com\/www.enviroscop.fr\/actu\/wp-content\/uploads\/2021\/04\/secc81cheresse-aoucc82t-2003.png?resize=750%2C503&amp;ssl=1 750w\" sizes=\"auto, (max-width: 750px) 100vw, 750px\" \/>Selon une nouvelle \u00e9tude, les s\u00e9cheresses estivales observ\u00e9es a cours des deux derni\u00e8res d\u00e9cennies en Europe sont les plus s\u00e9v\u00e8res des 2 100 derni\u00e8res ann\u00e9es.<\/strong>\u00a0<strong>Les changements en cours des sch\u00e9mas de circulation atmosph\u00e9rique dus au changement climatique, bien que complexes, sont probablement responsables de l\u2019augmentation r\u00e9cente des \u00e9t\u00e9s europ\u00e9ens secs et chauds.<\/strong><\/p>\n<p>Pour lire l&rsquo;article, <a href=\"https:\/\/global-climat.com\/2021\/04\/14\/les-secheresses-en-europe-depuis-2015-sont-les-plus-severes-des-deux-derniers-millenaires\/\" target=\"_blank\" rel=\"noopener\">c&rsquo;est ICI<\/a><\/p>\n","protected":false},"excerpt":{"rendered":"<p>Selon une nouvelle \u00e9tude, les s\u00e9cheresses estivales observ\u00e9es a cours des deux derni\u00e8res d\u00e9cennies en Europe sont les plus s\u00e9v\u00e8res des 2 100 derni\u00e8res ann\u00e9es.\u00a0Les changements en cours des sch\u00e9mas de circulation atmosph\u00e9rique dus au changement climatique, bien que complexes, sont probablement responsables de l\u2019augmentation r\u00e9cente des \u00e9t\u00e9s europ\u00e9ens secs et chauds. Pour lire l&rsquo;article, &hellip; <\/p>\n<p><a class=\"more-link btn\" href=\"https:\/\/www.enviroscop.fr\/actu\/2021\/04\/les-secheresses-en-europe-depuis-2015-sont-les-plus-severes-des-deux-derniers-millenaires\/\">Lire la suite<\/a><\/p>\n","protected":false},"author":1,"featured_media":0,"comment_status":"open","ping_status":"open","sticky":false,"template":"","format":"standard","meta":{"jetpack_post_was_ever_published":false,"_jetpack_newsletter_access":"","_jetpack_dont_email_post_to_subs":false,"_jetpack_newsletter_tier_id":0,"_jetpack_memberships_contains_paywalled_content":false,"_jetpack_memberships_contains_paid_content":false,"footnotes":"","jetpack_publicize_message":"","jetpack_publicize_feature_enabled":true,"jetpack_social_post_already_shared":true,"jetpack_social_options":{"image_generator_settings":{"template":"highway","default_image_id":0,"font":"","enabled":false},"version":2}},"categories":[3,15,26,46],"tags":[],"class_list":["post-4178","post","type-post","status-publish","format-standard","hentry","category-agriculture","category-climat","category-europe","category-risque","item-wrap"],"jetpack_publicize_connections":[],"jetpack_featured_media_url":"","jetpack_shortlink":"https:\/\/wp.me\/p3rXAp-15o","jetpack_likes_enabled":true,"jetpack-related-posts":[{"id":4763,"url":"https:\/\/www.enviroscop.fr\/actu\/2022\/05\/deux-nouvelles-fiches-du-cerema-sur-des-sujets-qui-nous-interessent\/","url_meta":{"origin":4178,"position":0},"title":"Deux nouvelles fiches du CEREMA sur des sujets qui nous int\u00e9ressent","author":"Enviroscop","date":"17 mai 2022","format":false,"excerpt":"R\u00e9silience et cour d'\u00e9cole La s\u00e9rie de fiches \" R\u00e9silience et cour d\u2019\u00e9cole \" pr\u00e9sente des projets de r\u00e9am\u00e9nagement de cours d\u2019\u00e9cole. S\u2019adaptant \u00e0 chaque contexte, ces projets partagent le souci d\u2019int\u00e9grer plus de nature, de\u00a0diversifier les usages\u00a0et d\u2019am\u00e9liorer les conditions de vie, notamment en \u00e9t\u00e9 pour prendre en compte\u2026","rel":"","context":"Dans &quot;Agriculture&quot;","block_context":{"text":"Agriculture","link":"https:\/\/www.enviroscop.fr\/actu\/category\/activite\/agriculture\/"},"img":{"alt_text":"","src":"","width":0,"height":0},"classes":[]},{"id":2447,"url":"https:\/\/www.enviroscop.fr\/actu\/2015\/07\/les-mesures-europeennes-de-protection-des-oiseaux-sont-efficaces-actualites-lpo\/","url_meta":{"origin":4178,"position":1},"title":"Les mesures europ\u00e9ennes de protection des oiseaux sont efficaces &#8211; Actualit\u00e9s &#8211; LPO","author":"Enviroscop","date":"31 juillet 2015","format":false,"excerpt":"La directive Oiseaux, reconnue dans l\u2019Union europ\u00e9enne comme l\u2019un des outils de protection de la nature le plus innovant et le plus efficace, a un impact positif consid\u00e9rable sur la protection des esp\u00e8ces d\u2019oiseaux les plus menac\u00e9es en Europe, comme le confirment L'int\u00e9gralit\u00e9 de l'article et le communiqu\u00e9 de presse\u2026","rel":"","context":"Dans &quot;Ecologie&quot;","block_context":{"text":"Ecologie","link":"https:\/\/www.enviroscop.fr\/actu\/category\/nature\/ecologie\/"},"img":{"alt_text":"","src":"https:\/\/i0.wp.com\/www.enviroscop.fr\/actu\/wp-content\/uploads\/2015\/07\/flamants_roses_patrick_harle_650.jpg?resize=350%2C200","width":350,"height":200,"srcset":"https:\/\/i0.wp.com\/www.enviroscop.fr\/actu\/wp-content\/uploads\/2015\/07\/flamants_roses_patrick_harle_650.jpg?resize=350%2C200 1x, https:\/\/i0.wp.com\/www.enviroscop.fr\/actu\/wp-content\/uploads\/2015\/07\/flamants_roses_patrick_harle_650.jpg?resize=525%2C300 1.5x"},"classes":[]},{"id":3657,"url":"https:\/\/www.enviroscop.fr\/actu\/2020\/03\/procedure-covid-19\/","url_meta":{"origin":4178,"position":2},"title":"Proc\u00e9dure Covid-19, p\u00e9riode de d\u00e9confinement","author":"Enviroscop","date":"16 mars 2020","format":false,"excerpt":"La coop\u00e9rative a pris toutes les mesures pour prot\u00e9ger la sant\u00e9 de ses collaborateurs et assurer le suivi des dossiers en cours pendant toute la p\u00e9riode de crise, confinement, puis d\u00e9confinement... Toute l'\u00e9quipe reste bien \u00e9videmment mobilis\u00e9e pendant cette p\u00e9riode et s'est organis\u00e9e pour r\u00e9pondre \u00e0 tous vos besoins \u00a0:\u00a0\u2026","rel":"","context":"Dans &quot;Citoyen&quot;","block_context":{"text":"Citoyen","link":"https:\/\/www.enviroscop.fr\/actu\/category\/humain\/citoyen\/"},"img":{"alt_text":"","src":"","width":0,"height":0},"classes":[]},{"id":5327,"url":"https:\/\/www.enviroscop.fr\/actu\/2023\/08\/couts-de-production-delectricite-renouvelable-en-2022\/","url_meta":{"origin":4178,"position":3},"title":"Co\u00fbts de production d\u2019\u00e9lectricit\u00e9 renouvelable en 2022","author":"Enviroscop","date":"30 ao\u00fbt 2023","format":false,"excerpt":"En 2022, le co\u00fbt actualis\u00e9 moyen pond\u00e9r\u00e9 (LCOE) mondial de l\u2019\u00e9lectricit\u00e9 provenant des syst\u00e8mes solaires photovolta\u00efques (PV) \u00e0 grande \u00e9chelle nouvellement mis en service, de l\u2019\u00e9nergie \u00e9olienne terrestre, de l\u2019\u00e9nergie solaire \u00e0 concentration (CSP), de la bio\u00e9nergie et de l\u2019\u00e9nergie g\u00e9othermique a diminu\u00e9, malgr\u00e9 la hausse des co\u00fbts des mat\u00e9riaux\u2026","rel":"","context":"Dans &quot;Economie&quot;","block_context":{"text":"Economie","link":"https:\/\/www.enviroscop.fr\/actu\/category\/activite\/economie\/"},"img":{"alt_text":"","src":"https:\/\/i0.wp.com\/mc-cd8320d4-36a1-40ac-83cc-3389-cdn-endpoint.azureedge.net\/-\/media\/Images\/IRENA\/Agency\/Publication\/2023\/Aug\/Renewable-Power-Generation-Costs-2022_Cover.png?resize=350%2C200&ssl=1","width":350,"height":200},"classes":[]},{"id":209,"url":"https:\/\/www.enviroscop.fr\/actu\/2010\/04\/le-parc-olien-franais-gagne-en-puissance\/","url_meta":{"origin":4178,"position":4},"title":"Le parc \u00e9olien fran\u00e7ais gagne en puissance","author":"Enviroscop","date":"7 avril 2010","format":false,"excerpt":"La production d?????nergie ??olienne a continu?? d???augmenter en France en 2009, mesure que se sont ??toff??s les parcs et leur puissance install??e. La puissance ??olienne raccord??e au r??seau ??tait de 4.400 MW l???an pass??, soit pr??s d...","rel":"","context":"Dans &quot;Eolien&quot;","block_context":{"text":"Eolien","link":"https:\/\/www.enviroscop.fr\/actu\/category\/energie\/renouvelable\/eolien\/"},"img":{"alt_text":"Moz-screenshot","src":"https:\/\/i0.wp.com\/www.enviroscop.fr\/actu\/wp-content\/uploads\/2013\/02\/moz-screenshot.png?resize=350%2C200","width":350,"height":200},"classes":[]},{"id":140,"url":"https:\/\/www.enviroscop.fr\/actu\/2010\/10\/tvb-quest-ce-quun-cours-deau-grenelle-2\/","url_meta":{"origin":4178,"position":5},"title":"TVB : qu&rsquo;est-ce qu&rsquo;un cours d&rsquo;eau \u00ab\u00a0Grenelle 2\u00a0\u00bb ?","author":"Enviroscop","date":"29 octobre 2010","format":false,"excerpt":"Les cours d'eau au sens du Grenelle 2 doivent ??tre prot??g??s pardles bandes enherb??es qui jouent un r??le d???autant plus important pour la r??tention des ??l??ments fertilisants et des pesticides qu???elles sont non seulement localis??es le ...","rel":"","context":"Dans &quot;Eau&quot;","block_context":{"text":"Eau","link":"https:\/\/www.enviroscop.fr\/actu\/category\/compartiments\/eau\/"},"img":{"alt_text":"","src":"","width":0,"height":0},"classes":[]}],"jetpack_sharing_enabled":true,"_links":{"self":[{"href":"https:\/\/www.enviroscop.fr\/actu\/wp-json\/wp\/v2\/posts\/4178","targetHints":{"allow":["GET"]}}],"collection":[{"href":"https:\/\/www.enviroscop.fr\/actu\/wp-json\/wp\/v2\/posts"}],"about":[{"href":"https:\/\/www.enviroscop.fr\/actu\/wp-json\/wp\/v2\/types\/post"}],"author":[{"embeddable":true,"href":"https:\/\/www.enviroscop.fr\/actu\/wp-json\/wp\/v2\/users\/1"}],"replies":[{"embeddable":true,"href":"https:\/\/www.enviroscop.fr\/actu\/wp-json\/wp\/v2\/comments?post=4178"}],"version-history":[{"count":1,"href":"https:\/\/www.enviroscop.fr\/actu\/wp-json\/wp\/v2\/posts\/4178\/revisions"}],"predecessor-version":[{"id":4180,"href":"https:\/\/www.enviroscop.fr\/actu\/wp-json\/wp\/v2\/posts\/4178\/revisions\/4180"}],"wp:attachment":[{"href":"https:\/\/www.enviroscop.fr\/actu\/wp-json\/wp\/v2\/media?parent=4178"}],"wp:term":[{"taxonomy":"category","embeddable":true,"href":"https:\/\/www.enviroscop.fr\/actu\/wp-json\/wp\/v2\/categories?post=4178"},{"taxonomy":"post_tag","embeddable":true,"href":"https:\/\/www.enviroscop.fr\/actu\/wp-json\/wp\/v2\/tags?post=4178"}],"curies":[{"name":"wp","href":"https:\/\/api.w.org\/{rel}","templated":true}]}}