{"id":44,"date":"2012-05-25T08:27:00","date_gmt":"2012-05-25T07:27:00","guid":{"rendered":"http:\/\/actu.enviroscop.com\/droits-a-construire-un-guide-pour-la-majorati"},"modified":"2013-04-26T10:57:55","modified_gmt":"2013-04-26T09:57:55","slug":"droits-a-construire-un-guide-pour-la-majorati","status":"publish","type":"post","link":"https:\/\/www.enviroscop.fr\/actu\/2012\/05\/droits-a-construire-un-guide-pour-la-majorati\/","title":{"rendered":"Droits \u00e0 construire, un guide pour la majoration de 30 %"},"content":{"rendered":"<p>Vous pouvez voir ces fiches techniques sur le <a href=\"http:\/\/www.developpement-durable.gouv.fr\/IMG\/pdf\/Dispositif_de_majoration_des_droits_a_construire_de_30_-2.pdf\" target=\"_blank\">site du Minist&egrave;re<\/a><\/p>\n","protected":false},"excerpt":{"rendered":"<p>Vous pouvez voir ces fiches techniques sur le site du Minist??re<\/p>\n","protected":false},"author":1,"featured_media":0,"comment_status":"open","ping_status":"open","sticky":false,"template":"","format":"standard","meta":{"jetpack_post_was_ever_published":false,"_jetpack_newsletter_access":"","_jetpack_dont_email_post_to_subs":false,"_jetpack_newsletter_tier_id":0,"_jetpack_memberships_contains_paywalled_content":false,"_jetpack_memberships_contains_paid_content":false,"footnotes":"","jetpack_publicize_message":"","jetpack_publicize_feature_enabled":true,"jetpack_social_post_already_shared":false,"jetpack_social_options":{"image_generator_settings":{"template":"highway","default_image_id":0,"font":"","enabled":false},"version":2}},"categories":[5,56],"tags":[],"class_list":["post-44","post","type-post","status-publish","format-standard","hentry","category-amenagement","category-urbanisation","item-wrap"],"jetpack_publicize_connections":[],"jetpack_featured_media_url":"","jetpack_shortlink":"https:\/\/wp.me\/p3rXAp-I","jetpack_likes_enabled":true,"jetpack-related-posts":[{"id":3905,"url":"https:\/\/www.enviroscop.fr\/actu\/2020\/10\/trame-noire-les-fiches-du-cerema\/","url_meta":{"origin":44,"position":0},"title":"Trame noire, les fiches du CEREMA","author":"Enviroscop","date":"23 octobre 2020","format":false,"excerpt":"La s\u00e9rie de fiches \u00ab AUBE \u00bb incite \u00e0 concevoir l\u2019\u00e9clairage diff\u00e9remment, par l\u2019int\u00e9gration conjointe des enjeux de biodiversit\u00e9, d\u2019usage et d\u2019\u00e9conomie d\u2019\u00e9nergie. Elle d\u00e9crypte aussi l\u2019arr\u00eat\u00e9 minist\u00e9riel du 27 d\u00e9cembre 2018 portant sur les nuisances lumineuses afin de vous aider dans sa mise en \u0153uvre. Vous pouvez t\u00e9l\u00e9charger ces\u2026","rel":"","context":"Dans &quot;durable&quot;","block_context":{"text":"durable","link":"https:\/\/www.enviroscop.fr\/actu\/category\/durable\/"},"img":{"alt_text":"AUBE - Am\u00e9nagement, urbanisme, biodiversit\u00e9, \u00e9clairage","src":"https:\/\/i0.wp.com\/www.cerema.fr\/sites\/default\/files\/styles\/publication_portrait\/public\/images\/product\/2020\/09\/couv_catalog_serie_4.jpg?resize=350%2C200&ssl=1","width":350,"height":200},"classes":[]},{"id":4190,"url":"https:\/\/www.enviroscop.fr\/actu\/2021\/04\/gestion-integree-de-leau-en-milieu-urbain-une-serie-de-fiches-du-cerema\/","url_meta":{"origin":44,"position":1},"title":"Gestion int\u00e9gr\u00e9e de l&rsquo;eau en milieu urbain : une s\u00e9rie de fiches du Cerema","author":"Enviroscop","date":"30 avril 2021","format":false,"excerpt":"Alors que la pr\u00e9servation de la ressource en eau devient une priorit\u00e9, la d\u00e9marche de gestion de l'eau pluviale en ville propos\u00e9e par le Cerema vise \u00e0 respecter au mieux le cycle de l'eau pour faciliter son infiltration au plus pr\u00e8s de l\u00e0 o\u00f9 elle tombe. Ces fiches pr\u00e9sentent une\u2026","rel":"","context":"Dans &quot;Am\u00e9nagement&quot;","block_context":{"text":"Am\u00e9nagement","link":"https:\/\/www.enviroscop.fr\/actu\/category\/amenagement\/"},"img":{"alt_text":"","src":"https:\/\/i0.wp.com\/www.enviroscop.fr\/actu\/wp-content\/uploads\/2021\/04\/Capture-decran-2021-04-30-091331.jpg?resize=350%2C200","width":350,"height":200},"classes":[]},{"id":152,"url":"https:\/\/www.enviroscop.fr\/actu\/2012\/01\/zones-humides-et-entreprises-le-guide\/","url_meta":{"origin":44,"position":2},"title":"Zones humides et entreprises : le guide","author":"Enviroscop","date":"16 janvier 2012","format":false,"excerpt":"La F??d??ration des Conservatoires d???espaces naturels ??dite un guide de pratiques respectueuses des zones humides pour les entreprises. Vous pouvez t??l??charger la plaquette ICI ou aller sur le site du p??le tourbi??re pour t??l??charger les fiches techn...","rel":"","context":"Dans &quot;Zones Humides&quot;","block_context":{"text":"Zones Humides","link":"https:\/\/www.enviroscop.fr\/actu\/category\/nature\/zones-humides\/"},"img":{"alt_text":"Vade-mecum-zones-humides","src":"https:\/\/i0.wp.com\/www.enviroscop.fr\/actu\/wp-content\/uploads\/2013\/02\/vade-mecum-zones-humides-scaled500.jpg?resize=350%2C200","width":350,"height":200},"classes":[]},{"id":4288,"url":"https:\/\/www.enviroscop.fr\/actu\/2021\/06\/amenagement-de-nouvelles-fiches-outils-du-cerema-sur-des-dispositifs-reglementaires\/","url_meta":{"origin":44,"position":3},"title":"Am\u00e9nagement : de nouvelles fiches outils du Cerema sur des dispositifs r\u00e9glementaires","author":"Enviroscop","date":"9 juin 2021","format":false,"excerpt":"Le site Outil 2 l'Am\u00e9nagement aliment\u00e9 par le Cerema propose des fiches outils synth\u00e9tiques sur diff\u00e9rents dispositifs offerts aux collectivit\u00e9s en mati\u00e8re d'am\u00e9nagement. Elle pr\u00e9sentent des informations pratiques sur diff\u00e9rentes d\u00e9marches que les collectivit\u00e9s peuvent mettre en \u0153uvre dans le cadre des projets d'am\u00e9nagement. Le\u00a0site Outil 2 l'Am\u00e9nagement\u00a0aliment\u00e9 par le\u2026","rel":"","context":"Dans &quot;Agriculture&quot;","block_context":{"text":"Agriculture","link":"https:\/\/www.enviroscop.fr\/actu\/category\/activite\/agriculture\/"},"img":{"alt_text":"","src":"https:\/\/i0.wp.com\/www.enviroscop.fr\/actu\/wp-content\/uploads\/2013\/04\/sig4.jpg?resize=350%2C200","width":350,"height":200},"classes":[]},{"id":3938,"url":"https:\/\/www.enviroscop.fr\/actu\/2020\/11\/pourquoi-comment-gerer-et-valoriser-les-haies-bocageres\/","url_meta":{"origin":44,"position":4},"title":"Pourquoi\/comment g\u00e9rer et valoriser les haies bocag\u00e8res ?","author":"Enviroscop","date":"23 novembre 2020","format":false,"excerpt":"Vous vous int\u00e9ressez \u00e0 la gestion et \u00e0 la valorisation de vos haies bocag\u00e8res ou accompagnez des agriculteur.trices dans ce domaine\u00a0? D\u00e9couvrez le Pourquoi-Comment Bocage, r\u00e9alis\u00e9 par les CIVAM des Pays de la Loire\u00a0! A l\u2019int\u00e9rieur d\u2019un document qui explore le \u00ab Pourquoi ? \u00bb, en reprenant des informations sur\u2026","rel":"","context":"Dans &quot;Agriculture&quot;","block_context":{"text":"Agriculture","link":"https:\/\/www.enviroscop.fr\/actu\/category\/activite\/agriculture\/"},"img":{"alt_text":"","src":"https:\/\/i0.wp.com\/www.enviroscop.fr\/actu\/wp-content\/uploads\/2020\/11\/civam-212x300.png?resize=350%2C200","width":350,"height":200},"classes":[]},{"id":4763,"url":"https:\/\/www.enviroscop.fr\/actu\/2022\/05\/deux-nouvelles-fiches-du-cerema-sur-des-sujets-qui-nous-interessent\/","url_meta":{"origin":44,"position":5},"title":"Deux nouvelles fiches du CEREMA sur des sujets qui nous int\u00e9ressent","author":"Enviroscop","date":"17 mai 2022","format":false,"excerpt":"R\u00e9silience et cour d'\u00e9cole La s\u00e9rie de fiches \" R\u00e9silience et cour d\u2019\u00e9cole \" pr\u00e9sente des projets de r\u00e9am\u00e9nagement de cours d\u2019\u00e9cole. S\u2019adaptant \u00e0 chaque contexte, ces projets partagent le souci d\u2019int\u00e9grer plus de nature, de\u00a0diversifier les usages\u00a0et d\u2019am\u00e9liorer les conditions de vie, notamment en \u00e9t\u00e9 pour prendre en compte\u2026","rel":"","context":"Dans &quot;Agriculture&quot;","block_context":{"text":"Agriculture","link":"https:\/\/www.enviroscop.fr\/actu\/category\/activite\/agriculture\/"},"img":{"alt_text":"","src":"","width":0,"height":0},"classes":[]}],"jetpack_sharing_enabled":true,"_links":{"self":[{"href":"https:\/\/www.enviroscop.fr\/actu\/wp-json\/wp\/v2\/posts\/44","targetHints":{"allow":["GET"]}}],"collection":[{"href":"https:\/\/www.enviroscop.fr\/actu\/wp-json\/wp\/v2\/posts"}],"about":[{"href":"https:\/\/www.enviroscop.fr\/actu\/wp-json\/wp\/v2\/types\/post"}],"author":[{"embeddable":true,"href":"https:\/\/www.enviroscop.fr\/actu\/wp-json\/wp\/v2\/users\/1"}],"replies":[{"embeddable":true,"href":"https:\/\/www.enviroscop.fr\/actu\/wp-json\/wp\/v2\/comments?post=44"}],"version-history":[{"count":0,"href":"https:\/\/www.enviroscop.fr\/actu\/wp-json\/wp\/v2\/posts\/44\/revisions"}],"wp:attachment":[{"href":"https:\/\/www.enviroscop.fr\/actu\/wp-json\/wp\/v2\/media?parent=44"}],"wp:term":[{"taxonomy":"category","embeddable":true,"href":"https:\/\/www.enviroscop.fr\/actu\/wp-json\/wp\/v2\/categories?post=44"},{"taxonomy":"post_tag","embeddable":true,"href":"https:\/\/www.enviroscop.fr\/actu\/wp-json\/wp\/v2\/tags?post=44"}],"curies":[{"name":"wp","href":"https:\/\/api.w.org\/{rel}","templated":true}]}}