{"id":4406,"date":"2021-09-10T09:46:16","date_gmt":"2021-09-10T08:46:16","guid":{"rendered":"http:\/\/www.enviroscop.fr\/actu\/?p=4406"},"modified":"2022-08-19T10:43:28","modified_gmt":"2022-08-19T09:43:28","slug":"evaluer-limpact-social-des-mobilites","status":"publish","type":"post","link":"https:\/\/www.enviroscop.fr\/actu\/2021\/09\/evaluer-limpact-social-des-mobilites\/","title":{"rendered":"\u00c9valuer l&rsquo;impact social des mobilit\u00e9s"},"content":{"rendered":"<p><strong><img data-recalc-dims=\"1\" loading=\"lazy\" decoding=\"async\" data-attachment-id=\"4407\" data-permalink=\"https:\/\/www.enviroscop.fr\/actu\/2021\/09\/evaluer-limpact-social-des-mobilites\/capture-decran-2021-09-10-104404\/\" data-orig-file=\"https:\/\/i0.wp.com\/www.enviroscop.fr\/actu\/wp-content\/uploads\/2021\/09\/Capture-decran-2021-09-10-104404.jpg?fit=880%2C1252&amp;ssl=1\" data-orig-size=\"880,1252\" data-comments-opened=\"1\" data-image-meta=\"{&quot;aperture&quot;:&quot;0&quot;,&quot;credit&quot;:&quot;&quot;,&quot;camera&quot;:&quot;&quot;,&quot;caption&quot;:&quot;&quot;,&quot;created_timestamp&quot;:&quot;0&quot;,&quot;copyright&quot;:&quot;&quot;,&quot;focal_length&quot;:&quot;0&quot;,&quot;iso&quot;:&quot;0&quot;,&quot;shutter_speed&quot;:&quot;0&quot;,&quot;title&quot;:&quot;&quot;,&quot;orientation&quot;:&quot;0&quot;}\" data-image-title=\"Capture d\u2019\u00e9cran 2021-09-10 104404\" data-image-description=\"\" data-image-caption=\"\" data-large-file=\"https:\/\/i0.wp.com\/www.enviroscop.fr\/actu\/wp-content\/uploads\/2021\/09\/Capture-decran-2021-09-10-104404.jpg?fit=720%2C1024&amp;ssl=1\" class=\"alignleft  wp-image-4407\" src=\"https:\/\/i0.wp.com\/www.enviroscop.fr\/actu\/wp-content\/uploads\/2021\/09\/Capture-decran-2021-09-10-104404.jpg?resize=214%2C304&#038;ssl=1\" alt=\"\" width=\"214\" height=\"304\" srcset=\"https:\/\/i0.wp.com\/www.enviroscop.fr\/actu\/wp-content\/uploads\/2021\/09\/Capture-decran-2021-09-10-104404.jpg?w=880&amp;ssl=1 880w, https:\/\/i0.wp.com\/www.enviroscop.fr\/actu\/wp-content\/uploads\/2021\/09\/Capture-decran-2021-09-10-104404.jpg?resize=211%2C300&amp;ssl=1 211w, https:\/\/i0.wp.com\/www.enviroscop.fr\/actu\/wp-content\/uploads\/2021\/09\/Capture-decran-2021-09-10-104404.jpg?resize=720%2C1024&amp;ssl=1 720w, https:\/\/i0.wp.com\/www.enviroscop.fr\/actu\/wp-content\/uploads\/2021\/09\/Capture-decran-2021-09-10-104404.jpg?resize=768%2C1093&amp;ssl=1 768w, https:\/\/i0.wp.com\/www.enviroscop.fr\/actu\/wp-content\/uploads\/2021\/09\/Capture-decran-2021-09-10-104404.jpg?resize=750%2C1067&amp;ssl=1 750w\" sizes=\"auto, (max-width: 214px) 100vw, 214px\" \/>Exp\u00e9rimenter et \u00e9valuer sont deux leviers pour assurer<\/strong> <strong>pertinence et p\u00e9rennit\u00e9 aux projets de mobilit\u00e9 solidaire.<\/strong> Comme tout projet, un projet de mobilit\u00e9 solidaire s\u2019inscrit dans une dur\u00e9e plus ou moins longue selon ses objectifs et ses sp\u00e9cificit\u00e9s. L<strong>\u2019exp\u00e9rimentation et l\u2019\u00e9valuation<\/strong>\u00a0permettent de tester \u00e0 petite \u00e9chelle sans mobiliser de budgets trop cons\u00e9quents, de mesurer rapidement les premiers effets, et d\u2019ajuster, si n\u00e9cessaire, le dispositif.\u00a0Ce benchmark est\u00a0\u00e0 destination et au service de tous les porteurs de projets.<\/p>\n<p><a href=\"https:\/\/anbdd.us17.list-manage.com\/track\/click?u=9b0789e59d693870d5cca5bbf&amp;id=98e1ebed2d&amp;e=2c8616eaf6\" target=\"_blank\" rel=\"noopener\">T\u00e9l\u00e9charger la publication\u00a0<\/a><\/p>\n","protected":false},"excerpt":{"rendered":"<p>Exp\u00e9rimenter et \u00e9valuer sont deux leviers pour assurer pertinence et p\u00e9rennit\u00e9 aux projets de mobilit\u00e9 solidaire. Comme tout projet, un projet de mobilit\u00e9 solidaire s\u2019inscrit dans une dur\u00e9e plus ou moins longue selon ses objectifs et ses sp\u00e9cificit\u00e9s. L\u2019exp\u00e9rimentation et l\u2019\u00e9valuation\u00a0permettent de tester \u00e0 petite \u00e9chelle sans mobiliser de budgets trop cons\u00e9quents, de mesurer rapidement &hellip; <\/p>\n<p><a class=\"more-link btn\" href=\"https:\/\/www.enviroscop.fr\/actu\/2021\/09\/evaluer-limpact-social-des-mobilites\/\">Lire la suite<\/a><\/p>\n","protected":false},"author":1,"featured_media":0,"comment_status":"open","ping_status":"open","sticky":false,"template":"","format":"standard","meta":{"jetpack_post_was_ever_published":false,"_jetpack_newsletter_access":"","_jetpack_dont_email_post_to_subs":false,"_jetpack_newsletter_tier_id":0,"_jetpack_memberships_contains_paywalled_content":false,"_jetpack_memberships_contains_paid_content":false,"footnotes":"","jetpack_publicize_message":"","jetpack_publicize_feature_enabled":true,"jetpack_social_post_already_shared":true,"jetpack_social_options":{"image_generator_settings":{"template":"highway","default_image_id":0,"font":"","enabled":false},"version":2}},"categories":[4,5,18,22,10,30,33,87,51],"tags":[],"class_list":["post-4406","post","type-post","status-publish","format-standard","hentry","category-air","category-amenagement","category-deplacements","category-economie","category-evaluation","category-guide","category-indicateur","category-sante","category-sport","item-wrap"],"jetpack_publicize_connections":[],"jetpack_featured_media_url":"","jetpack_shortlink":"https:\/\/wp.me\/p3rXAp-194","jetpack_likes_enabled":true,"jetpack-related-posts":[{"id":1701,"url":"https:\/\/www.enviroscop.fr\/actu\/2014\/01\/un-nouvel-appel-a-projets-pour-la-transition-energetique-et-ecologique-energies-enerzine-com\/","url_meta":{"origin":4406,"position":0},"title":"Un nouvel appel \u00e0 projets pour la transition \u00e9nerg\u00e9tique et \u00e9cologique > Energies &#8211; Enerzine.com","author":"Enviroscop","date":"3 janvier 2014","format":false,"excerpt":"Un nouvel appel \u00e0 projets pour la transition \u00e9nerg\u00e9tique et \u00e9cologique\u00a0\u00a0Le gouvernement a proc\u00e9d\u00e9 le 24 d\u00e9cembre dernier au lancement d'un deuxi\u00e8me appel \u00e0 projets dans le cadre de l'action \u00ab Financement de l'Economie Sociale et Solidaire \u00bb du Programme d'Investissements d'Avenir PIA. Forte du succ\u00e8s rencontr\u00e9 par le premier\u2026","rel":"","context":"Dans &quot;durable&quot;","block_context":{"text":"durable","link":"https:\/\/www.enviroscop.fr\/actu\/category\/durable\/"},"img":{"alt_text":"","src":"","width":0,"height":0},"classes":[]},{"id":5194,"url":"https:\/\/www.enviroscop.fr\/actu\/2023\/03\/cerema-lance-un-appel-a-projet-pour-sadapter-au-changement-climatique-en-normandie\/","url_meta":{"origin":4406,"position":1},"title":"Cerema lance un appel \u00e0 projet pour s\u2019adapter au changement climatique en Normandie","author":"Enviroscop","date":"23 mars 2023","format":false,"excerpt":"Le centre d'\u00e9tudes et d'expertise sur les risques, l'environnement, la mobilit\u00e9 et l'am\u00e9nagement (Cerema) lance un appel \u00e0 projets pour s\u2019adapter au changement climatique en Normandie et en \u00cele-de-France. Le d\u00e9p\u00f4t des candidatures est maintenu jusqu\u2019au 31 mars 2023. Fruit de collaboration entre le Cerema et ses diff\u00e9rents partenaires (Normandie\u2026","rel":"","context":"Dans &quot;Am\u00e9nagement&quot;","block_context":{"text":"Am\u00e9nagement","link":"https:\/\/www.enviroscop.fr\/actu\/category\/amenagement\/"},"img":{"alt_text":"Direction Normandie-Centre | Cerema","src":"https:\/\/i0.wp.com\/www.cerema.fr\/sites\/default\/files\/media\/images\/2017\/10\/cerema-NC.jpg?resize=350%2C200&ssl=1","width":350,"height":200,"srcset":"https:\/\/i0.wp.com\/www.cerema.fr\/sites\/default\/files\/media\/images\/2017\/10\/cerema-NC.jpg?resize=350%2C200&ssl=1 1x, https:\/\/i0.wp.com\/www.cerema.fr\/sites\/default\/files\/media\/images\/2017\/10\/cerema-NC.jpg?resize=525%2C300&ssl=1 1.5x"},"classes":[]},{"id":1602,"url":"https:\/\/www.enviroscop.fr\/actu\/2013\/11\/routes-et-biodiversite-picardie-nature-recompensee\/","url_meta":{"origin":4406,"position":2},"title":"Routes et biodiversit\u00e9 : Picardie Nature r\u00e9compens\u00e9e","author":"Enviroscop","date":"21 novembre 2013","format":false,"excerpt":"Ce 19 novembre, l'Institut des routes, des rues et des infrastructures pour la mobilit\u00e9 (Idrrim) a distingu\u00e9 sept projets de pr\u00e9servation de la biodiversit\u00e9.\u00a0 Picardie Nature a re\u00e7u un troph\u00e9e pour son travail avec des agents de voirie du conseil g\u00e9n\u00e9ral de l'Aisne. Cette enqu\u00eate, visant \u00e0 mieux \u00e9valuer la\u2026","rel":"","context":"Dans &quot;biodiversit\u00e9&quot;","block_context":{"text":"biodiversit\u00e9","link":"https:\/\/www.enviroscop.fr\/actu\/category\/nature\/biodiversite\/"},"img":{"alt_text":"","src":"","width":0,"height":0},"classes":[]},{"id":5186,"url":"https:\/\/www.enviroscop.fr\/actu\/2023\/03\/resultats-enquete-mobilite-calvados\/","url_meta":{"origin":4406,"position":3},"title":"R\u00e9sultats enqu\u00eate mobilit\u00e9 : Calvados","author":"Enviroscop","date":"16 mars 2023","format":false,"excerpt":"La communaut\u00e9 urbaine de Caen la mer, avec le concours de l\u2019\u00c9tat, de la r\u00e9gion Normandie et du d\u00e9partement du Calvados, a lanc\u00e9 \u00e0 partir de f\u00e9vrier 2022 une enqu\u00eate de mobilit\u00e9 certifi\u00e9e CEREMA (EMC\u00b2), anciennement enqu\u00eate m\u00e9nages d\u00e9placements, \u00e0 l\u2019\u00e9chelle du Calvados et dont la derni\u00e8re \u00e9dition datait de\u2026","rel":"","context":"Dans &quot;D\u00e9placements&quot;","block_context":{"text":"D\u00e9placements","link":"https:\/\/www.enviroscop.fr\/actu\/category\/activite\/transport\/deplacements\/"},"img":{"alt_text":"","src":"https:\/\/i0.wp.com\/www.aucame.fr\/images\/catalogue\/produit\/1678094896-flash41-emd-calvados-fiche.JPG?resize=350%2C200&ssl=1","width":350,"height":200},"classes":[]},{"id":2062,"url":"https:\/\/www.enviroscop.fr\/actu\/2014\/09\/energies-renouvelables-le-financement-participatif-bientot-facilite\/","url_meta":{"origin":4406,"position":4},"title":"Energies renouvelables : le financement participatif bient\u00f4t facilit\u00e9","author":"Enviroscop","date":"23 septembre 2014","format":false,"excerpt":"\u00a9 imagedepotpro Apr\u00e8s avoir recueilli 6,5 millions d'euros lors de deux\u00a0collectes d'investissements citoyens\u00a0en 2011 et 2012, le fonds d'investissement Energie partag\u00e9e r\u00e9cidive, en lan\u00e7ant une troisi\u00e8me collecte.\u00a0\"L'objectif est de collecter trois millions d'euros pour financer en fonds propre les nombreux projets citoyens en attente de soutien\", souligne le mouvement. Jusqu'ici,\u2026","rel":"","context":"Dans &quot;Concertation&quot;","block_context":{"text":"Concertation","link":"https:\/\/www.enviroscop.fr\/actu\/category\/concertation\/"},"img":{"alt_text":"Energies renouvelables : le financement participatif bient\u00f4t facilit\u00e9","src":"https:\/\/i0.wp.com\/www.actu-environnement.com\/images\/illustrations\/news\/22717_une.jpg?resize=350%2C200","width":350,"height":200,"srcset":"https:\/\/i0.wp.com\/www.actu-environnement.com\/images\/illustrations\/news\/22717_une.jpg?resize=350%2C200 1x, https:\/\/i0.wp.com\/www.actu-environnement.com\/images\/illustrations\/news\/22717_une.jpg?resize=525%2C300 1.5x"},"classes":[]},{"id":4496,"url":"https:\/\/www.enviroscop.fr\/actu\/2021\/11\/prise-en-compte-de-la-biodiversite-dans-les-projets-terrestres-normands\/","url_meta":{"origin":4406,"position":5},"title":"Prise en compte de la biodiversit\u00e9 dans les projets terrestres normands","author":"Enviroscop","date":"15 novembre 2021","format":false,"excerpt":"Le service ressources naturelles de la DREAL vous annonce la parution des 2 premiers volets du guide de prise en compte de la biodiversit\u00e9 dans les projets terrestres normands. Ce guide est principalement destin\u00e9\u00a0\u00a0: aux porteurs de projets pour leur permettre d\u2019appr\u00e9hender les enjeux de la biodiversit\u00e9 et de leur\u2026","rel":"","context":"Dans &quot;Am\u00e9nagement&quot;","block_context":{"text":"Am\u00e9nagement","link":"https:\/\/www.enviroscop.fr\/actu\/category\/amenagement\/"},"img":{"alt_text":"","src":"","width":0,"height":0},"classes":[]}],"jetpack_sharing_enabled":true,"_links":{"self":[{"href":"https:\/\/www.enviroscop.fr\/actu\/wp-json\/wp\/v2\/posts\/4406","targetHints":{"allow":["GET"]}}],"collection":[{"href":"https:\/\/www.enviroscop.fr\/actu\/wp-json\/wp\/v2\/posts"}],"about":[{"href":"https:\/\/www.enviroscop.fr\/actu\/wp-json\/wp\/v2\/types\/post"}],"author":[{"embeddable":true,"href":"https:\/\/www.enviroscop.fr\/actu\/wp-json\/wp\/v2\/users\/1"}],"replies":[{"embeddable":true,"href":"https:\/\/www.enviroscop.fr\/actu\/wp-json\/wp\/v2\/comments?post=4406"}],"version-history":[{"count":1,"href":"https:\/\/www.enviroscop.fr\/actu\/wp-json\/wp\/v2\/posts\/4406\/revisions"}],"predecessor-version":[{"id":4408,"href":"https:\/\/www.enviroscop.fr\/actu\/wp-json\/wp\/v2\/posts\/4406\/revisions\/4408"}],"wp:attachment":[{"href":"https:\/\/www.enviroscop.fr\/actu\/wp-json\/wp\/v2\/media?parent=4406"}],"wp:term":[{"taxonomy":"category","embeddable":true,"href":"https:\/\/www.enviroscop.fr\/actu\/wp-json\/wp\/v2\/categories?post=4406"},{"taxonomy":"post_tag","embeddable":true,"href":"https:\/\/www.enviroscop.fr\/actu\/wp-json\/wp\/v2\/tags?post=4406"}],"curies":[{"name":"wp","href":"https:\/\/api.w.org\/{rel}","templated":true}]}}