{"id":4420,"date":"2021-09-21T12:31:04","date_gmt":"2021-09-21T11:31:04","guid":{"rendered":"http:\/\/www.enviroscop.fr\/actu\/?p=4420"},"modified":"2021-09-21T12:31:04","modified_gmt":"2021-09-21T11:31:04","slug":"bilan-2018-de-la-production-de-dechets-en-france","status":"publish","type":"post","link":"https:\/\/www.enviroscop.fr\/actu\/2021\/09\/bilan-2018-de-la-production-de-dechets-en-france\/","title":{"rendered":"Bilan 2018 de la production de d\u00e9chets en France"},"content":{"rendered":"<p>Tous les deux ans, la France, conform\u00e9ment \u00e0 la r\u00e9glementation europ\u00e9enne, pr\u00e9sente un bilan de la production de d\u00e9chets et de leurs traitements. En 2018, 343 millions de tonnes de d\u00e9chets ont \u00e9t\u00e9 produites, soit une augmentation de 6,4 % par rapport \u00e0 2016. Les d\u00e9chets min\u00e9raux repr\u00e9sentent pr\u00e8s de 69 % des tonnages, les autres d\u00e9chets non dangereux, 28 %, et les d\u00e9chets dangereux, 3 %.<\/p>\n<div id=\"attachment_4421\" style=\"width: 2034px\" class=\"wp-caption alignleft\"><img data-recalc-dims=\"1\" loading=\"lazy\" decoding=\"async\" aria-describedby=\"caption-attachment-4421\" data-attachment-id=\"4421\" data-permalink=\"https:\/\/www.enviroscop.fr\/actu\/2021\/09\/bilan-2018-de-la-production-de-dechets-en-france\/capture-decran-2021-09-21-132748\/\" data-orig-file=\"https:\/\/i0.wp.com\/www.enviroscop.fr\/actu\/wp-content\/uploads\/2021\/09\/Capture-decran-2021-09-21-132748.jpg?fit=2034%2C1450&amp;ssl=1\" data-orig-size=\"2034,1450\" data-comments-opened=\"1\" data-image-meta=\"{&quot;aperture&quot;:&quot;0&quot;,&quot;credit&quot;:&quot;&quot;,&quot;camera&quot;:&quot;&quot;,&quot;caption&quot;:&quot;&quot;,&quot;created_timestamp&quot;:&quot;0&quot;,&quot;copyright&quot;:&quot;&quot;,&quot;focal_length&quot;:&quot;0&quot;,&quot;iso&quot;:&quot;0&quot;,&quot;shutter_speed&quot;:&quot;0&quot;,&quot;title&quot;:&quot;&quot;,&quot;orientation&quot;:&quot;0&quot;}\" data-image-title=\"Capture d\u2019\u00e9cran 2021-09-21 132748\" data-image-description=\"\" data-image-caption=\"\" data-large-file=\"https:\/\/i0.wp.com\/www.enviroscop.fr\/actu\/wp-content\/uploads\/2021\/09\/Capture-decran-2021-09-21-132748.jpg?fit=750%2C535&amp;ssl=1\" class=\"wp-image-4421 size-full\" src=\"https:\/\/i0.wp.com\/www.enviroscop.fr\/actu\/wp-content\/uploads\/2021\/09\/Capture-decran-2021-09-21-132748.jpg?resize=750%2C535&#038;ssl=1\" alt=\"\" width=\"750\" height=\"535\" srcset=\"https:\/\/i0.wp.com\/www.enviroscop.fr\/actu\/wp-content\/uploads\/2021\/09\/Capture-decran-2021-09-21-132748.jpg?w=2034&amp;ssl=1 2034w, https:\/\/i0.wp.com\/www.enviroscop.fr\/actu\/wp-content\/uploads\/2021\/09\/Capture-decran-2021-09-21-132748.jpg?resize=300%2C214&amp;ssl=1 300w, https:\/\/i0.wp.com\/www.enviroscop.fr\/actu\/wp-content\/uploads\/2021\/09\/Capture-decran-2021-09-21-132748.jpg?resize=1024%2C730&amp;ssl=1 1024w, https:\/\/i0.wp.com\/www.enviroscop.fr\/actu\/wp-content\/uploads\/2021\/09\/Capture-decran-2021-09-21-132748.jpg?resize=768%2C547&amp;ssl=1 768w, https:\/\/i0.wp.com\/www.enviroscop.fr\/actu\/wp-content\/uploads\/2021\/09\/Capture-decran-2021-09-21-132748.jpg?resize=1536%2C1095&amp;ssl=1 1536w, https:\/\/i0.wp.com\/www.enviroscop.fr\/actu\/wp-content\/uploads\/2021\/09\/Capture-decran-2021-09-21-132748.jpg?resize=750%2C535&amp;ssl=1 750w\" sizes=\"auto, (max-width: 750px) 100vw, 750px\" \/><p id=\"caption-attachment-4421\" class=\"wp-caption-text\">Evolution de la production de d\u00e9chets entre 2016 et 2018, Source : DATALAB 2021<\/p><\/div>\n<p>343 millions de tonnes (Mt) de d\u00e9chets ont \u00e9t\u00e9 produites en France en 2018, soit une augmentation de 6,4 % par rapport \u00e0 2016. Cette \u00e9volution est principalement imputable au secteur de la construction (+ 7,1 %), ce dernier \u00e9tant \u00e0 l\u2019origine de 70 % des d\u00e9chets.<\/p>\n<p>Pour en savoir plus, <a href=\"https:\/\/www.statistiques.developpement-durable.gouv.fr\/sites\/default\/files\/2021-06\/datalab_essentiel_249_bilan_2018_dechets_juin2021.pdf\" target=\"_blank\" rel=\"noopener\">t\u00e9l\u00e9chargez la note du Minist\u00e8re par le DataLab<\/a><\/p>\n","protected":false},"excerpt":{"rendered":"<p>Tous les deux ans, la France, conform\u00e9ment \u00e0 la r\u00e9glementation europ\u00e9enne, pr\u00e9sente un bilan de la production de d\u00e9chets et de leurs traitements. En 2018, 343 millions de tonnes de d\u00e9chets ont \u00e9t\u00e9 produites, soit une augmentation de 6,4 % par rapport \u00e0 2016. Les d\u00e9chets min\u00e9raux repr\u00e9sentent pr\u00e8s de 69 % des tonnages, les &hellip; <\/p>\n<p><a class=\"more-link btn\" href=\"https:\/\/www.enviroscop.fr\/actu\/2021\/09\/bilan-2018-de-la-production-de-dechets-en-france\/\">Lire la suite<\/a><\/p>\n","protected":false},"author":1,"featured_media":0,"comment_status":"open","ping_status":"open","sticky":false,"template":"","format":"standard","meta":{"jetpack_post_was_ever_published":false,"_jetpack_newsletter_access":"","_jetpack_dont_email_post_to_subs":false,"_jetpack_newsletter_tier_id":0,"_jetpack_memberships_contains_paywalled_content":false,"_jetpack_memberships_contains_paid_content":false,"footnotes":"","jetpack_publicize_message":"","jetpack_publicize_feature_enabled":true,"jetpack_social_post_already_shared":true,"jetpack_social_options":{"image_generator_settings":{"template":"highway","default_image_id":0,"font":"","enabled":false},"version":2}},"categories":[17,22,68,33,64],"tags":[],"class_list":["post-4420","post","type-post","status-publish","format-standard","hentry","category-dechets","category-economie","category-france","category-indicateur","category-infographie","item-wrap"],"jetpack_publicize_connections":[],"jetpack_featured_media_url":"","jetpack_shortlink":"https:\/\/wp.me\/p3rXAp-19i","jetpack_likes_enabled":true,"jetpack-related-posts":[{"id":154,"url":"https:\/\/www.enviroscop.fr\/actu\/2011\/08\/icpe-et-dechets-adaptation-de-la-procedure\/","url_meta":{"origin":4420,"position":0},"title":"ICPE et d??chets, adaptation de la proc??dure","author":"Enviroscop","date":"11 ao\u00fbt 2011","format":false,"excerpt":"Un arr??t??, paru le 31 juillet, fixe les nouvelles conditions d'admission des d??chets inertes dans les ICPE (rubriques 2515, 2516 et 2517 de la nomenclature des installations class??es). \"Les conditions d'admission des d??chets (???) ont ??t?? f...","rel":"","context":"Dans &quot;D\u00e9chets&quot;","block_context":{"text":"D\u00e9chets","link":"https:\/\/www.enviroscop.fr\/actu\/category\/activite\/dechets\/"},"img":{"alt_text":"","src":"","width":0,"height":0},"classes":[]},{"id":1646,"url":"https:\/\/www.enviroscop.fr\/actu\/2013\/12\/plan-national-de-prevention-des-dechets-consultation-publique\/","url_meta":{"origin":4420,"position":1},"title":"Plan national de pr\u00e9vention des d\u00e9chets : consultation publique","author":"Enviroscop","date":"6 d\u00e9cembre 2013","format":false,"excerpt":"Jusqu'au 4 f\u00e9vrier 2014, le minist\u00e8re de l'Ecologie organise la consultation publique concernant le projet de Plan National de Pr\u00e9vention des D\u00e9chets (PNPD). Ce dernier concerne la gestion de toutes les cat\u00e9gories de d\u00e9chets : min\u00e9raux\/non min\u00e9raux, dangereux \/ non dangereux, m\u00e9nagers : industriels... Or, l'avis de l'Autorit\u00e9 environnementale du\u2026","rel":"","context":"Dans &quot;D\u00e9chets&quot;","block_context":{"text":"D\u00e9chets","link":"https:\/\/www.enviroscop.fr\/actu\/category\/activite\/dechets\/"},"img":{"alt_text":"","src":"","width":0,"height":0},"classes":[]},{"id":2104,"url":"https:\/\/www.enviroscop.fr\/actu\/2014\/10\/le-projet-de-loi-de-transition-energetique-pour-la-croissance-verte-adopte-energies-enerzine-com\/","url_meta":{"origin":4420,"position":2},"title":"Le projet de loi de transition \u00e9nerg\u00e9tique pour la croissance verte adopt\u00e9","author":"Enviroscop","date":"15 octobre 2014","format":false,"excerpt":"Le projet de loi a \u00e9t\u00e9 adopt\u00e9 par l\u2019Assembl\u00e9e Nationale. Il permet une simplification du cadre r\u00e9glementaire des fili\u00e8res \u00e9nergie et fournit des outils concrets pour atteindre les objectifs fix\u00e9s par la loi : R\u00e9duire de 40 % de nos \u00e9missions de gaz \u00e0 effet de serre en 2030 et\u2026","rel":"","context":"Dans &quot;D\u00e9chets&quot;","block_context":{"text":"D\u00e9chets","link":"https:\/\/www.enviroscop.fr\/actu\/category\/activite\/dechets\/"},"img":{"alt_text":"","src":"","width":0,"height":0},"classes":[]},{"id":894,"url":"https:\/\/www.enviroscop.fr\/actu\/2013\/04\/publication-du-plan-national-de-gestion-des-matieres-et-des-dechets-radioactifs-2013-2015-ministere-du-developpement-durable\/","url_meta":{"origin":4420,"position":3},"title":"Publication du Plan National de Gestion des Mati\u00e8res et des D\u00e9chets Radioactifs 2013- 2015 &#8211; Minist\u00e8re du D\u00e9veloppement durable","author":"Enviroscop","date":"26 avril 2013","format":false,"excerpt":"Le minist\u00e8re de l\u2019Ecologie, du D\u00e9veloppement durable et de l\u2019Energie et l\u2019Autorit\u00e9 de s\u00fbret\u00e9 nucl\u00e9aire ASN, publient le Plan National de Gestion des Mati\u00e8res et des D\u00e9chets Radioactifs PNGMDR, pour une gestion int\u00e9gr\u00e9e et coh\u00e9rente de l\u2019ensemble des d\u00e9chets radioactifs. Ce plan est mis \u00e0 jour tous les trois ans\u2026","rel":"","context":"Dans &quot;Energie&quot;","block_context":{"text":"Energie","link":"https:\/\/www.enviroscop.fr\/actu\/category\/energie\/"},"img":{"alt_text":"","src":"","width":0,"height":0},"classes":[]},{"id":2172,"url":"https:\/\/www.enviroscop.fr\/actu\/2014\/12\/arrete-du-12-decembre-2014-relatif-aux-conditions-dadmission-des-dechets-inertes-dans-les-installations-relevant-des-rubriques-2515-2516-2517-et-dans-les-installations-de-stockage-de-dechets-inert\/","url_meta":{"origin":4420,"position":4},"title":"Arr\u00eat\u00e9 du 12 d\u00e9cembre 2014 relatif aux conditions d&rsquo;admission des d\u00e9chets inertes dans les installations relevant des rubriques 2515, 2516, 2517 et dans les installations de stockage de d\u00e9chets inertes relevant de la rubrique 2760 de la nomenclature des installations class\u00e9es","author":"Enviroscop","date":"15 d\u00e9cembre 2014","format":false,"excerpt":"Publics concern\u00e9s : exploitants d'installations relevant des rubriques 2515, 2516, 2517 et exploitants d'installations de stockage de d\u00e9chets inertes relevant de la rubrique 2760 de la nomenclature des installations class\u00e9es. Objet : conditions d'admission des d\u00e9chets dans les installations relevant des rubriques 2515, 2516, 2517 et dans les installations de\u2026","rel":"","context":"Dans &quot;Carri\u00e8res&quot;","block_context":{"text":"Carri\u00e8res","link":"https:\/\/www.enviroscop.fr\/actu\/category\/icpe\/carrieres\/"},"img":{"alt_text":"","src":"","width":0,"height":0},"classes":[]},{"id":2023,"url":"https:\/\/www.enviroscop.fr\/actu\/2014\/08\/sortie-du-statut-de-dechets-des-granulats-issus-du-btp-projet-darrete-en-consultation\/","url_meta":{"origin":4420,"position":5},"title":"Sortie du statut de d\u00e9chets des granulats issus du BTP : projet d&rsquo;arr\u00eat\u00e9 en consultation","author":"Enviroscop","date":"15 ao\u00fbt 2014","format":false,"excerpt":"Le projet d'arr\u00eat\u00e9 fixant les crit\u00e8res de sortie du statut de d\u00e9chet pour les granulats \u00e9labor\u00e9s \u00e0 partir de d\u00e9chets du b\u00e2timent et des travaux publics pour un usage routier a \u00e9t\u00e9 mis en consultation par le Minist\u00e8re de l'Ecologie ce 1er ao\u00fbt (consultation jusqu'au 12 septembre). Il\u00a0fixe les crit\u00e8res\u2026","rel":"","context":"Dans &quot;Arr\u00eat\u00e9&quot;","block_context":{"text":"Arr\u00eat\u00e9","link":"https:\/\/www.enviroscop.fr\/actu\/category\/juridique\/arrete\/"},"img":{"alt_text":"","src":"","width":0,"height":0},"classes":[]}],"jetpack_sharing_enabled":true,"_links":{"self":[{"href":"https:\/\/www.enviroscop.fr\/actu\/wp-json\/wp\/v2\/posts\/4420","targetHints":{"allow":["GET"]}}],"collection":[{"href":"https:\/\/www.enviroscop.fr\/actu\/wp-json\/wp\/v2\/posts"}],"about":[{"href":"https:\/\/www.enviroscop.fr\/actu\/wp-json\/wp\/v2\/types\/post"}],"author":[{"embeddable":true,"href":"https:\/\/www.enviroscop.fr\/actu\/wp-json\/wp\/v2\/users\/1"}],"replies":[{"embeddable":true,"href":"https:\/\/www.enviroscop.fr\/actu\/wp-json\/wp\/v2\/comments?post=4420"}],"version-history":[{"count":1,"href":"https:\/\/www.enviroscop.fr\/actu\/wp-json\/wp\/v2\/posts\/4420\/revisions"}],"predecessor-version":[{"id":4422,"href":"https:\/\/www.enviroscop.fr\/actu\/wp-json\/wp\/v2\/posts\/4420\/revisions\/4422"}],"wp:attachment":[{"href":"https:\/\/www.enviroscop.fr\/actu\/wp-json\/wp\/v2\/media?parent=4420"}],"wp:term":[{"taxonomy":"category","embeddable":true,"href":"https:\/\/www.enviroscop.fr\/actu\/wp-json\/wp\/v2\/categories?post=4420"},{"taxonomy":"post_tag","embeddable":true,"href":"https:\/\/www.enviroscop.fr\/actu\/wp-json\/wp\/v2\/tags?post=4420"}],"curies":[{"name":"wp","href":"https:\/\/api.w.org\/{rel}","templated":true}]}}