{"id":4438,"date":"2021-10-06T09:09:59","date_gmt":"2021-10-06T08:09:59","guid":{"rendered":"http:\/\/www.enviroscop.fr\/actu\/?p=4438"},"modified":"2021-10-06T09:09:59","modified_gmt":"2021-10-06T08:09:59","slug":"eolien-barbara-pompili-presente-de-nouvelles-mesures-pour-un-developpement-maitrise-et-responsable-de-la-filiere","status":"publish","type":"post","link":"https:\/\/www.enviroscop.fr\/actu\/2021\/10\/eolien-barbara-pompili-presente-de-nouvelles-mesures-pour-un-developpement-maitrise-et-responsable-de-la-filiere\/","title":{"rendered":"Eolien : Barbara Pompili pr\u00e9sente de nouvelles mesures pour un d\u00e9veloppement \u00ab\u00a0ma\u00eetris\u00e9 et responsable\u00a0\u00bb de la fili\u00e8re"},"content":{"rendered":"<h2 class=\"lead mb-3\"><img data-recalc-dims=\"1\" loading=\"lazy\" decoding=\"async\" data-attachment-id=\"785\" data-permalink=\"https:\/\/www.enviroscop.fr\/actu\/nos-metiers\/nos-prestations\/bases-de-donnees-et-cartographie-georeferencee-des-problematiques-environnementales\/graphique-1\/\" data-orig-file=\"https:\/\/i0.wp.com\/www.enviroscop.fr\/actu\/wp-content\/uploads\/2013\/03\/Graphique-1.png?fit=600%2C327&amp;ssl=1\" data-orig-size=\"600,327\" data-comments-opened=\"1\" data-image-meta=\"{&quot;aperture&quot;:&quot;0&quot;,&quot;credit&quot;:&quot;&quot;,&quot;camera&quot;:&quot;&quot;,&quot;caption&quot;:&quot;&quot;,&quot;created_timestamp&quot;:&quot;0&quot;,&quot;copyright&quot;:&quot;&quot;,&quot;focal_length&quot;:&quot;0&quot;,&quot;iso&quot;:&quot;0&quot;,&quot;shutter_speed&quot;:&quot;0&quot;,&quot;title&quot;:&quot;&quot;}\" data-image-title=\"Graphique 1\" data-image-description=\"\" data-image-caption=\"\" data-large-file=\"https:\/\/i0.wp.com\/www.enviroscop.fr\/actu\/wp-content\/uploads\/2013\/03\/Graphique-1.png?fit=600%2C327&amp;ssl=1\" class=\"alignleft  wp-image-785\" src=\"https:\/\/i0.wp.com\/www.enviroscop.fr\/actu\/wp-content\/uploads\/2013\/03\/Graphique-1.png?resize=393%2C214&#038;ssl=1\" alt=\"\" width=\"393\" height=\"214\" srcset=\"https:\/\/i0.wp.com\/www.enviroscop.fr\/actu\/wp-content\/uploads\/2013\/03\/Graphique-1.png?w=600&amp;ssl=1 600w, https:\/\/i0.wp.com\/www.enviroscop.fr\/actu\/wp-content\/uploads\/2013\/03\/Graphique-1.png?resize=300%2C163&amp;ssl=1 300w\" sizes=\"auto, (max-width: 393px) 100vw, 393px\" \/>A l&rsquo;issue d&rsquo;une rencontre avec les repr\u00e9sentants de la fili\u00e8re ce 5 octobre, la ministre de la Transition \u00e9cologique a pr\u00e9sent\u00e9 de nouvelles mesures pour favoriser l&rsquo;essor \u00ab\u00a0ma\u00eetris\u00e9\u00a0\u00bb des parcs \u00e9oliens, dont le d\u00e9ploiement est jug\u00e9 n\u00e9cessaire pour tenir les objectifs \u00e9nerg\u00e9tiques et climatiques de la France. Pour apaiser les tensions sur certains projets, une fonction de \u00ab\u00a0m\u00e9diateur\u00a0\u00bb de l&rsquo;\u00e9olien va \u00eatre cr\u00e9\u00e9e. Le r\u00f4le des \u00e9lus locaux doit aussi \u00eatre renforc\u00e9 avec l&rsquo;entr\u00e9e en application de plusieurs mesures pr\u00e9vues par la loi Climat et R\u00e9silience.<\/h2>\n<p>Lire l&rsquo;int\u00e9gralit\u00e9 de l&rsquo;article <a href=\"https:\/\/www.banquedesterritoires.fr\/eolien-barbara-pompili-presente-de-nouvelles-mesures-pour-un-developpement-maitrise-et-responsable?pk_campaign=newsletter_quotidienne&amp;pk_kwd=2021-10-05&amp;pk_source=Actualit%C3%A9s_Localtis&amp;pk_medium=newsletter_quotidienne\" target=\"_blank\" rel=\"noopener\">sur le site de la Banque des Territoires<\/a><\/p>\n","protected":false},"excerpt":{"rendered":"<p>A l&rsquo;issue d&rsquo;une rencontre avec les repr\u00e9sentants de la fili\u00e8re ce 5 octobre, la ministre de la Transition \u00e9cologique a pr\u00e9sent\u00e9 de nouvelles mesures pour favoriser l&rsquo;essor \u00ab\u00a0ma\u00eetris\u00e9\u00a0\u00bb des parcs \u00e9oliens, dont le d\u00e9ploiement est jug\u00e9 n\u00e9cessaire pour tenir les objectifs \u00e9nerg\u00e9tiques et climatiques de la France. Pour apaiser les tensions sur certains projets, une &hellip; <\/p>\n<p><a class=\"more-link btn\" href=\"https:\/\/www.enviroscop.fr\/actu\/2021\/10\/eolien-barbara-pompili-presente-de-nouvelles-mesures-pour-un-developpement-maitrise-et-responsable-de-la-filiere\/\">Lire la suite<\/a><\/p>\n","protected":false},"author":1,"featured_media":0,"comment_status":"open","ping_status":"open","sticky":false,"template":"","format":"standard","meta":{"jetpack_post_was_ever_published":false,"_jetpack_newsletter_access":"","_jetpack_dont_email_post_to_subs":false,"_jetpack_newsletter_tier_id":0,"_jetpack_memberships_contains_paywalled_content":false,"_jetpack_memberships_contains_paid_content":false,"footnotes":"","jetpack_publicize_message":"","jetpack_publicize_feature_enabled":true,"jetpack_social_post_already_shared":true,"jetpack_social_options":{"image_generator_settings":{"template":"highway","default_image_id":0,"font":"","enabled":false},"version":2}},"categories":[4,15,7,8,10,68,30,38],"tags":[],"class_list":["post-4438","post","type-post","status-publish","format-standard","hentry","category-air","category-climat","category-energie","category-eolien","category-evaluation","category-france","category-guide","category-ministere","item-wrap"],"jetpack_publicize_connections":[],"jetpack_featured_media_url":"","jetpack_shortlink":"https:\/\/wp.me\/p3rXAp-19A","jetpack_likes_enabled":true,"jetpack-related-posts":[{"id":2517,"url":"https:\/\/www.enviroscop.fr\/actu\/2015\/11\/la-france-exemplaire-pour-le-climat-segolene-royal-presente-lapplication-les-nouvelles-actions-pour-la-transition-energetique-pour-la-croissance-verte-a-15-jours-de-la-cop21\/","url_meta":{"origin":4438,"position":0},"title":"La France exemplaire pour le climat : S\u00e9gol\u00e8ne Royal pr\u00e9sente l\u2019application et les nouvelles actions pour la transition \u00e9nerg\u00e9tique pour la croissance verte \u00e0 15 jours de la COP21","author":"Enviroscop","date":"19 novembre 2015","format":false,"excerpt":"\u00ab\u00a0La France est pleinement mobilis\u00e9e pour obtenir un accord ambitieux sur le climat permettant de contenir le r\u00e9chauffement climatique sous les 2\u00b0C et pr\u00e9parer l\u2019apr\u00e8s-p\u00e9trole.\u00a0\u00bb \u00a0La loi de transition \u00e9nerg\u00e9tique pour la croissance verte permet \u00e0 la France d\u2019\u00eatre \u00e0 la hauteur pour accueillir la Conf\u00e9rence Paris Climat, gr\u00e2ce \u00e0\u2026","rel":"","context":"Dans &quot;ADEME&quot;","block_context":{"text":"ADEME","link":"https:\/\/www.enviroscop.fr\/actu\/category\/source\/ademe\/"},"img":{"alt_text":"","src":"","width":0,"height":0},"classes":[]},{"id":5374,"url":"https:\/\/www.enviroscop.fr\/actu\/2023\/11\/observatoire-de-leolien-2023\/","url_meta":{"origin":4438,"position":1},"title":"Observatoire de l\u2019\u00e9olien 2023","author":"Enviroscop","date":"13 novembre 2023","format":false,"excerpt":"Etablie en association avec\u00a0Capgemini Invent, l\u2019\u00e9dition 2023 de l\u2019Observatoire permet d\u2019\u00e9valuer les emplois et le march\u00e9 de l\u2019\u00e9olien en France. Avec un total de 28 266 emplois en France, l\u2019\u00e9olien est le premier employeur des \u00e9nergies renouvelables \u00e9lectriques dans notre pays et s\u2019impose comme un levier de cr\u00e9ation d\u2019emplois durables\u2026","rel":"","context":"Dans &quot;Economie&quot;","block_context":{"text":"Economie","link":"https:\/\/www.enviroscop.fr\/actu\/category\/activite\/economie\/"},"img":{"alt_text":"","src":"https:\/\/i0.wp.com\/fee.asso.fr\/wp-content\/uploads\/2023\/10\/diapositive2.png?resize=350%2C200&ssl=1","width":350,"height":200,"srcset":"https:\/\/i0.wp.com\/fee.asso.fr\/wp-content\/uploads\/2023\/10\/diapositive2.png?resize=350%2C200&ssl=1 1x, https:\/\/i0.wp.com\/fee.asso.fr\/wp-content\/uploads\/2023\/10\/diapositive2.png?resize=525%2C300&ssl=1 1.5x, https:\/\/i0.wp.com\/fee.asso.fr\/wp-content\/uploads\/2023\/10\/diapositive2.png?resize=700%2C400&ssl=1 2x, https:\/\/i0.wp.com\/fee.asso.fr\/wp-content\/uploads\/2023\/10\/diapositive2.png?resize=1050%2C600&ssl=1 3x"},"classes":[]},{"id":2993,"url":"https:\/\/www.enviroscop.fr\/actu\/2018\/02\/energies-renouvelables-deux-projets-de-mesures-de-simplification-pour-le-raccordement-des-installations-pour-le-permis-de-construire-eolien\/","url_meta":{"origin":4438,"position":2},"title":"Energies renouvelables : deux projets de mesures de simplification pour le raccordement des installations et pour le permis de construire \u00e9olien","author":"Enviroscop","date":"6 f\u00e9vrier 2018","format":false,"excerpt":"Le 30 janvier 2018, l'Assembl\u00e9e nationale a adopt\u00e9 en premi\u00e8re lecture, le\u00a0projet de loi \"pour un Etat au service d\u2019une soci\u00e9t\u00e9 de confiance\". Les d\u00e9put\u00e9s ont vot\u00e9 plusieurs amendements qui introduisent dans ce texte de nouvelles mesures de simplification pour la production d'\u00e9nergie renouvelable. R\u00e9sum\u00e9. Le projet de loi vot\u00e9\u2026","rel":"","context":"Dans &quot;Energie&quot;","block_context":{"text":"Energie","link":"https:\/\/www.enviroscop.fr\/actu\/category\/energie\/"},"img":{"alt_text":"","src":"","width":0,"height":0},"classes":[]},{"id":1495,"url":"https:\/\/www.enviroscop.fr\/actu\/2013\/10\/assouplissement-des-regles-a-linstallation-deoliennes-terrestres\/","url_meta":{"origin":4438,"position":3},"title":"Assouplissement des r\u00e8gles \u00e0 l&rsquo;installation d&rsquo;\u00e9oliennes terrestres","author":"Enviroscop","date":"3 octobre 2013","format":false,"excerpt":"L'Assembl\u00e9e nationale a adopt\u00e9 dans la nuit de lundi, l'article 14 du projet de loi d'habilitation \u00e0 prendre par ordonnances diverses mesures de simplification et de s\u00e9curisation de la vie des entreprises. Cet article habilite le Gouvernement \u00e0 exp\u00e9rimenter une \u00ab autorisation unique \u00bb pour les parcs \u00e9oliens dans les\u2026","rel":"","context":"Dans &quot;Energie&quot;","block_context":{"text":"Energie","link":"https:\/\/www.enviroscop.fr\/actu\/category\/energie\/"},"img":{"alt_text":"eole3","src":"https:\/\/i0.wp.com\/www.enviroscop.fr\/actu\/wp-content\/uploads\/2013\/04\/eole3.jpg?resize=350%2C200","width":350,"height":200},"classes":[]},{"id":1817,"url":"https:\/\/www.enviroscop.fr\/actu\/2014\/02\/le-doublement-du-parc-eolien-naurait-quun-faible-impact-sur-le-climat-europeen\/","url_meta":{"origin":4438,"position":4},"title":"Le doublement du parc \u00e9olien n&rsquo;aurait qu&rsquo;un faible impact sur le climat europ\u00e9en","author":"Enviroscop","date":"13 f\u00e9vrier 2014","format":false,"excerpt":"L'implantation de champs d'\u00e9oliennes en Europe ne semble pas induire de modification significative du climat, et ne devrait pas en entra\u00eener d'ici \u00e0 2020. Telles sont les conclusions d'une \u00e9tude men\u00e9e par le CNRS, le CEA, l'UVSQ, l'Ineris et l'ENEA, publi\u00e9e dans la revue\u00a0Nature communication\u00a0du 11 f\u00e9vrier. Malgr\u00e9 un\u00a0ralentissement\u00a0de la\u2026","rel":"","context":"Dans &quot;Climat&quot;","block_context":{"text":"Climat","link":"https:\/\/www.enviroscop.fr\/actu\/category\/climat\/"},"img":{"alt_text":"","src":"","width":0,"height":0},"classes":[]},{"id":4578,"url":"https:\/\/www.enviroscop.fr\/actu\/2022\/01\/biodiversite-breves-reflexions-sur-la-maitrise-fonciere-des-terrains-requis-pour-la-realisation-des-mesures-compensatoires\/","url_meta":{"origin":4438,"position":5},"title":"Biodiversit\u00e9 : br\u00e8ves r\u00e9flexions sur la ma\u00eetrise fonci\u00e8re des terrains requis pour la r\u00e9alisation des mesures compensatoires","author":"Enviroscop","date":"11 janvier 2022","format":false,"excerpt":"Le cabinet Gossement Avocats est fr\u00e9quemment interrog\u00e9 par des ma\u00eetres d\u2019ouvrage, publics ou priv\u00e9s, confront\u00e9s \u00e0 la n\u00e9cessit\u00e9 de mettre en \u0153uvre des mesures visant \u00e0 compenser les atteintes \u00e0 la biodiversit\u00e9 g\u00e9n\u00e9r\u00e9es par la r\u00e9alisation du projet ou des travaux. L\u2019article 69 de la loi n\u00b0 2016-1087 du 8\u2026","rel":"","context":"Dans &quot;droit&quot;","block_context":{"text":"droit","link":"https:\/\/www.enviroscop.fr\/actu\/category\/juridique\/droit\/"},"img":{"alt_text":"","src":"https:\/\/i0.wp.com\/www.enviroscop.fr\/actu\/wp-content\/uploads\/2013\/05\/17141_une.jpg?resize=350%2C200","width":350,"height":200},"classes":[]}],"jetpack_sharing_enabled":true,"_links":{"self":[{"href":"https:\/\/www.enviroscop.fr\/actu\/wp-json\/wp\/v2\/posts\/4438","targetHints":{"allow":["GET"]}}],"collection":[{"href":"https:\/\/www.enviroscop.fr\/actu\/wp-json\/wp\/v2\/posts"}],"about":[{"href":"https:\/\/www.enviroscop.fr\/actu\/wp-json\/wp\/v2\/types\/post"}],"author":[{"embeddable":true,"href":"https:\/\/www.enviroscop.fr\/actu\/wp-json\/wp\/v2\/users\/1"}],"replies":[{"embeddable":true,"href":"https:\/\/www.enviroscop.fr\/actu\/wp-json\/wp\/v2\/comments?post=4438"}],"version-history":[{"count":1,"href":"https:\/\/www.enviroscop.fr\/actu\/wp-json\/wp\/v2\/posts\/4438\/revisions"}],"predecessor-version":[{"id":4439,"href":"https:\/\/www.enviroscop.fr\/actu\/wp-json\/wp\/v2\/posts\/4438\/revisions\/4439"}],"wp:attachment":[{"href":"https:\/\/www.enviroscop.fr\/actu\/wp-json\/wp\/v2\/media?parent=4438"}],"wp:term":[{"taxonomy":"category","embeddable":true,"href":"https:\/\/www.enviroscop.fr\/actu\/wp-json\/wp\/v2\/categories?post=4438"},{"taxonomy":"post_tag","embeddable":true,"href":"https:\/\/www.enviroscop.fr\/actu\/wp-json\/wp\/v2\/tags?post=4438"}],"curies":[{"name":"wp","href":"https:\/\/api.w.org\/{rel}","templated":true}]}}