{"id":4447,"date":"2021-10-11T08:10:23","date_gmt":"2021-10-11T07:10:23","guid":{"rendered":"http:\/\/www.enviroscop.fr\/actu\/?p=4447"},"modified":"2021-10-11T08:10:23","modified_gmt":"2021-10-11T07:10:23","slug":"les-premiers-retours-de-letude-zebu-zone-dexpansion-des-crues-et-biodiversite-urbaine","status":"publish","type":"post","link":"https:\/\/www.enviroscop.fr\/actu\/2021\/10\/les-premiers-retours-de-letude-zebu-zone-dexpansion-des-crues-et-biodiversite-urbaine\/","title":{"rendered":"Les premiers retours de l\u2019\u00e9tude ZEBU (Zone d\u2019expansion des crues et biodiversit\u00e9 urbaine)"},"content":{"rendered":"<div id=\"c39376\" class=\"frame frame-default frame-type-text frame-layout-0  clearfix\">\n<p>Dans le cadre de son cycle de conf\u00e9rences \u00e0 destination du grand public, l&rsquo;ARB \u00cele-de-France vous invite en ligne\u00a0<strong>Jeudi\u00a014\u00a0octobre\u00a0de 18h \u00e0 19h30\u00a0<\/strong>\u00e0 d\u00e9couvrir\u00a0les premiers r\u00e9sultats\u00a0de l\u2019\u00e9tude\u00a0ZEBU lanc\u00e9e sur\u00a0la zone d\u2019expansion des crues\u00a0de\u00a0Gonesse\u00a0en 2020.<\/p>\n<h4>Jeudi\u00a014 octobre<\/h4>\n<p>De 18 h \u00e0 19 h 30 en visioconf\u00e9rence<\/p>\n<p><strong><a class=\"external-link\" href=\"https:\/\/primetime.bluejeans.com\/a2m\/register\/ykyyuhcs\" target=\"_blank\" rel=\"noopener\">S&rsquo;inscrire \u00e0 la conf\u00e9rence<\/a><\/strong><\/p>\n<p lang=\"FR-FR\" xml:lang=\"FR-FR\">Conf\u00e9rence anim\u00e9e par Hemminki Johan, ARB \u00eedF avec la participation d&rsquo;Eric Chanal,\u00a0<a href=\"https:\/\/www.siah-croult.org\/\" target=\"_blank\" rel=\"noopener\">SIAH-Croult<\/a>\u00a0et\u00a0Pierre Rivallin,\u00a0<a href=\"https:\/\/www.ahecologie.fr\/ecolo-gie\" target=\"_blank\" rel=\"noopener\">Ecolo Gie<\/a>.<\/p>\n<\/div>\n<div id=\"c39375\" class=\"frame frame-default frame-type-image frame-layout-0  clearfix\">\n<div class=\"ce-image ce-center ce-above\">\n<div class=\"ce-gallery\" data-ce-columns=\"1\" data-ce-images=\"1\">\n<div class=\"ce-outer\">\n<div class=\"ce-inner\">\n<div class=\"ce-row\">\n<div class=\"ce-column\">\n<figure class=\"image\"><a class=\"fancybox\" href=\"https:\/\/i0.wp.com\/www.arb-idf.fr\/fileadmin\/DataStorage\/user_upload\/AFFICH-conf-pub-zebu.png?ssl=1\" data-fancybox-group=\"gallery\"><img data-recalc-dims=\"1\" loading=\"lazy\" decoding=\"async\" class=\"image-embed-item\" src=\"https:\/\/i0.wp.com\/www.arb-idf.fr\/fileadmin\/DataStorage\/_processed_\/f\/4\/csm_AFFICH-conf-pub-zebu_14f80165fb.png?resize=750%2C561&#038;ssl=1\" alt=\"\" width=\"750\" height=\"561\" \/><\/a><figcaption class=\"image-caption\">Zone d\u2019expansion des crues \u00e0 Gonesse\u00a0\u00a9 Gilles Lecuir<\/p>\n<\/figcaption><\/figure>\n<\/div>\n<\/div>\n<\/div>\n<\/div>\n<\/div>\n<\/div>\n<\/div>\n","protected":false},"excerpt":{"rendered":"<p>Dans le cadre de son cycle de conf\u00e9rences \u00e0 destination du grand public, l&rsquo;ARB \u00cele-de-France vous invite en ligne\u00a0Jeudi\u00a014\u00a0octobre\u00a0de 18h \u00e0 19h30\u00a0\u00e0 d\u00e9couvrir\u00a0les premiers r\u00e9sultats\u00a0de l\u2019\u00e9tude\u00a0ZEBU lanc\u00e9e sur\u00a0la zone d\u2019expansion des crues\u00a0de\u00a0Gonesse\u00a0en 2020. Jeudi\u00a014 octobre De 18 h \u00e0 19 h 30 en visioconf\u00e9rence S&rsquo;inscrire \u00e0 la conf\u00e9rence Conf\u00e9rence anim\u00e9e par Hemminki Johan, ARB \u00eedF &hellip; <\/p>\n<p><a class=\"more-link btn\" href=\"https:\/\/www.enviroscop.fr\/actu\/2021\/10\/les-premiers-retours-de-letude-zebu-zone-dexpansion-des-crues-et-biodiversite-urbaine\/\">Lire la suite<\/a><\/p>\n","protected":false},"author":1,"featured_media":0,"comment_status":"open","ping_status":"open","sticky":false,"template":"","format":"standard","meta":{"jetpack_post_was_ever_published":false,"_jetpack_newsletter_access":"","_jetpack_dont_email_post_to_subs":false,"_jetpack_newsletter_tier_id":0,"_jetpack_memberships_contains_paywalled_content":false,"_jetpack_memberships_contains_paid_content":false,"footnotes":"","jetpack_publicize_message":"","jetpack_publicize_feature_enabled":true,"jetpack_social_post_already_shared":true,"jetpack_social_options":{"image_generator_settings":{"template":"highway","default_image_id":0,"font":"","enabled":false},"version":2}},"categories":[11,21,30,33,67,41,42,46,53,59],"tags":[],"class_list":["post-4447","post","type-post","status-publish","format-standard","hentry","category-biodiversite","category-eau","category-guide","category-indicateur","category-nature","category-paysage","category-pedagogie","category-risque","category-trames-verte-et-bleue","category-zones-humides","item-wrap"],"jetpack_publicize_connections":[],"jetpack_featured_media_url":"","jetpack_shortlink":"https:\/\/wp.me\/p3rXAp-19J","jetpack_likes_enabled":true,"jetpack-related-posts":[{"id":4381,"url":"https:\/\/www.enviroscop.fr\/actu\/2021\/08\/preserver-les-zones-humides-pour-la-gestion-des-crues-et-des-eaux-pluviales\/","url_meta":{"origin":4447,"position":0},"title":"Pr\u00e9server les zones humides pour la gestion des crues et des eaux pluviales","author":"Enviroscop","date":"30 ao\u00fbt 2021","format":false,"excerpt":"Les zones humides, en plus d'\u00eatre des r\u00e9servoirs de biodiversit\u00e9, jouent un r\u00f4le essentiel pour la gestion des crues et des eaux pluviales. Leur pr\u00e9servation et restauration permettent d'agir sur la r\u00e9gulation des d\u00e9bits, le ruissellement, le risque d'inondations, etc. Le Cerema et IdealCO proposent le 19 octobre une formation\u2026","rel":"","context":"Dans &quot;Eau&quot;","block_context":{"text":"Eau","link":"https:\/\/www.enviroscop.fr\/actu\/category\/compartiments\/eau\/"},"img":{"alt_text":"Une zone humide, c&#39;est quoi ? | Eau et Rivi\u00e8res de Bretagne","src":"https:\/\/i0.wp.com\/www.eau-et-rivieres.org\/sites\/erb.fr\/files\/article\/zone_humides_def.jpg?resize=350%2C200&ssl=1","width":350,"height":200},"classes":[]},{"id":1881,"url":"https:\/\/www.enviroscop.fr\/actu\/2014\/04\/les-premiers-recifs-artificiels-normands-au-large-detretat\/","url_meta":{"origin":4447,"position":1},"title":"Les premiers r\u00e9cifs artificiels normands au large d\u2019Etretat","author":"Enviroscop","date":"8 avril 2014","format":false,"excerpt":"A l\u2019initiative de la CCI de F\u00e9camp Bolbec (76), ont \u00e9t\u00e9 immerg\u00e9s en 2008 et \u00e0 titre exp\u00e9rimental, des r\u00e9cifs artificiels au large d\u2019Etretat. Le suivi scientifique permet, d\u2019ores et d\u00e9j\u00e0, de v\u00e9rifier le d\u00e9veloppement de la flore et de la faune. Dans la perspective de l\u2019implantation du futur parc\u2026","rel":"","context":"Dans &quot;biodiversit\u00e9&quot;","block_context":{"text":"biodiversit\u00e9","link":"https:\/\/www.enviroscop.fr\/actu\/category\/nature\/biodiversite\/"},"img":{"alt_text":"","src":"","width":0,"height":0},"classes":[]},{"id":3890,"url":"https:\/\/www.enviroscop.fr\/actu\/2020\/10\/etat-de-lart-des-impacts-des-energies-renouvelables-sur-la-biodiversite-les-sols-et-les-paysages-et-des-moyens-devaluation-de-ces-impacts\/","url_meta":{"origin":4447,"position":2},"title":"Etat de l&rsquo;art des impacts des \u00e9nergies renouvelables sur la biodiversit\u00e9, les sols et les paysages, et des moyens d&rsquo;\u00e9valuation de ces impacts","author":"Enviroscop","date":"14 octobre 2020","format":false,"excerpt":"Les objectifs de d\u00e9veloppement des \u00e9nergies renouvelables en France pour les p\u00e9riodes 2018-2023 et 2024-2028 ont \u00e9t\u00e9 pr\u00e9sent\u00e9s en novembre 2018 suite \u00e0 la r\u00e9vision de la Programmation Pluriannuelle de l\u2019Energie (PPE). En compl\u00e9ment d\u2019un objectif de r\u00e9duction de moiti\u00e9 de la consommation d\u2019\u00e9nergie sur le territoire d\u2019ici 2050, la\u2026","rel":"","context":"Dans &quot;Energie&quot;","block_context":{"text":"Energie","link":"https:\/\/www.enviroscop.fr\/actu\/category\/energie\/"},"img":{"alt_text":"","src":"https:\/\/i0.wp.com\/www.ademe.fr\/sites\/default\/files\/styles\/ressources_image\/public\/assets\/images\/capture_etude_deloitte.png?resize=350%2C200&ssl=1","width":350,"height":200},"classes":[]},{"id":2398,"url":"https:\/\/www.enviroscop.fr\/actu\/2015\/07\/test\/","url_meta":{"origin":4447,"position":3},"title":"Eclairage du 21\u00e8me si\u00e8cle et biodiversit\u00e9 : une \u00e9tude originale publi\u00e9e par la Mission Economie de la Biodiversit\u00e9 et l&rsquo;ANPCEN","author":"Enviroscop","date":"16 juillet 2015","format":false,"excerpt":"La Mission Economie du Groupe Caisse des D\u00e9p\u00f4ts et l'ANPCEN avaient annonc\u00e9 en 2014 la signature de leur convention de partenariat pour lancer ensemble une \u00e9tude autour des impacts de la lumi\u00e8re sur les esp\u00e8ces, milieux et continuit\u00e9s \u00e9cologiques aquatiques, et par ailleurs rechercher les pistes de financements innovants de\u2026","rel":"","context":"Dans &quot;biodiversit\u00e9&quot;","block_context":{"text":"biodiversit\u00e9","link":"https:\/\/www.enviroscop.fr\/actu\/category\/nature\/biodiversite\/"},"img":{"alt_text":"","src":"https:\/\/i0.wp.com\/www.anpcen.fr\/images\/20150705143248_bkkh0z_image742.png?resize=350%2C200","width":350,"height":200},"classes":[]},{"id":1475,"url":"https:\/\/www.enviroscop.fr\/actu\/2013\/09\/rencontre-biodiversite-urbaine\/","url_meta":{"origin":4447,"position":4},"title":"Rencontre \u00ab\u00a0Biodiversit\u00e9 urbaine\u00a0\u00bb","author":"Enviroscop","date":"26 septembre 2013","format":false,"excerpt":"Jeudi 3 octobre 2013 de 8h30 \u00e0 13h00 \u2013 Parc de la Villette L\u2019Etablissement public du parc et de la grande halle de la Villette organise en collaboration avec l\u2019observatoire d\u00e9partemental de la biodiversit\u00e9 urbaine de la Seine-Saint-Denis, une rencontre sur le th\u00e8me\u00a0: \u00ab\u00a0Biodiversit\u00e9 urbaine\u00a0: enjeux scientifiques et politiques locales\u00a0\u00bb\u2026","rel":"","context":"Dans &quot;Enviroscop&quot;","block_context":{"text":"Enviroscop","link":"https:\/\/www.enviroscop.fr\/actu\/category\/non-classe\/"},"img":{"alt_text":"","src":"","width":0,"height":0},"classes":[]},{"id":3315,"url":"https:\/\/www.enviroscop.fr\/actu\/2019\/05\/etude-dimpact-des-operations-damenagement\/","url_meta":{"origin":4447,"position":5},"title":"Etude d&rsquo;impact des op\u00e9rations d&rsquo;am\u00e9nagement","author":"Enviroscop","date":"22 mai 2019","format":false,"excerpt":"Publics concern\u00e9s : porteurs de projet dans le cadre d'actions ou d'op\u00e9rations d'am\u00e9nagement. Objet : contenu de l'\u00e9tude d'impact pour les actions et op\u00e9rations d'am\u00e9nagement. Entr\u00e9e en vigueur : le d\u00e9cret s'applique aux actions et op\u00e9rations d'am\u00e9nagement pour lesquelles la premi\u00e8re demande d'autorisation intervient \u00e0 compter du 1er octobre 2019\u2026","rel":"","context":"Dans &quot;Am\u00e9nagement&quot;","block_context":{"text":"Am\u00e9nagement","link":"https:\/\/www.enviroscop.fr\/actu\/category\/amenagement\/"},"img":{"alt_text":"","src":"","width":0,"height":0},"classes":[]}],"jetpack_sharing_enabled":true,"_links":{"self":[{"href":"https:\/\/www.enviroscop.fr\/actu\/wp-json\/wp\/v2\/posts\/4447","targetHints":{"allow":["GET"]}}],"collection":[{"href":"https:\/\/www.enviroscop.fr\/actu\/wp-json\/wp\/v2\/posts"}],"about":[{"href":"https:\/\/www.enviroscop.fr\/actu\/wp-json\/wp\/v2\/types\/post"}],"author":[{"embeddable":true,"href":"https:\/\/www.enviroscop.fr\/actu\/wp-json\/wp\/v2\/users\/1"}],"replies":[{"embeddable":true,"href":"https:\/\/www.enviroscop.fr\/actu\/wp-json\/wp\/v2\/comments?post=4447"}],"version-history":[{"count":1,"href":"https:\/\/www.enviroscop.fr\/actu\/wp-json\/wp\/v2\/posts\/4447\/revisions"}],"predecessor-version":[{"id":4448,"href":"https:\/\/www.enviroscop.fr\/actu\/wp-json\/wp\/v2\/posts\/4447\/revisions\/4448"}],"wp:attachment":[{"href":"https:\/\/www.enviroscop.fr\/actu\/wp-json\/wp\/v2\/media?parent=4447"}],"wp:term":[{"taxonomy":"category","embeddable":true,"href":"https:\/\/www.enviroscop.fr\/actu\/wp-json\/wp\/v2\/categories?post=4447"},{"taxonomy":"post_tag","embeddable":true,"href":"https:\/\/www.enviroscop.fr\/actu\/wp-json\/wp\/v2\/tags?post=4447"}],"curies":[{"name":"wp","href":"https:\/\/api.w.org\/{rel}","templated":true}]}}