{"id":4456,"date":"2021-10-20T07:40:52","date_gmt":"2021-10-20T06:40:52","guid":{"rendered":"http:\/\/www.enviroscop.fr\/actu\/?p=4456"},"modified":"2021-10-20T07:40:52","modified_gmt":"2021-10-20T06:40:52","slug":"vers-une-societe-plus-durable-plus-equitable-le-scenario-negawatt-2022","status":"publish","type":"post","link":"https:\/\/www.enviroscop.fr\/actu\/2021\/10\/vers-une-societe-plus-durable-plus-equitable-le-scenario-negawatt-2022\/","title":{"rendered":"Vers une soci\u00e9t\u00e9 plus durable, plus \u00e9quitable : le sc\u00e9nario N\u00e9gawatt 2022"},"content":{"rendered":"<p><img data-recalc-dims=\"1\" loading=\"lazy\" decoding=\"async\" data-attachment-id=\"4457\" data-permalink=\"https:\/\/www.enviroscop.fr\/actu\/2021\/10\/vers-une-societe-plus-durable-plus-equitable-le-scenario-negawatt-2022\/capture-decran-2021-10-20-083410\/\" data-orig-file=\"https:\/\/i0.wp.com\/www.enviroscop.fr\/actu\/wp-content\/uploads\/2021\/10\/Capture-decran-2021-10-20-083410.jpg?fit=905%2C583&amp;ssl=1\" data-orig-size=\"905,583\" data-comments-opened=\"1\" data-image-meta=\"{&quot;aperture&quot;:&quot;0&quot;,&quot;credit&quot;:&quot;&quot;,&quot;camera&quot;:&quot;&quot;,&quot;caption&quot;:&quot;&quot;,&quot;created_timestamp&quot;:&quot;0&quot;,&quot;copyright&quot;:&quot;&quot;,&quot;focal_length&quot;:&quot;0&quot;,&quot;iso&quot;:&quot;0&quot;,&quot;shutter_speed&quot;:&quot;0&quot;,&quot;title&quot;:&quot;&quot;,&quot;orientation&quot;:&quot;0&quot;}\" data-image-title=\"Capture d\u2019\u00e9cran 2021-10-20 083410\" data-image-description=\"\" data-image-caption=\"\" data-large-file=\"https:\/\/i0.wp.com\/www.enviroscop.fr\/actu\/wp-content\/uploads\/2021\/10\/Capture-decran-2021-10-20-083410.jpg?fit=750%2C483&amp;ssl=1\" class=\"alignleft size-full wp-image-4457\" src=\"https:\/\/i0.wp.com\/www.enviroscop.fr\/actu\/wp-content\/uploads\/2021\/10\/Capture-decran-2021-10-20-083410.jpg?resize=750%2C483&#038;ssl=1\" alt=\"\" width=\"750\" height=\"483\" srcset=\"https:\/\/i0.wp.com\/www.enviroscop.fr\/actu\/wp-content\/uploads\/2021\/10\/Capture-decran-2021-10-20-083410.jpg?w=905&amp;ssl=1 905w, https:\/\/i0.wp.com\/www.enviroscop.fr\/actu\/wp-content\/uploads\/2021\/10\/Capture-decran-2021-10-20-083410.jpg?resize=300%2C193&amp;ssl=1 300w, https:\/\/i0.wp.com\/www.enviroscop.fr\/actu\/wp-content\/uploads\/2021\/10\/Capture-decran-2021-10-20-083410.jpg?resize=768%2C495&amp;ssl=1 768w, https:\/\/i0.wp.com\/www.enviroscop.fr\/actu\/wp-content\/uploads\/2021\/10\/Capture-decran-2021-10-20-083410.jpg?resize=750%2C483&amp;ssl=1 750w\" sizes=\"auto, (max-width: 750px) 100vw, 750px\" \/>Le sc\u00e9nario n\u00e9gaWatt s\u2019inscrit dans une d\u00e9marche globale de soutenabilit\u00e9. Il vise \u00e0 r\u00e9pondre aux imp\u00e9ratifs \u00e9nerg\u00e9tiques et climatiques, tout en nous orientant vers une soci\u00e9t\u00e9 plus durable, plus \u00e9quitable et plus r\u00e9siliente, en traitant \u00e9galement les enjeux de biodiversit\u00e9, de pr\u00e9carit\u00e9, de pollution de l\u2019air, etc.<br \/>\nPar sa dimension syst\u00e9mique, ce sc\u00e9nario contribue pleinement \u00e0 l\u2019atteinte des 17 objectifs de d\u00e9veloppement durable d\u00e9finis par l\u2019Organisation des Nations Unies. Ce r\u00e9f\u00e9rentiel, bien qu\u2019ayant ses propres limites, propose un socle pertinent pour consid\u00e9rer la diversit\u00e9 des enjeux sociaux, \u00e9conomiques<br \/>\net environnementaux autour des choix de transition \u00e9nerg\u00e9tique.<\/p>\n<p><em><strong>Dans ce sc\u00e9nario :<\/strong><\/em><\/p>\n<ul>\n<li>L\u2019empreinte environnementale globale de notre syst\u00e8me de production et de consommation est fortement r\u00e9duite : les \u00e9missions nettes de gaz \u00e0 effet de serre deviennent nulles en 2050, le syst\u00e8me \u00e9nerg\u00e9tique est aliment\u00e9 \u00e0 96% par des sources renouvelables, la consommation de mat\u00e9riaux issus de l\u2019extractivisme est fortement r\u00e9duite, la biodiversit\u00e9 et la ressource en eau sont davantage pr\u00e9serv\u00e9es.<\/li>\n<li>De nouvelles dynamiques \u00e9conomiques sont enclench\u00e9es : les strat\u00e9gies industrielles ont sensiblement \u00e9volu\u00e9, l\u2019industrie lourde s\u2019est transform\u00e9e pour produire de mani\u00e8re radicalement moins \u00e9mettrice, les fili\u00e8res de mat\u00e9riaux renouvelables et d\u2019\u00e9nergies renouvelables sont devenues largement comp\u00e9titives, engendrant des retomb\u00e9es \u00e9conomiques pour les territoires, des centaines de milliers d\u2019emplois p\u00e9rennes sont cr\u00e9\u00e9s, et la baisse de la consommation d\u2019\u00e9nergie d\u00e9gage du pouvoir d\u2019achat pour les m\u00e9nages.<\/li>\n<li>Les conditions sociales sont am\u00e9lior\u00e9es : la pr\u00e9carit\u00e9 et la vuln\u00e9rabilit\u00e9 \u00e9nerg\u00e9tiques sont fortement r\u00e9duites, tout comme les in\u00e9galit\u00e9s de ressources et d\u2019acc\u00e8s aux services, offrant \u00e0 l\u2019humanit\u00e9 un espace de vie durablement plus juste et s\u00fbr.<\/li>\n<li>L\u2019ensemble de la population profite d\u2019une meilleure sant\u00e9, gr\u00e2ce \u00e0 une r\u00e9duction globale de la pollution de l\u2019air, de l\u2019eau et des sols, \u00e0 une alimentation et \u00e0 un r\u00e9gime alimentaire bien plus sains ou encore \u00e0 l\u2019utilisation accrue des modes actifs de d\u00e9placement comme le v\u00e9lo et la marche \u00e0 pied.<\/li>\n<\/ul>\n<p>Pour t\u00e9l\u00e9charger<a href=\"https:\/\/www.dropbox.com\/s\/bjcks50fs5eaq93\/synthese-scenario-negawatt-2022.pdf?dl=0\" target=\"_blank\" rel=\"noopener\"> la synth\u00e8se du sc\u00e9nario, c&rsquo;est ici<\/a><\/p>\n","protected":false},"excerpt":{"rendered":"<p>Le sc\u00e9nario n\u00e9gaWatt s\u2019inscrit dans une d\u00e9marche globale de soutenabilit\u00e9. Il vise \u00e0 r\u00e9pondre aux imp\u00e9ratifs \u00e9nerg\u00e9tiques et climatiques, tout en nous orientant vers une soci\u00e9t\u00e9 plus durable, plus \u00e9quitable et plus r\u00e9siliente, en traitant \u00e9galement les enjeux de biodiversit\u00e9, de pr\u00e9carit\u00e9, de pollution de l\u2019air, etc. Par sa dimension syst\u00e9mique, ce sc\u00e9nario contribue pleinement &hellip; <\/p>\n<p><a class=\"more-link btn\" href=\"https:\/\/www.enviroscop.fr\/actu\/2021\/10\/vers-une-societe-plus-durable-plus-equitable-le-scenario-negawatt-2022\/\">Lire la suite<\/a><\/p>\n","protected":false},"author":1,"featured_media":0,"comment_status":"open","ping_status":"open","sticky":false,"template":"","format":"standard","meta":{"jetpack_post_was_ever_published":false,"_jetpack_newsletter_access":"","_jetpack_dont_email_post_to_subs":false,"_jetpack_newsletter_tier_id":0,"_jetpack_memberships_contains_paywalled_content":false,"_jetpack_memberships_contains_paid_content":false,"footnotes":"","jetpack_publicize_message":"","jetpack_publicize_feature_enabled":true,"jetpack_social_post_already_shared":true,"jetpack_social_options":{"image_generator_settings":{"template":"highway","default_image_id":0,"font":"","enabled":false},"version":2}},"categories":[4,15,7,68,30,64],"tags":[],"class_list":["post-4456","post","type-post","status-publish","format-standard","hentry","category-air","category-climat","category-energie","category-france","category-guide","category-infographie","item-wrap"],"jetpack_publicize_connections":[],"jetpack_featured_media_url":"","jetpack_shortlink":"https:\/\/wp.me\/p3rXAp-19S","jetpack_likes_enabled":true,"jetpack-related-posts":[{"id":4340,"url":"https:\/\/www.enviroscop.fr\/actu\/2021\/07\/4340\/","url_meta":{"origin":4456,"position":0},"title":"La m\u00e9thanisation dans le mix \u00e9nerg\u00e9tique fran\u00e7ais : enjeux, impacts et propositions","author":"Enviroscop","date":"13 juillet 2021","format":false,"excerpt":"Solagro et l\u2019Association n\u00e9gaWatt pr\u00e9sentent ici une contribution commune. La place de la m\u00e9thanisation dans le sc\u00e9nario n\u00e9gaWatt est tr\u00e8s \u00e9troitement li\u00e9e au sc\u00e9nario Afterres2050 r\u00e9alis\u00e9 par Solagro. La compl\u00e9mentarit\u00e9 des expertises de n\u00e9gaWatt et de Solagro dans les domaines de l\u2019\u00e9nergie et de l\u2019agriculture, permet une approche syst\u00e9mique des\u2026","rel":"","context":"Dans &quot;Agriculture&quot;","block_context":{"text":"Agriculture","link":"https:\/\/www.enviroscop.fr\/actu\/category\/activite\/agriculture\/"},"img":{"alt_text":"","src":"http:\/\/www.enviroscop.fr\/actu\/wp-content\/uploads\/2021\/07\/2021_06_note_la-methanisation-dans-le-mix-energetique_solagro_negawatt.bmp","width":350,"height":200,"srcset":"http:\/\/www.enviroscop.fr\/actu\/wp-content\/uploads\/2021\/07\/2021_06_note_la-methanisation-dans-le-mix-energetique_solagro_negawatt.bmp 1x, http:\/\/www.enviroscop.fr\/actu\/wp-content\/uploads\/2021\/07\/2021_06_note_la-methanisation-dans-le-mix-energetique_solagro_negawatt.bmp 1.5x, http:\/\/www.enviroscop.fr\/actu\/wp-content\/uploads\/2021\/07\/2021_06_note_la-methanisation-dans-le-mix-energetique_solagro_negawatt.bmp 2x"},"classes":[]},{"id":1514,"url":"https:\/\/www.enviroscop.fr\/actu\/2013\/10\/etude-de-linfluence-du-scenario-negawatt-sur-lemploi\/","url_meta":{"origin":4456,"position":1},"title":"Etude de l&rsquo;influence du sc\u00e9nario N\u00e9gawatt sur l&#8217;emploi","author":"Enviroscop","date":"7 octobre 2013","format":false,"excerpt":"Cette \u00e9tude analyse l\u2019impact sur l\u2019emploi en France de la mise en \u0153uvre du sc\u00e9nario de transition\u00a0\u00e9nerg\u00e9tique construit par l\u2019Association n\u00e9gaWatt (2011). Ce sc\u00e9nario pr\u00e9voit un d\u00e9veloppement massif des\u00a0\u00e9conomies d\u2019\u00e9nergie (par le biais de mesures de sobri\u00e9t\u00e9 et d\u2019efficacit\u00e9 \u00e9nerg\u00e9tiques) et des \u00e9nergies\u00a0renouvelables entre 2012 et 2050. L\u2019effet sur l\u2019emploi\u2026","rel":"","context":"Dans &quot;durable&quot;","block_context":{"text":"durable","link":"https:\/\/www.enviroscop.fr\/actu\/category\/durable\/"},"img":{"alt_text":"","src":"","width":0,"height":0},"classes":[]},{"id":1727,"url":"https:\/\/www.enviroscop.fr\/actu\/2014\/01\/vers-la-creation-de-linstitut-de-la-ville-durable\/","url_meta":{"origin":4456,"position":2},"title":"Vers la cr\u00e9ation de l&rsquo;Institut de la Ville Durable ?","author":"Enviroscop","date":"16 janvier 2014","format":false,"excerpt":"\u00a0 En r\u00e9affirmant les enjeux et en soulignant les initiatives d\u00e9j\u00e0 prises en mati\u00e8re d'EcoQuartier et d'entreprenariat durable comme Vivapolis, le Premier Ministre r\u00e9affirme la volont\u00e9 gouvernementale d'une transition \u00e9cologique. Mais en actes, qu'est ce que \u00e7a donne ? Pour l'instant, le lancement de la r\u00e9flexion sur la cr\u00e9ation de\u2026","rel":"","context":"Dans &quot;durable&quot;","block_context":{"text":"durable","link":"https:\/\/www.enviroscop.fr\/actu\/category\/durable\/"},"img":{"alt_text":"","src":"","width":0,"height":0},"classes":[]},{"id":188,"url":"https:\/\/www.enviroscop.fr\/actu\/2011\/09\/le-scenario-negawatt-nouveau-est-arrive\/","url_meta":{"origin":4456,"position":3},"title":"Le sc??nario n??gaWatt nouveau est arriv?? !","author":"Enviroscop","date":"29 septembre 2011","format":false,"excerpt":"A la diff??rence des r??ponses technologiques classiques et souvent binaires (pour ou contre le nucl??aire par exemple), le sc??nario n??gaWatt propose une approche par la demande plut??t que par l'offre, travers le concept de services ??nerg??...","rel":"","context":"Dans &quot;Energie&quot;","block_context":{"text":"Energie","link":"https:\/\/www.enviroscop.fr\/actu\/category\/energie\/"},"img":{"alt_text":"","src":"","width":0,"height":0},"classes":[]},{"id":4445,"url":"https:\/\/www.enviroscop.fr\/actu\/2021\/10\/une-agriculture-biologique-pour-nourrir-leurope-en-2050\/","url_meta":{"origin":4456,"position":4},"title":"Une agriculture biologique pour nourrir l\u2019Europe en 2050","author":"Enviroscop","date":"9 octobre 2021","format":false,"excerpt":"L\u2019alimentation est devenue l\u2019un des enjeux majeurs du XXIe si\u00e8cle. Selon une \u00e9tude men\u00e9e par des scientifiques du CNRS1, un syst\u00e8me agro-alimentaire biologique et durable, respectueux de la biodiversit\u00e9, pourrait \u00eatre mis en place en Europe et permettrait une cohabitation \u00e9quilibr\u00e9e entre agriculture et environnement. Le sc\u00e9nario envisag\u00e9 repose sur\u2026","rel":"","context":"Dans &quot;Agriculture&quot;","block_context":{"text":"Agriculture","link":"https:\/\/www.enviroscop.fr\/actu\/category\/activite\/agriculture\/"},"img":{"alt_text":"","src":"","width":0,"height":0},"classes":[]},{"id":4521,"url":"https:\/\/www.enviroscop.fr\/actu\/2021\/12\/neutralite-carbone-lademe-ecrit-quatre-recits-possibles-pour-la-france-dici-a-2050\/","url_meta":{"origin":4456,"position":5},"title":"Neutralit\u00e9 carbone : l&rsquo;Ademe \u00e9crit quatre r\u00e9cits possibles pour la France d&rsquo;ici \u00e0 2050","author":"Enviroscop","date":"2 d\u00e9cembre 2021","format":false,"excerpt":"Apr\u00e8s n\u00e9gaWatt et RTE, c'est au tour de l'Agence de la transition \u00e9cologique d'offrir sa vision de la France en 2050. D\u00e9clin\u00e9e en quatre sc\u00e9narios, plus ou moins sobres, elle ne s'arr\u00eate pas seulement au mix \u00e9nerg\u00e9tique. \u00ab\u00a0La neutralit\u00e9 carbone n'est pas qu'un sujet \u00e9nerg\u00e9tique, a insist\u00e9 Arnaud Leroy, pr\u00e9sident\u2026","rel":"","context":"Dans &quot;ADEME&quot;","block_context":{"text":"ADEME","link":"https:\/\/www.enviroscop.fr\/actu\/category\/source\/ademe\/"},"img":{"alt_text":"","src":"","width":0,"height":0},"classes":[]}],"jetpack_sharing_enabled":true,"_links":{"self":[{"href":"https:\/\/www.enviroscop.fr\/actu\/wp-json\/wp\/v2\/posts\/4456","targetHints":{"allow":["GET"]}}],"collection":[{"href":"https:\/\/www.enviroscop.fr\/actu\/wp-json\/wp\/v2\/posts"}],"about":[{"href":"https:\/\/www.enviroscop.fr\/actu\/wp-json\/wp\/v2\/types\/post"}],"author":[{"embeddable":true,"href":"https:\/\/www.enviroscop.fr\/actu\/wp-json\/wp\/v2\/users\/1"}],"replies":[{"embeddable":true,"href":"https:\/\/www.enviroscop.fr\/actu\/wp-json\/wp\/v2\/comments?post=4456"}],"version-history":[{"count":1,"href":"https:\/\/www.enviroscop.fr\/actu\/wp-json\/wp\/v2\/posts\/4456\/revisions"}],"predecessor-version":[{"id":4458,"href":"https:\/\/www.enviroscop.fr\/actu\/wp-json\/wp\/v2\/posts\/4456\/revisions\/4458"}],"wp:attachment":[{"href":"https:\/\/www.enviroscop.fr\/actu\/wp-json\/wp\/v2\/media?parent=4456"}],"wp:term":[{"taxonomy":"category","embeddable":true,"href":"https:\/\/www.enviroscop.fr\/actu\/wp-json\/wp\/v2\/categories?post=4456"},{"taxonomy":"post_tag","embeddable":true,"href":"https:\/\/www.enviroscop.fr\/actu\/wp-json\/wp\/v2\/tags?post=4456"}],"curies":[{"name":"wp","href":"https:\/\/api.w.org\/{rel}","templated":true}]}}