{"id":4459,"date":"2021-10-21T12:25:15","date_gmt":"2021-10-21T11:25:15","guid":{"rendered":"http:\/\/www.enviroscop.fr\/actu\/?p=4459"},"modified":"2021-10-21T12:25:15","modified_gmt":"2021-10-21T11:25:15","slug":"lutte-contre-lartificialisation-des-sols-une-circulaire-marque-une-premiere-etape-dans-la-territorialisation-des-objectifs","status":"publish","type":"post","link":"https:\/\/www.enviroscop.fr\/actu\/2021\/10\/lutte-contre-lartificialisation-des-sols-une-circulaire-marque-une-premiere-etape-dans-la-territorialisation-des-objectifs\/","title":{"rendered":"Lutte contre l\u2019artificialisation des sols : une circulaire marque une premi\u00e8re \u00e9tape dans la territorialisation des objectifs"},"content":{"rendered":"<p>Sign\u00e9e le 30 ao\u00fbt dernier par Barbara Pompili, Emmanuelle Wargon\u00a0 &#8211; pour le minist\u00e8re de la Transition \u00e9cologique &#8211; et Jacqueline Gourault &#8211; pour le minist\u00e8re de la Coh\u00e9sion des territoires &#8211; dans la foul\u00e9e de la promulgation de la\u00a0<a href=\"https:\/\/www.banquedesterritoires.fr\/dossier-de-la-convention-citoyenne-la-loi-climat-et-resilience\">loi Climat et R\u00e9silience<\/a>, la\u00a0<a href=\"https:\/\/www.bulletin-officiel.developpement-durable.gouv.fr\/documents\/Bulletinofficiel-0032098\/TERB2118777C.pdf;jsessionid=4F1AFCAA07442226F41BF5E41CCE5C5B\">circulaire relative \u00e0 la contractualisation et \u00e0 la planification locale pour lutter contre l\u2019artificialisation des sols<\/a>\u00a0n\u2019a \u00e9t\u00e9 publi\u00e9e que ce 20 octobre au Bulletin officiel. Sans attendre les d\u00e9crets d\u2019application et circulaires sp\u00e9cifiques \u00e0 ce texte, le gouvernement y invite les pr\u00e9fets \u00e0 consolider et d\u00e9ployer en lien avec les collectivit\u00e9s territoriales des strat\u00e9gies territoriales ambitieuses en mati\u00e8re de sobri\u00e9t\u00e9 fonci\u00e8re \u00e0 partir d\u2019outils op\u00e9rationnels.<br \/>\nIl faudra donc patienter encore un peu pour connaitre la traduction exacte de la trajectoire \u00e0 horizon 2050 du fameux \u00ab\u00a0z\u00e9ro artificialisation nette\u00a0\u00bb (ZAN) dans l\u2019am\u00e9nagement des territoires. Et pourtant comme le rappelle la circulaire, le calendrier pour d\u00e9cliner au travers des outils de planification l\u2019objectif national de diviser par deux sur les dix prochaines ann\u00e9es la consommation fonci\u00e8re par rapport \u00e0 la d\u00e9cennie pass\u00e9e fix\u00e9 par la loi est tr\u00e8s court : d\u2019ici 2 ans au niveau r\u00e9gional et d\u2019ici six ans maximum au niveau local (c&rsquo;est-\u00e0-dire le sch\u00e9ma de coh\u00e9rence territoriale &#8211; SCoT &#8211; qui devra \u00eatre mis en conformit\u00e9 sous cinq ans et le plan local d\u2019urbanisme &#8211; PLU &#8211; auquel la loi accorde six ans). Aussi les pr\u00e9fets doivent-ils d\u00e8s \u00e0 pr\u00e9sent \u00ab\u00a0inviter les r\u00e9gions \u00e0 constituer les instances de dialogue associant les collectivit\u00e9s et l\u2019Etat pour dresser un \u00e9tat des lieux de l\u2019artificialisation des sols et pr\u00e9parer la territorialisation des objectifs qui a vocation \u00e0 int\u00e9grer leurs Sraddet\u00a0[sch\u00e9mas r\u00e9gionaux d\u2019am\u00e9nagement et de d\u00e9veloppement durable du territoire]\u00a0\u00bb.<\/p>\n<p>Pour lire l&rsquo;int\u00e9gralit\u00e9 de l&rsquo;article, c&rsquo;est <a href=\"https:\/\/www.banquedesterritoires.fr\/lutte-contre-lartificialisation-des-sols-une-circulaire-marque-une-premiere-etape-dans-la?pk_campaign=newsletter_quotidienne&amp;pk_kwd=2021-10-20&amp;pk_source=Actualit%C3%A9s_Localtis&amp;pk_medium=newsletter_quotidienne\" target=\"_blank\" rel=\"noopener\">sur le site de la Banque des territoires<\/a><\/p>\n","protected":false},"excerpt":{"rendered":"<p>Sign\u00e9e le 30 ao\u00fbt dernier par Barbara Pompili, Emmanuelle Wargon\u00a0 &#8211; pour le minist\u00e8re de la Transition \u00e9cologique &#8211; et Jacqueline Gourault &#8211; pour le minist\u00e8re de la Coh\u00e9sion des territoires &#8211; dans la foul\u00e9e de la promulgation de la\u00a0loi Climat et R\u00e9silience, la\u00a0circulaire relative \u00e0 la contractualisation et \u00e0 la planification locale pour lutter &hellip; <\/p>\n<p><a class=\"more-link btn\" href=\"https:\/\/www.enviroscop.fr\/actu\/2021\/10\/lutte-contre-lartificialisation-des-sols-une-circulaire-marque-une-premiere-etape-dans-la-territorialisation-des-objectifs\/\">Lire la suite<\/a><\/p>\n","protected":false},"author":1,"featured_media":0,"comment_status":"open","ping_status":"open","sticky":false,"template":"","format":"standard","meta":{"jetpack_post_was_ever_published":false,"_jetpack_newsletter_access":"","_jetpack_dont_email_post_to_subs":false,"_jetpack_newsletter_tier_id":0,"_jetpack_memberships_contains_paywalled_content":false,"_jetpack_memberships_contains_paid_content":false,"footnotes":"","jetpack_publicize_message":"","jetpack_publicize_feature_enabled":true,"jetpack_social_post_already_shared":true,"jetpack_social_options":{"image_generator_settings":{"template":"highway","default_image_id":0,"font":"","enabled":false},"version":2}},"categories":[3,14,20,10,33,67,57],"tags":[],"class_list":["post-4459","post","type-post","status-publish","format-standard","hentry","category-agriculture","category-circulaire","category-durable","category-evaluation","category-indicateur","category-nature","category-urbanisme","item-wrap"],"jetpack_publicize_connections":[],"jetpack_featured_media_url":"","jetpack_shortlink":"https:\/\/wp.me\/p3rXAp-19V","jetpack_likes_enabled":true,"jetpack-related-posts":[{"id":4660,"url":"https:\/\/www.enviroscop.fr\/actu\/2022\/03\/lutte-contre-lartificialisation-des-sols-les-premiers-textes-dapplication-de-la-loi-climat-en-consultation\/","url_meta":{"origin":4459,"position":0},"title":"Lutte contre l&rsquo;artificialisation des sols : les premiers textes d&rsquo;application de la loi Climat en consultation","author":"Enviroscop","date":"9 mars 2022","format":false,"excerpt":"Coup sur coup, le minist\u00e8re de la Transition \u00e9cologique vient de d\u00e9voiler trois projets de d\u00e9crets d'application de la loi Climat et R\u00e9silience fixant le cadre du dispositif de lutte contre l'artificialisation des sols. Soumis \u00e0 consultation jusqu'au 25 mars prochain, ces textes portent respectivement sur la d\u00e9finition et la\u2026","rel":"","context":"Dans &quot;Agriculture&quot;","block_context":{"text":"Agriculture","link":"https:\/\/www.enviroscop.fr\/actu\/category\/activite\/agriculture\/"},"img":{"alt_text":"artificialisation des sols ","src":"https:\/\/i0.wp.com\/www.banquedesterritoires.fr\/sites\/default\/files\/styles\/landscape_no_crop\/public\/2022-03\/AdobeStock_275682836.jpeg.jpg?resize=350%2C200&ssl=1","width":350,"height":200,"srcset":"https:\/\/i0.wp.com\/www.banquedesterritoires.fr\/sites\/default\/files\/styles\/landscape_no_crop\/public\/2022-03\/AdobeStock_275682836.jpeg.jpg?resize=350%2C200&ssl=1 1x, https:\/\/i0.wp.com\/www.banquedesterritoires.fr\/sites\/default\/files\/styles\/landscape_no_crop\/public\/2022-03\/AdobeStock_275682836.jpeg.jpg?resize=525%2C300&ssl=1 1.5x, https:\/\/i0.wp.com\/www.banquedesterritoires.fr\/sites\/default\/files\/styles\/landscape_no_crop\/public\/2022-03\/AdobeStock_275682836.jpeg.jpg?resize=700%2C400&ssl=1 2x"},"classes":[]},{"id":5221,"url":"https:\/\/www.enviroscop.fr\/actu\/2023\/04\/une-carte-doccupation-du-sol-pour-outiller-la-lutte-contre-lartificialisation\/","url_meta":{"origin":4459,"position":1},"title":"Une carte d&rsquo;occupation du sol pour outiller la lutte contre l\u2019artificialisation","author":"Enviroscop","date":"18 avril 2023","format":false,"excerpt":"L\u2019artificialisation est d\u00e9finie comme l\u2019alt\u00e9ration durable de tout ou partie des fonctions \u00e9cologiques d\u2019un sol (fonctions biologiques, hydriques et climatiques) et de son potentiel agronomique par son occupation ou son usage. Le ph\u00e9nom\u00e8ne est aujourd\u2019hui consid\u00e9r\u00e9 comme l\u2019une des causes premi\u00e8res de l\u2019effondrement de la biodiversit\u00e9, de la r\u00e9duction des\u2026","rel":"","context":"Dans &quot;Am\u00e9nagement&quot;","block_context":{"text":"Am\u00e9nagement","link":"https:\/\/www.enviroscop.fr\/actu\/category\/amenagement\/"},"img":{"alt_text":"","src":"https:\/\/i0.wp.com\/www.enviroscop.fr\/actu\/wp-content\/uploads\/2023\/04\/Capture-decran-2023-04-18-101351.png?resize=350%2C200&ssl=1","width":350,"height":200,"srcset":"https:\/\/i0.wp.com\/www.enviroscop.fr\/actu\/wp-content\/uploads\/2023\/04\/Capture-decran-2023-04-18-101351.png?resize=350%2C200&ssl=1 1x, https:\/\/i0.wp.com\/www.enviroscop.fr\/actu\/wp-content\/uploads\/2023\/04\/Capture-decran-2023-04-18-101351.png?resize=525%2C300&ssl=1 1.5x, https:\/\/i0.wp.com\/www.enviroscop.fr\/actu\/wp-content\/uploads\/2023\/04\/Capture-decran-2023-04-18-101351.png?resize=700%2C400&ssl=1 2x, https:\/\/i0.wp.com\/www.enviroscop.fr\/actu\/wp-content\/uploads\/2023\/04\/Capture-decran-2023-04-18-101351.png?resize=1050%2C600&ssl=1 3x, https:\/\/i0.wp.com\/www.enviroscop.fr\/actu\/wp-content\/uploads\/2023\/04\/Capture-decran-2023-04-18-101351.png?resize=1400%2C800&ssl=1 4x"},"classes":[]},{"id":4665,"url":"https:\/\/www.enviroscop.fr\/actu\/2022\/03\/22-territoires-experimentent-des-leviers-daction-contre-lartificialisation-des-sols\/","url_meta":{"origin":4459,"position":2},"title":"22 territoires exp\u00e9rimentent des leviers d\u2019action contre l\u2019artificialisation des sols","author":"Enviroscop","date":"22 mars 2022","format":false,"excerpt":"La ministre d\u00e9l\u00e9gu\u00e9e en charge du Logement, Emmanuelle Wargon, B\u00e9rang\u00e8re Abba, Secr\u00e9taire d\u2019Etat charg\u00e9e de la Biodiversit\u00e9 et Arnaud Leroy, pr\u00e9sident de l\u2019Ademe, d\u00e9voilent les 22 projets retenus pour l\u2019exp\u00e9rimentation \u00ab Objectif ZAN (Z\u00e9ro Artificialisation nette) \u00bb.\u00a0 La loi Climat et R\u00e9silience place d\u00e9sormais les territoires au c\u0153ur des enjeux\u2026","rel":"","context":"Dans &quot;ADEME&quot;","block_context":{"text":"ADEME","link":"https:\/\/www.enviroscop.fr\/actu\/category\/source\/ademe\/"},"img":{"alt_text":"","src":"","width":0,"height":0},"classes":[]},{"id":5387,"url":"https:\/\/www.enviroscop.fr\/actu\/2023\/11\/decret-n-2023-1096-du-27-novembre-2023-relatif-a-levaluation-et-au-suivi-de-lartificialisation-des-sols\/","url_meta":{"origin":4459,"position":3},"title":"D\u00e9cret n\u00b0 2023-1096 du 27 novembre 2023 relatif \u00e0 l&rsquo;\u00e9valuation et au suivi de l&rsquo;artificialisation des sols","author":"Enviroscop","date":"28 novembre 2023","format":false,"excerpt":"Publics concern\u00e9s : Etat, collectivit\u00e9s territoriales et leurs groupements, leurs \u00e9tablissements publics Objet : conditions d'application de l'article L. 101-2-1 du code de l'urbanisme\u00a0et de l'article L. 2231-1 du code g\u00e9n\u00e9ral des collectivit\u00e9s territoriales Entr\u00e9e en vigueur : le texte entre en vigueur le lendemain de sa publication. Notice :\u2026","rel":"","context":"Dans &quot;Agriculture&quot;","block_context":{"text":"Agriculture","link":"https:\/\/www.enviroscop.fr\/actu\/category\/activite\/agriculture\/"},"img":{"alt_text":"","src":"https:\/\/i0.wp.com\/www.enviroscop.fr\/actu\/wp-content\/uploads\/2013\/05\/17141_une.jpg?resize=350%2C200&ssl=1","width":350,"height":200},"classes":[]},{"id":4774,"url":"https:\/\/www.enviroscop.fr\/actu\/2022\/05\/lutte-contre-lartificialisation-des-terres-consultation\/","url_meta":{"origin":4459,"position":4},"title":"Lutte contre l&rsquo;artificialisation des terres : consultation","author":"Enviroscop","date":"25 mai 2022","format":false,"excerpt":"Le S\u00e9nat a lanc\u00e9 ce 19 mai une consultation en ligne\u00a0aupr\u00e8s des \u00e9lus locaux sur la mise en application du volet \"lutte contre l\u2019artificialisation\" de la loi Climat et R\u00e9silience. Ouverte jusqu\u2019au lundi 27 juin, cette consultation vise \u00e0 recueillir un grand nombre de t\u00e9moignages \"pour identifier et r\u00e9soudre les\u2026","rel":"","context":"Dans &quot;Agriculture&quot;","block_context":{"text":"Agriculture","link":"https:\/\/www.enviroscop.fr\/actu\/category\/activite\/agriculture\/"},"img":{"alt_text":"","src":"https:\/\/i0.wp.com\/www.enviroscop.fr\/actu\/wp-content\/uploads\/2013\/04\/sig4.jpg?resize=350%2C200","width":350,"height":200},"classes":[]},{"id":5260,"url":"https:\/\/www.enviroscop.fr\/actu\/2023\/06\/projet-de-decret-relatif-a-levaluation-et-au-suivi-de-lartificialisation-des-sols\/","url_meta":{"origin":4459,"position":5},"title":"Projet de d\u00e9cret relatif \u00e0 l\u2019\u00e9valuation et au suivi de l\u2019artificialisation des sols","author":"Enviroscop","date":"19 juin 2023","format":false,"excerpt":"Consultation du 13\/06\/2023 au 04\/07\/2023 \u00a0 La loi n\u00b0\u00a02021-1104 du 22 ao\u00fbt 2021 portant lutte contre le d\u00e9r\u00e8glement climatique et renforcement de la r\u00e9silience face \u00e0 ses effets a fix\u00e9 l\u2019objectif d\u2019atteindre le \u00ab\u00a0z\u00e9ro artificialisation nette des sols\u00a0\u00bb en 2050, avec un objectif interm\u00e9diaire de r\u00e9duction de moiti\u00e9 de la\u2026","rel":"","context":"Dans &quot;Am\u00e9nagement&quot;","block_context":{"text":"Am\u00e9nagement","link":"https:\/\/www.enviroscop.fr\/actu\/category\/amenagement\/"},"img":{"alt_text":"Carte de l'artificialisation des sols","src":"https:\/\/i0.wp.com\/www.enviroscop.fr\/actu\/wp-content\/uploads\/2020\/06\/Annotation-2020-06-04-133534-300x157.png?resize=350%2C200&ssl=1","width":350,"height":200},"classes":[]}],"jetpack_sharing_enabled":true,"_links":{"self":[{"href":"https:\/\/www.enviroscop.fr\/actu\/wp-json\/wp\/v2\/posts\/4459","targetHints":{"allow":["GET"]}}],"collection":[{"href":"https:\/\/www.enviroscop.fr\/actu\/wp-json\/wp\/v2\/posts"}],"about":[{"href":"https:\/\/www.enviroscop.fr\/actu\/wp-json\/wp\/v2\/types\/post"}],"author":[{"embeddable":true,"href":"https:\/\/www.enviroscop.fr\/actu\/wp-json\/wp\/v2\/users\/1"}],"replies":[{"embeddable":true,"href":"https:\/\/www.enviroscop.fr\/actu\/wp-json\/wp\/v2\/comments?post=4459"}],"version-history":[{"count":1,"href":"https:\/\/www.enviroscop.fr\/actu\/wp-json\/wp\/v2\/posts\/4459\/revisions"}],"predecessor-version":[{"id":4460,"href":"https:\/\/www.enviroscop.fr\/actu\/wp-json\/wp\/v2\/posts\/4459\/revisions\/4460"}],"wp:attachment":[{"href":"https:\/\/www.enviroscop.fr\/actu\/wp-json\/wp\/v2\/media?parent=4459"}],"wp:term":[{"taxonomy":"category","embeddable":true,"href":"https:\/\/www.enviroscop.fr\/actu\/wp-json\/wp\/v2\/categories?post=4459"},{"taxonomy":"post_tag","embeddable":true,"href":"https:\/\/www.enviroscop.fr\/actu\/wp-json\/wp\/v2\/tags?post=4459"}],"curies":[{"name":"wp","href":"https:\/\/api.w.org\/{rel}","templated":true}]}}