{"id":4461,"date":"2021-10-22T13:41:10","date_gmt":"2021-10-22T12:41:10","guid":{"rendered":"http:\/\/www.enviroscop.fr\/actu\/?p=4461"},"modified":"2021-10-22T13:41:10","modified_gmt":"2021-10-22T12:41:10","slug":"evaluer-les-services-ecosystemiques","status":"publish","type":"post","link":"https:\/\/www.enviroscop.fr\/actu\/2021\/10\/evaluer-les-services-ecosystemiques\/","title":{"rendered":"\u00c9valuer les services \u00e9cosyst\u00e9miques"},"content":{"rendered":"<h3 class=\"spip\"><img data-recalc-dims=\"1\" decoding=\"async\" class=\"alignright\" src=\"https:\/\/i0.wp.com\/www.hauts-de-france.developpement-durable.gouv.fr\/IMG\/jpg\/guide_se_vignette-web.jpg?w=750&#038;ssl=1\" \/>Prendre en compte les services \u00e9cosyst\u00e9miques dans les \u00e9valuations des incidences sur l\u2019environnement<\/h3>\n<p>La DREAL Hauts-de-France et l\u2019INRAE (Institut national de recherche pour l\u2019agriculture, l\u2019alimentation et l\u2019environnement) publient en 2021 un guide pour la prise en compte des services \u00e9cosyst\u00e9miques dans les \u00e9valuations des incidences sur l\u2019environnement.<\/p>\n<p>Cette \u00e9tude, dirig\u00e9e par Sylvie Campagne et Philip Roche, pr\u00e9sente une m\u00e9thodologie claire et op\u00e9rationnelle pour int\u00e9grer les services \u00e9cosyst\u00e9miques dans les \u00e9tudes d\u2019incidences sur l\u2019environnement des projets, plans et programmes.<\/p>\n<p>Ce guide a \u00e9t\u00e9 r\u00e9dig\u00e9 pour la r\u00e9gion des Hauts-de-France, mais son contenu est pertinent pour d\u2019autres r\u00e9gions, m\u00eame si les exemples actuellement int\u00e9gr\u00e9s utilisent\u00a0<a href=\"https:\/\/www.hauts-de-france.developpement-durable.gouv.fr\/?Les-services-ecosystemiques-15560\">l\u2019outil d\u2019\u00e9valuation de la capacit\u00e9 des \u00e9cosyst\u00e8mes de la r\u00e9gion Hauts-de-France<\/a>. Il s\u2019adresse \u00e0 tous les acteurs impliqu\u00e9s dans le processus d\u2019\u00e9valuation environnementale, ma\u00eetres d\u2019ouvrage, bureaux d\u2019\u00e9tude et services instructeurs..<\/p>\n<p>Une journ\u00e9e de formation sur les services \u00e9cosyst\u00e9miques et de pr\u00e9sentation du contenu du guide est pr\u00e9vue le 25 novembre 2021.<\/p>\n<p>Celle-ci se d\u00e9roulera par visioconf\u00e9rence. L\u2019inscription est gratuite, mais obligatoire.<\/p>\n<p><strong class=\"caractencadre-spip spip\"><strong>Date\u00a0:<\/strong><\/strong>\u00a025 novembre 2021, de 10h \u00e0 16h<br class=\"autobr\" \/><strong class=\"caractencadre-spip spip\"><strong>Plateforme\u00a0:<\/strong><\/strong>\u00a0Livestorm (aucune installation n\u00e9cessaire)<br class=\"autobr\" \/><strong class=\"caractencadre-spip spip\"><strong>Lieu\u00a0:<\/strong><\/strong>\u00a0les instructions de connexion seront transmises aux participants quelques jours avant<br class=\"autobr\" \/><strong class=\"caractencadre-spip spip\"><strong>Inscription\u00a0:<\/strong><\/strong>\u00a0pour vous inscrire, c\u2019est\u00a0<a class=\"spip_out\" href=\"https:\/\/app.livestorm.co\/inrae\/les-services-ecosystemiques-dans-les-evaluations-des-incidences-sur-lenvironnement\" rel=\"external\">ici<\/a><\/p>\n<p>&nbsp;<\/p>\n","protected":false},"excerpt":{"rendered":"<p>Prendre en compte les services \u00e9cosyst\u00e9miques dans les \u00e9valuations des incidences sur l\u2019environnement La DREAL Hauts-de-France et l\u2019INRAE (Institut national de recherche pour l\u2019agriculture, l\u2019alimentation et l\u2019environnement) publient en 2021 un guide pour la prise en compte des services \u00e9cosyst\u00e9miques dans les \u00e9valuations des incidences sur l\u2019environnement. Cette \u00e9tude, dirig\u00e9e par Sylvie Campagne et Philip &hellip; <\/p>\n<p><a class=\"more-link btn\" href=\"https:\/\/www.enviroscop.fr\/actu\/2021\/10\/evaluer-les-services-ecosystemiques\/\">Lire la suite<\/a><\/p>\n","protected":false},"author":1,"featured_media":0,"comment_status":"open","ping_status":"open","sticky":false,"template":"","format":"standard","meta":{"jetpack_post_was_ever_published":false,"_jetpack_newsletter_access":"","_jetpack_dont_email_post_to_subs":false,"_jetpack_newsletter_tier_id":0,"_jetpack_memberships_contains_paywalled_content":false,"_jetpack_memberships_contains_paid_content":false,"footnotes":"","jetpack_publicize_message":"","jetpack_publicize_feature_enabled":true,"jetpack_social_post_already_shared":true,"jetpack_social_options":{"image_generator_settings":{"template":"highway","default_image_id":0,"font":"","enabled":false},"version":2}},"categories":[19,20,9,10,30,115,82],"tags":[],"class_list":["post-4461","post","type-post","status-publish","format-standard","hentry","category-dreal","category-durable","category-etude-dimpact","category-evaluation","category-guide","category-hauts-de-france","category-ingenierie","item-wrap"],"jetpack_publicize_connections":[],"jetpack_featured_media_url":"","jetpack_shortlink":"https:\/\/wp.me\/p3rXAp-19X","jetpack_likes_enabled":true,"jetpack-related-posts":[{"id":145,"url":"https:\/\/www.enviroscop.fr\/actu\/2012\/10\/parutions\/","url_meta":{"origin":4461,"position":0},"title":"Parutions","author":"Enviroscop","date":"15 octobre 2012","format":"aside","excerpt":"Pr??sentation de l'??valuation environnementale 25 septembre 2012 Le DREAL (Direction R??gionale de l'Environnement, de l'Am??nagement et du Logement) Lorraine pr??sente dans une plaquette l'??tat de la r??glementation relative l'??valuation en...","rel":"","context":"Dans &quot;DREAL&quot;","block_context":{"text":"DREAL","link":"https:\/\/www.enviroscop.fr\/actu\/category\/source\/dreal\/"},"img":{"alt_text":"","src":"","width":0,"height":0},"classes":[]},{"id":4595,"url":"https:\/\/www.enviroscop.fr\/actu\/2022\/01\/ile-de-france-guide-regional-pour-la-bonne-prise-en-compte-des-enjeux-zones-humides-dans-les-projets\/","url_meta":{"origin":4461,"position":1},"title":"Ile-de-France : Guide r\u00e9gional pour la bonne prise en compte des enjeux \u00ab\u00a0zones humides\u00a0\u00bb dans les projets","author":"Enviroscop","date":"17 janvier 2022","format":false,"excerpt":"La DRIEAT publie son\u00a0guide r\u00e9gional pour la bonne prise en compte des enjeux des zones humides dans les projets. Il est d\u00e9sormais disponible au t\u00e9l\u00e9chargement\u00a0:\u00a0Guide technique pour la bonne prise en compte des zones humides dans les projets-dec 2021\u00a0(format pdf - 2.5 Mo - 13\/01\/2022)\u00a0. \u00c9labor\u00e9 par le service\u00a0Politiques et\u2026","rel":"","context":"Dans &quot;Agriculture&quot;","block_context":{"text":"Agriculture","link":"https:\/\/www.enviroscop.fr\/actu\/category\/activite\/agriculture\/"},"img":{"alt_text":"","src":"https:\/\/i0.wp.com\/www.enviroscop.fr\/actu\/wp-content\/uploads\/2022\/01\/Capture-decran-2022-01-17-142041.jpg?resize=350%2C200","width":350,"height":200},"classes":[]},{"id":4758,"url":"https:\/\/www.enviroscop.fr\/actu\/2022\/05\/arrete-du-11-avril-2022-portant-approbation-du-plan-de-gestion-des-risques-dinondation-du-bassin-artois-picardie\/","url_meta":{"origin":4461,"position":2},"title":"Arr\u00eat\u00e9 du 11 avril 2022 portant approbation du plan de gestion des risques d&rsquo;inondation du bassin Artois-Picardie","author":"Enviroscop","date":"16 mai 2022","format":false,"excerpt":"Le plan de gestion des risques d'inondation 2022-2027 du bassin Artois-Picardie est approuv\u00e9 et entre en vigueur le lendemain de la parution du pr\u00e9sent arr\u00eat\u00e9 au Journal officiel de la R\u00e9publique fran\u00e7aise. Le plan de gestion des risques d'inondation 2022-2027 du bassin Artois-Picardie est consultable au si\u00e8ge de la direction\u2026","rel":"","context":"Dans &quot;Arr\u00eat\u00e9&quot;","block_context":{"text":"Arr\u00eat\u00e9","link":"https:\/\/www.enviroscop.fr\/actu\/category\/juridique\/arrete\/"},"img":{"alt_text":"","src":"https:\/\/i0.wp.com\/www.enviroscop.fr\/actu\/wp-content\/uploads\/2022\/05\/PGRI.jpg?resize=350%2C200","width":350,"height":200,"srcset":"https:\/\/i0.wp.com\/www.enviroscop.fr\/actu\/wp-content\/uploads\/2022\/05\/PGRI.jpg?resize=350%2C200 1x, https:\/\/i0.wp.com\/www.enviroscop.fr\/actu\/wp-content\/uploads\/2022\/05\/PGRI.jpg?resize=525%2C300 1.5x, https:\/\/i0.wp.com\/www.enviroscop.fr\/actu\/wp-content\/uploads\/2022\/05\/PGRI.jpg?resize=700%2C400 2x, https:\/\/i0.wp.com\/www.enviroscop.fr\/actu\/wp-content\/uploads\/2022\/05\/PGRI.jpg?resize=1050%2C600 3x"},"classes":[]},{"id":4472,"url":"https:\/\/www.enviroscop.fr\/actu\/2021\/10\/eiei-volet-paysage-eolien\/","url_meta":{"origin":4461,"position":3},"title":"EIEI : volet paysage \u00e9olien","author":"Enviroscop","date":"27 octobre 2021","format":false,"excerpt":"Les DREAL Hauts-de-France (H2F), Grand Est et Normandie ont publi\u00e9 ce mois-ci une vision commune pour les volets paysagers \u00e9oliens (note pr\u00e9cisant les conditions de r\u00e9alisation des photomontages)\u00a0 https:\/\/www.hauts-de-france.developpement-durable.gouv.fr\/?Note-sur-les-photomontages et la DREAL H2F l'a pr\u00e9sent\u00e9 le 19\/10\/21 https:\/\/www.hauts-de-france.developpement-durable.gouv.fr\/?Retour-sur-la-reunion-du-19-octobre-2021-a-destination-des-bureaux-d-etudes-et-exploitants-eoliens Dans l'ensemble, ces trois DREAL souhaitent conserver, par rapport au guide national\u2026","rel":"","context":"Dans &quot;Air&quot;","block_context":{"text":"Air","link":"https:\/\/www.enviroscop.fr\/actu\/category\/compartiments\/air\/"},"img":{"alt_text":"","src":"https:\/\/i0.wp.com\/www.enviroscop.fr\/actu\/wp-content\/uploads\/2013\/03\/Graphique-1.png?resize=350%2C200","width":350,"height":200},"classes":[]},{"id":5228,"url":"https:\/\/www.enviroscop.fr\/actu\/2023\/04\/etude-dimpact-le-porteur-de-projet-doit-analyser-les-incidences-directes-de-louvrage-sur-lenvironnement-mais-aussi-les-incidences-indirectes-de-son-utilisation-et-de-son-exploitation-conseil\/","url_meta":{"origin":4461,"position":4},"title":"Etude d&rsquo;impact : le porteur de projet doit analyser les incidences directes de l&rsquo;ouvrage sur l&rsquo;environnement mais aussi les incidences indirectes de son utilisation et de son exploitation (Conseil d&rsquo;Etat, 27 mars 2023, n\u00b0450135 &#8211; centrale biomasse de Gardanne)","author":"Enviroscop","date":"26 avril 2023","format":false,"excerpt":"Par une d\u00e9cision - tr\u00e8s importante - n\u00b0450135 du 27 mars 2023, le Conseil d'Etat a confirm\u00e9 l'annulation de l'autorisation d'exploiter la centrale biomasse de Provence (Gardanne). Cette autorisation proc\u00e8de en effet d'une \u00e9tude d'impact insuffisante, cette derni\u00e8re ne comportant pas d'analyse\u00a0des incidences pr\u00e9visibles de l'utilisation et de l'exploitation de\u2026","rel":"","context":"Dans &quot;Arnaud Gossement&quot;","block_context":{"text":"Arnaud Gossement","link":"https:\/\/www.enviroscop.fr\/actu\/category\/source\/arnaud-gossement\/"},"img":{"alt_text":"","src":"https:\/\/i0.wp.com\/www.enviroscop.fr\/actu\/wp-content\/uploads\/2013\/05\/17141_une.jpg?resize=350%2C200&ssl=1","width":350,"height":200},"classes":[]},{"id":5199,"url":"https:\/\/www.enviroscop.fr\/actu\/2023\/03\/etude-dimpact-le-porteur-de-projet-doit-analyser-les-incidences-directes-de-louvrage-sur-lenvironnement-mais-aussi-les-incidences-indirectes-de-son-utilisation-et-de-son-exploitation\/","url_meta":{"origin":4461,"position":5},"title":"Etude d&rsquo;impact : le porteur de projet doit analyser les incidences directes de l&rsquo;ouvrage sur l&rsquo;environnement mais aussi les incidences indirectes de son utilisation et de son exploitation","author":"Enviroscop","date":"29 mars 2023","format":false,"excerpt":"Par une d\u00e9cision - tr\u00e8s importante - n\u00b0450135 du 27 mars 2023, le Conseil d'Etat a confirm\u00e9 l'annulation de l'autorisation d'exploiter la centrale biomasse de Provence (Gardanne). Cette autorisation proc\u00e8de en effet d'une \u00e9tude d'impact insuffisante, cette derni\u00e8re ne comportant pas d'analyse\u00a0des incidences pr\u00e9visibles de l'utilisation et de l'exploitation de\u2026","rel":"","context":"Dans &quot;Arnaud Gossement&quot;","block_context":{"text":"Arnaud Gossement","link":"https:\/\/www.enviroscop.fr\/actu\/category\/source\/arnaud-gossement\/"},"img":{"alt_text":"","src":"https:\/\/i0.wp.com\/www.enviroscop.fr\/actu\/wp-content\/uploads\/2013\/05\/17141_une.jpg?resize=350%2C200","width":350,"height":200},"classes":[]}],"jetpack_sharing_enabled":true,"_links":{"self":[{"href":"https:\/\/www.enviroscop.fr\/actu\/wp-json\/wp\/v2\/posts\/4461","targetHints":{"allow":["GET"]}}],"collection":[{"href":"https:\/\/www.enviroscop.fr\/actu\/wp-json\/wp\/v2\/posts"}],"about":[{"href":"https:\/\/www.enviroscop.fr\/actu\/wp-json\/wp\/v2\/types\/post"}],"author":[{"embeddable":true,"href":"https:\/\/www.enviroscop.fr\/actu\/wp-json\/wp\/v2\/users\/1"}],"replies":[{"embeddable":true,"href":"https:\/\/www.enviroscop.fr\/actu\/wp-json\/wp\/v2\/comments?post=4461"}],"version-history":[{"count":1,"href":"https:\/\/www.enviroscop.fr\/actu\/wp-json\/wp\/v2\/posts\/4461\/revisions"}],"predecessor-version":[{"id":4462,"href":"https:\/\/www.enviroscop.fr\/actu\/wp-json\/wp\/v2\/posts\/4461\/revisions\/4462"}],"wp:attachment":[{"href":"https:\/\/www.enviroscop.fr\/actu\/wp-json\/wp\/v2\/media?parent=4461"}],"wp:term":[{"taxonomy":"category","embeddable":true,"href":"https:\/\/www.enviroscop.fr\/actu\/wp-json\/wp\/v2\/categories?post=4461"},{"taxonomy":"post_tag","embeddable":true,"href":"https:\/\/www.enviroscop.fr\/actu\/wp-json\/wp\/v2\/tags?post=4461"}],"curies":[{"name":"wp","href":"https:\/\/api.w.org\/{rel}","templated":true}]}}