{"id":4467,"date":"2021-10-25T14:06:45","date_gmt":"2021-10-25T13:06:45","guid":{"rendered":"http:\/\/www.enviroscop.fr\/actu\/?p=4467"},"modified":"2021-10-25T14:06:45","modified_gmt":"2021-10-25T13:06:45","slug":"publication-du-rapport-rte","status":"publish","type":"post","link":"https:\/\/www.enviroscop.fr\/actu\/2021\/10\/publication-du-rapport-rte\/","title":{"rendered":"Publication du rapport RTE"},"content":{"rendered":"<p><img data-recalc-dims=\"1\" loading=\"lazy\" decoding=\"async\" data-attachment-id=\"4468\" data-permalink=\"https:\/\/www.enviroscop.fr\/actu\/2021\/10\/publication-du-rapport-rte\/capture-decran-2021-10-25-150502\/\" data-orig-file=\"https:\/\/i0.wp.com\/www.enviroscop.fr\/actu\/wp-content\/uploads\/2021\/10\/Capture-decran-2021-10-25-150502.jpg?fit=550%2C582&amp;ssl=1\" data-orig-size=\"550,582\" data-comments-opened=\"1\" data-image-meta=\"{&quot;aperture&quot;:&quot;0&quot;,&quot;credit&quot;:&quot;&quot;,&quot;camera&quot;:&quot;&quot;,&quot;caption&quot;:&quot;&quot;,&quot;created_timestamp&quot;:&quot;0&quot;,&quot;copyright&quot;:&quot;&quot;,&quot;focal_length&quot;:&quot;0&quot;,&quot;iso&quot;:&quot;0&quot;,&quot;shutter_speed&quot;:&quot;0&quot;,&quot;title&quot;:&quot;&quot;,&quot;orientation&quot;:&quot;0&quot;}\" data-image-title=\"Capture d\u2019\u00e9cran 2021-10-25 150502\" data-image-description=\"\" data-image-caption=\"\" data-large-file=\"https:\/\/i0.wp.com\/www.enviroscop.fr\/actu\/wp-content\/uploads\/2021\/10\/Capture-decran-2021-10-25-150502.jpg?fit=550%2C582&amp;ssl=1\" class=\"alignleft  wp-image-4468\" src=\"https:\/\/i0.wp.com\/www.enviroscop.fr\/actu\/wp-content\/uploads\/2021\/10\/Capture-decran-2021-10-25-150502.jpg?resize=281%2C297&#038;ssl=1\" alt=\"\" width=\"281\" height=\"297\" srcset=\"https:\/\/i0.wp.com\/www.enviroscop.fr\/actu\/wp-content\/uploads\/2021\/10\/Capture-decran-2021-10-25-150502.jpg?w=550&amp;ssl=1 550w, https:\/\/i0.wp.com\/www.enviroscop.fr\/actu\/wp-content\/uploads\/2021\/10\/Capture-decran-2021-10-25-150502.jpg?resize=284%2C300&amp;ssl=1 284w\" sizes=\"auto, (max-width: 281px) 100vw, 281px\" \/>Ce lundi 25 octobre, RTE a rendu public son rapport \u00ab Futurs \u00e9nerg\u00e9tiques 2050 \u00bb qui \u00e9tudie les diff\u00e9rents sc\u00e9narios de mix \u00e9lectriques possibles pour que la France atteigne la neutralit\u00e9 carbone en 2050. Dans cette analyse mandat\u00e9e par le gouvernement, quels que soient les sc\u00e9narios mod\u00e9lis\u00e9s, les \u00e9nergies renouvelables et l\u2019\u00e9olien en particulier \u2013 offshore et terrestre \u2013 apparaissent comme indispensables \u00e0 l\u2019atteinte des objectifs de la Strat\u00e9gie Nationale Bas-Carbone (SNBC). Dans les sc\u00e9narios centraux, les ENR repr\u00e9sentent, \u00e0 l\u2019horizon 2050, entre 50 et 80% du mix.<\/p>\n<p>Pour la future production \u00e9lectrique du pays, les diverses trajectoires vont d\u2019une option \u00ab\u00a0100\u00a0% d\u2019\u00e9nergies renouvelables\u00a0\u00bb \u00e0 une autre avec encore 50\u00a0% de nucl\u00e9aire. A chaque fois, la soci\u00e9t\u00e9 RTE, d\u00e9tenue majoritairement par EDF et la Caisse des d\u00e9p\u00f4ts, d\u00e9crit les conditions de faisabilit\u00e9 technique, mais aussi le co\u00fbt et l\u2019impact attendu pour l\u2019environnement et pour la soci\u00e9t\u00e9. Outre ce premier rapport de quelque 600\u00a0pages, le r\u00e9sultat complet des mod\u00e9lisations devrait \u00eatre rendu public d\u00e9but 2022.<\/p>\n<p>Pour t\u00e9l\u00e9charger tous les \u00e9l\u00e9ments, c&rsquo;est <a href=\"https:\/\/www.rte-france.com\/actualites\/futurs-energetiques-neutralite-carbone-2050-principaux-enseignements\" target=\"_blank\" rel=\"noopener\">sur le site de RTE<\/a><\/p>\n","protected":false},"excerpt":{"rendered":"<p>Ce lundi 25 octobre, RTE a rendu public son rapport \u00ab Futurs \u00e9nerg\u00e9tiques 2050 \u00bb qui \u00e9tudie les diff\u00e9rents sc\u00e9narios de mix \u00e9lectriques possibles pour que la France atteigne la neutralit\u00e9 carbone en 2050. Dans cette analyse mandat\u00e9e par le gouvernement, quels que soient les sc\u00e9narios mod\u00e9lis\u00e9s, les \u00e9nergies renouvelables et l\u2019\u00e9olien en particulier \u2013 &hellip; <\/p>\n<p><a class=\"more-link btn\" href=\"https:\/\/www.enviroscop.fr\/actu\/2021\/10\/publication-du-rapport-rte\/\">Lire la suite<\/a><\/p>\n","protected":false},"author":1,"featured_media":0,"comment_status":"open","ping_status":"open","sticky":false,"template":"","format":"standard","meta":{"jetpack_post_was_ever_published":false,"_jetpack_newsletter_access":"","_jetpack_dont_email_post_to_subs":false,"_jetpack_newsletter_tier_id":0,"_jetpack_memberships_contains_paywalled_content":false,"_jetpack_memberships_contains_paid_content":false,"footnotes":"","jetpack_publicize_message":"","jetpack_publicize_feature_enabled":true,"jetpack_social_post_already_shared":true,"jetpack_social_options":{"image_generator_settings":{"template":"highway","default_image_id":0,"font":"","enabled":false},"version":2}},"categories":[15,20,22,23,7,10,68,28,33,64,82,41,45,46,87,54],"tags":[],"class_list":["post-4467","post","type-post","status-publish","format-standard","hentry","category-climat","category-durable","category-economie","category-emploi","category-energie","category-evaluation","category-france","category-ges","category-indicateur","category-infographie","category-ingenierie","category-paysage","category-pollution","category-risque","category-sante","category-transport","item-wrap"],"jetpack_publicize_connections":[],"jetpack_featured_media_url":"","jetpack_shortlink":"https:\/\/wp.me\/p3rXAp-1a3","jetpack_likes_enabled":true,"jetpack-related-posts":[{"id":4521,"url":"https:\/\/www.enviroscop.fr\/actu\/2021\/12\/neutralite-carbone-lademe-ecrit-quatre-recits-possibles-pour-la-france-dici-a-2050\/","url_meta":{"origin":4467,"position":0},"title":"Neutralit\u00e9 carbone : l&rsquo;Ademe \u00e9crit quatre r\u00e9cits possibles pour la France d&rsquo;ici \u00e0 2050","author":"Enviroscop","date":"2 d\u00e9cembre 2021","format":false,"excerpt":"Apr\u00e8s n\u00e9gaWatt et RTE, c'est au tour de l'Agence de la transition \u00e9cologique d'offrir sa vision de la France en 2050. D\u00e9clin\u00e9e en quatre sc\u00e9narios, plus ou moins sobres, elle ne s'arr\u00eate pas seulement au mix \u00e9nerg\u00e9tique. \u00ab\u00a0La neutralit\u00e9 carbone n'est pas qu'un sujet \u00e9nerg\u00e9tique, a insist\u00e9 Arnaud Leroy, pr\u00e9sident\u2026","rel":"","context":"Dans &quot;ADEME&quot;","block_context":{"text":"ADEME","link":"https:\/\/www.enviroscop.fr\/actu\/category\/source\/ademe\/"},"img":{"alt_text":"","src":"","width":0,"height":0},"classes":[]},{"id":4237,"url":"https:\/\/www.enviroscop.fr\/actu\/2021\/05\/rte-precisions-sur-les-bilans-co2\/","url_meta":{"origin":4467,"position":1},"title":"RTE : pr\u00e9cisions sur les bilans CO2","author":"Enviroscop","date":"19 mai 2021","format":false,"excerpt":"Depuis 2017, RTE a publi\u00e9, dans le cadre du Bilan pr\u00e9visionnel et des \u00e9tudes qui lui sont associ\u00e9es, de nombreux \u00e9l\u00e9ments sur l\u2019\u00e9volution des \u00e9missions de gaz \u00e0 effet de serre (GES) associ\u00e9es \u00e0 la production d\u2019\u00e9lectricit\u00e9. Ces \u00e9tudes ont montr\u00e9 : que le d\u00e9veloppement des \u00e9nergies renouvelables en France\u2026","rel":"","context":"Dans &quot;Air&quot;","block_context":{"text":"Air","link":"https:\/\/www.enviroscop.fr\/actu\/category\/compartiments\/air\/"},"img":{"alt_text":"","src":"https:\/\/i0.wp.com\/www.enviroscop.fr\/actu\/wp-content\/uploads\/2021\/05\/nrjCO2.jpg?resize=350%2C200","width":350,"height":200},"classes":[]},{"id":3548,"url":"https:\/\/www.enviroscop.fr\/actu\/2019\/11\/loi-n-2019-1147-du-8-novembre-2019-relative-a-lenergie-et-au-climat\/","url_meta":{"origin":4467,"position":2},"title":"Loi n\u00b0 2019-1147 du 8 novembre 2019 relative \u00e0 l&rsquo;\u00e9nergie et au climat","author":"Enviroscop","date":"13 novembre 2019","format":false,"excerpt":"Loi vers une neutralit\u00e9 carbone L'Assembl\u00e9e nationale et le S\u00e9nat ont adopt\u00e9, la nouvelle loirelative \u00e0 l'\u00e9nergie et au climat. En synth\u00e8se, ce texte actualise les objectifs de la politique de l\u2019\u00e9nergie pour tenir compte du Plan climat adopt\u00e9 en 2017, de la Strat\u00e9gie nationale bas carbone (SNBC) et de\u2026","rel":"","context":"Dans &quot;Biomasse&quot;","block_context":{"text":"Biomasse","link":"https:\/\/www.enviroscop.fr\/actu\/category\/energie\/renouvelable\/biomasse\/"},"img":{"alt_text":"Protestation, climat, neutralite carbone","src":"https:\/\/i0.wp.com\/cdn.pixabay.com\/photo\/2014\/09\/21\/23\/25\/protest-455717_960_720.jpg?resize=350%2C200&ssl=1","width":350,"height":200},"classes":[]},{"id":4533,"url":"https:\/\/www.enviroscop.fr\/actu\/2021\/12\/panorama-de-lelectricite-renouvelable-au-30-septembre-2021\/","url_meta":{"origin":4467,"position":3},"title":"Panorama de l&rsquo;\u00e9lectricit\u00e9 renouvelable au 30 septembre 2021","author":"Enviroscop","date":"10 d\u00e9cembre 2021","format":false,"excerpt":"La puissance totale du parc \u00e9lectrique EnR \u2013 \u00e9olien, solaire, hydro\u00e9lectricit\u00e9 et bio\u00e9nergies \u2013 s\u2019\u00e9l\u00e8ve, au 30 septembre 2021, \u00e0 58 759 MW, en hausse de 2 876 MW sur les trois premiers trimestres de l\u2019ann\u00e9e 2021 (3 543 MW sur les douze derniers mois), chiffre d\u00e9j\u00e0 sup\u00e9rieur au record\u2026","rel":"","context":"Dans &quot;Energie&quot;","block_context":{"text":"Energie","link":"https:\/\/www.enviroscop.fr\/actu\/category\/energie\/"},"img":{"alt_text":"RTE","src":"https:\/\/i0.wp.com\/ccibusiness.fr\/sites\/default\/files\/styles\/article_detail_620_320\/public\/2021-12\/RTE_logo.svg_.png?resize=350%2C200&ssl=1","width":350,"height":200},"classes":[]},{"id":1101,"url":"https:\/\/www.enviroscop.fr\/actu\/2013\/06\/transition-energetique-synthese-des-debats-en-haute-normandie\/","url_meta":{"origin":4467,"position":4},"title":"Transition \u00e9nerg\u00e9tique : synth\u00e8se des d\u00e9bats en Haute-Normandie","author":"Enviroscop","date":"3 juin 2013","format":false,"excerpt":"La Haute-Normandie conforte son identit\u00e9 de terre des \u00e9nergies. Dans le cadre du d\u00e9bat national sur la transition \u00e9nerg\u00e9tique souhait\u00e9 par le gouvernement, plusieurs d\u00e9bats ont \u00e9t\u00e9 organis\u00e9s par la R\u00e9gion en lien avec l\u2019Etat sur tout le territoire haut-normand. A cette occasion, les associations, entreprises, collectivit\u00e9s, citoyens\u00a0ont \u00e9t\u00e9 convi\u00e9s\u2026","rel":"","context":"Dans &quot;Climat&quot;","block_context":{"text":"Climat","link":"https:\/\/www.enviroscop.fr\/actu\/category\/climat\/"},"img":{"alt_text":"","src":"https:\/\/i0.wp.com\/www.hautenormandie.fr\/var\/rhn\/storage\/images\/mediatheque\/environnement-transports\/environnement\/transition-energetique\/images\/synthese-des-debats-sur-la-transition-energetique-2\/498419-1-fre-FR\/Synthese-des-debats-sur-la-Transition-energetique-2_medium.jpg?resize=350%2C200","width":350,"height":200},"classes":[]},{"id":1004,"url":"https:\/\/www.enviroscop.fr\/actu\/2013\/05\/le-rapport-sur-les-energies-marines-renouvelables-disponible-en-ligne-vagues-enerzine-com\/","url_meta":{"origin":4467,"position":5},"title":"Le rapport sur les \u00e9nergies marines renouvelables disponible en ligne","author":"Enviroscop","date":"6 mai 2013","format":false,"excerpt":"A l'occasion du d\u00e9bat national sur la transition \u00e9nerg\u00e9tique qui s'est d\u00e9roul\u00e9 le 15 avril dernier, le rapport sur les perspectives de d\u00e9veloppement des \u00e9nergies marines renouvelables a \u00e9t\u00e9 rendu public. Ce rapport est le fruit d'une mission conjointe du Conseil G\u00e9n\u00e9ral de l'Environnement et du D\u00e9veloppement Durable et du\u2026","rel":"","context":"Dans &quot;Energie&quot;","block_context":{"text":"Energie","link":"https:\/\/www.enviroscop.fr\/actu\/category\/energie\/"},"img":{"alt_text":"","src":"https:\/\/i0.wp.com\/www.enerzine.com\/UserFiles\/Image\/breve15711a.jpg?resize=350%2C200","width":350,"height":200},"classes":[]}],"jetpack_sharing_enabled":true,"_links":{"self":[{"href":"https:\/\/www.enviroscop.fr\/actu\/wp-json\/wp\/v2\/posts\/4467","targetHints":{"allow":["GET"]}}],"collection":[{"href":"https:\/\/www.enviroscop.fr\/actu\/wp-json\/wp\/v2\/posts"}],"about":[{"href":"https:\/\/www.enviroscop.fr\/actu\/wp-json\/wp\/v2\/types\/post"}],"author":[{"embeddable":true,"href":"https:\/\/www.enviroscop.fr\/actu\/wp-json\/wp\/v2\/users\/1"}],"replies":[{"embeddable":true,"href":"https:\/\/www.enviroscop.fr\/actu\/wp-json\/wp\/v2\/comments?post=4467"}],"version-history":[{"count":1,"href":"https:\/\/www.enviroscop.fr\/actu\/wp-json\/wp\/v2\/posts\/4467\/revisions"}],"predecessor-version":[{"id":4469,"href":"https:\/\/www.enviroscop.fr\/actu\/wp-json\/wp\/v2\/posts\/4467\/revisions\/4469"}],"wp:attachment":[{"href":"https:\/\/www.enviroscop.fr\/actu\/wp-json\/wp\/v2\/media?parent=4467"}],"wp:term":[{"taxonomy":"category","embeddable":true,"href":"https:\/\/www.enviroscop.fr\/actu\/wp-json\/wp\/v2\/categories?post=4467"},{"taxonomy":"post_tag","embeddable":true,"href":"https:\/\/www.enviroscop.fr\/actu\/wp-json\/wp\/v2\/tags?post=4467"}],"curies":[{"name":"wp","href":"https:\/\/api.w.org\/{rel}","templated":true}]}}