{"id":4487,"date":"2021-11-04T14:03:43","date_gmt":"2021-11-04T13:03:43","guid":{"rendered":"http:\/\/www.enviroscop.fr\/actu\/?p=4487"},"modified":"2021-11-04T14:03:43","modified_gmt":"2021-11-04T13:03:43","slug":"guide-pratique-pour-limiter-lartificialisation-des-sols","status":"publish","type":"post","link":"https:\/\/www.enviroscop.fr\/actu\/2021\/11\/guide-pratique-pour-limiter-lartificialisation-des-sols\/","title":{"rendered":"Guide pratique pour limiter l\u2019artificialisation des sols"},"content":{"rendered":"<p><img data-recalc-dims=\"1\" loading=\"lazy\" decoding=\"async\" class=\"alignleft\" src=\"https:\/\/i0.wp.com\/erc.drealnpdc.fr\/wp-content\/uploads\/2021\/08\/Capture-doc.png?resize=264%2C368&#038;ssl=1\" width=\"264\" height=\"368\" \/><\/p>\n<p>Le minist\u00e8re de la Transition \u00c9cologique (MTE) a publi\u00e9 un nouveau guide en 2021 dans le cadre de\u00a0<a href=\"https:\/\/artificialisation.biodiversitetousvivants.fr\/\">l\u2019observatoire de l\u2019artificialisation<\/a>.<\/p>\n<p>Alors que la Loi Climat et R\u00e9silience a \u00e9t\u00e9 adopt\u00e9e le 20 juillet 2021, cet ouvrage met en lumi\u00e8re des bonnes pratiques de gestion \u00e9conome de l\u2019espace. Cette bo\u00eete \u00e0 outils contient des fiches bas\u00e9es sur des retours d\u2019exp\u00e9rience. Pour chaque th\u00e9matique abord\u00e9e, les dispositifs existants sont cit\u00e9s, accompagn\u00e9s de r\u00e9f\u00e9rences pour aller plus loin.<\/p>\n<p>&nbsp;<\/p>\n<p>On retrouve les grands axes habituels du \u00a0\u00bb z\u00e9ro artificialisation nette\u00a0\u00bb : densification, r\u00e9habilitation des friches, renaturation,\u00a0<em>etc<\/em>. mais aussi des actions plus innovantes. Ce guide mentionne quatre \u00ab d\u00e9monstrateurs territoriaux \u00bb des Hauts-de-France :<\/p>\n<ul>\n<li>le p\u00e9rim\u00e8tre de protection des espaces agricoles et naturels p\u00e9riurbains (PAEN) de la communaut\u00e9 de communes du Pays d\u2019Opale (p.43),<\/li>\n<li>la trame verte et bleue (TVB) dans le PLUi de la Communaut\u00e9 d\u2019agglom\u00e9ration de Maubeuge-Val de Sambre (p.60),<\/li>\n<li>la d\u00e9clinaison op\u00e9rationnelle d\u2019une TVB \u00e0 Lomme (p59),<\/li>\n<li>et l\u2019\u00e9tablissement public foncier (EPE) Nord-Pas de Calais (p.80).<\/li>\n<\/ul>\n<p><a href=\"https:\/\/artificialisation.biodiversitetousvivants.fr\/sites\/artificialisation\/files\/inline-files\/Guide_Pratique_Artif_complet.pdf\">Consulter<\/a>\u00a0ce guide et les fiche outils \u2013 Fiches PDF \u2013 134 pages \u2013 5Mo<\/p>\n","protected":false},"excerpt":{"rendered":"<p>Le minist\u00e8re de la Transition \u00c9cologique (MTE) a publi\u00e9 un nouveau guide en 2021 dans le cadre de\u00a0l\u2019observatoire de l\u2019artificialisation. Alors que la Loi Climat et R\u00e9silience a \u00e9t\u00e9 adopt\u00e9e le 20 juillet 2021, cet ouvrage met en lumi\u00e8re des bonnes pratiques de gestion \u00e9conome de l\u2019espace. Cette bo\u00eete \u00e0 outils contient des fiches bas\u00e9es &hellip; <\/p>\n<p><a class=\"more-link btn\" href=\"https:\/\/www.enviroscop.fr\/actu\/2021\/11\/guide-pratique-pour-limiter-lartificialisation-des-sols\/\">Lire la suite<\/a><\/p>\n","protected":false},"author":1,"featured_media":0,"comment_status":"open","ping_status":"open","sticky":false,"template":"","format":"standard","meta":{"jetpack_post_was_ever_published":false,"_jetpack_newsletter_access":"","_jetpack_dont_email_post_to_subs":false,"_jetpack_newsletter_tier_id":0,"_jetpack_memberships_contains_paywalled_content":false,"_jetpack_memberships_contains_paid_content":false,"footnotes":"","jetpack_publicize_message":"","jetpack_publicize_feature_enabled":true,"jetpack_social_post_already_shared":true,"jetpack_social_options":{"image_generator_settings":{"template":"highway","default_image_id":0,"font":"","enabled":false},"version":2}},"categories":[3,20,6,10,68,30,33,82,38,67,41,42,57],"tags":[],"class_list":["post-4487","post","type-post","status-publish","format-standard","hentry","category-agriculture","category-durable","category-ecologie","category-evaluation","category-france","category-guide","category-indicateur","category-ingenierie","category-ministere","category-nature","category-paysage","category-pedagogie","category-urbanisme","item-wrap"],"jetpack_publicize_connections":[],"jetpack_featured_media_url":"","jetpack_shortlink":"https:\/\/wp.me\/p3rXAp-1an","jetpack_likes_enabled":true,"jetpack-related-posts":[{"id":5221,"url":"https:\/\/www.enviroscop.fr\/actu\/2023\/04\/une-carte-doccupation-du-sol-pour-outiller-la-lutte-contre-lartificialisation\/","url_meta":{"origin":4487,"position":0},"title":"Une carte d&rsquo;occupation du sol pour outiller la lutte contre l\u2019artificialisation","author":"Enviroscop","date":"18 avril 2023","format":false,"excerpt":"L\u2019artificialisation est d\u00e9finie comme l\u2019alt\u00e9ration durable de tout ou partie des fonctions \u00e9cologiques d\u2019un sol (fonctions biologiques, hydriques et climatiques) et de son potentiel agronomique par son occupation ou son usage. Le ph\u00e9nom\u00e8ne est aujourd\u2019hui consid\u00e9r\u00e9 comme l\u2019une des causes premi\u00e8res de l\u2019effondrement de la biodiversit\u00e9, de la r\u00e9duction des\u2026","rel":"","context":"Dans &quot;Am\u00e9nagement&quot;","block_context":{"text":"Am\u00e9nagement","link":"https:\/\/www.enviroscop.fr\/actu\/category\/amenagement\/"},"img":{"alt_text":"","src":"https:\/\/i0.wp.com\/www.enviroscop.fr\/actu\/wp-content\/uploads\/2023\/04\/Capture-decran-2023-04-18-101351.png?resize=350%2C200&ssl=1","width":350,"height":200,"srcset":"https:\/\/i0.wp.com\/www.enviroscop.fr\/actu\/wp-content\/uploads\/2023\/04\/Capture-decran-2023-04-18-101351.png?resize=350%2C200&ssl=1 1x, https:\/\/i0.wp.com\/www.enviroscop.fr\/actu\/wp-content\/uploads\/2023\/04\/Capture-decran-2023-04-18-101351.png?resize=525%2C300&ssl=1 1.5x, https:\/\/i0.wp.com\/www.enviroscop.fr\/actu\/wp-content\/uploads\/2023\/04\/Capture-decran-2023-04-18-101351.png?resize=700%2C400&ssl=1 2x, https:\/\/i0.wp.com\/www.enviroscop.fr\/actu\/wp-content\/uploads\/2023\/04\/Capture-decran-2023-04-18-101351.png?resize=1050%2C600&ssl=1 3x, https:\/\/i0.wp.com\/www.enviroscop.fr\/actu\/wp-content\/uploads\/2023\/04\/Capture-decran-2023-04-18-101351.png?resize=1400%2C800&ssl=1 4x"},"classes":[]},{"id":4680,"url":"https:\/\/www.enviroscop.fr\/actu\/2022\/03\/bilan-environnemental-de-la-france-edition-2021\/","url_meta":{"origin":4487,"position":1},"title":"Bilan environnemental de la France &#8211; \u00c9dition 2021","author":"Enviroscop","date":"31 mars 2022","format":false,"excerpt":"Les activit\u00e9s humaines exercent de multiples pressions sur l\u2019environnement et diverses actions sont mises en place pour \u00e9viter, r\u00e9duire ou compenser les dommages caus\u00e9s. Les moyens financiers affect\u00e9s \u00e0 la protection de l\u2019environnement participent \u00e0 cet objectif. Si les progr\u00e8s sont notables dans certains domaines (am\u00e9lioration de la qualit\u00e9 de\u2026","rel":"","context":"Dans &quot;Agriculture&quot;","block_context":{"text":"Agriculture","link":"https:\/\/www.enviroscop.fr\/actu\/category\/activite\/agriculture\/"},"img":{"alt_text":"","src":"","width":0,"height":0},"classes":[]},{"id":4459,"url":"https:\/\/www.enviroscop.fr\/actu\/2021\/10\/lutte-contre-lartificialisation-des-sols-une-circulaire-marque-une-premiere-etape-dans-la-territorialisation-des-objectifs\/","url_meta":{"origin":4487,"position":2},"title":"Lutte contre l\u2019artificialisation des sols : une circulaire marque une premi\u00e8re \u00e9tape dans la territorialisation des objectifs","author":"Enviroscop","date":"21 octobre 2021","format":false,"excerpt":"Sign\u00e9e le 30 ao\u00fbt dernier par Barbara Pompili, Emmanuelle Wargon\u00a0 - pour le minist\u00e8re de la Transition \u00e9cologique - et Jacqueline Gourault - pour le minist\u00e8re de la Coh\u00e9sion des territoires - dans la foul\u00e9e de la promulgation de la\u00a0loi Climat et R\u00e9silience, la\u00a0circulaire relative \u00e0 la contractualisation et \u00e0\u2026","rel":"","context":"Dans &quot;Agriculture&quot;","block_context":{"text":"Agriculture","link":"https:\/\/www.enviroscop.fr\/actu\/category\/activite\/agriculture\/"},"img":{"alt_text":"","src":"","width":0,"height":0},"classes":[]},{"id":4518,"url":"https:\/\/www.enviroscop.fr\/actu\/2021\/11\/portail-de-lartificialisation-des-sols\/","url_meta":{"origin":4487,"position":3},"title":"Portail de l&rsquo;artificialisation des sols","author":"Enviroscop","date":"30 novembre 2021","format":false,"excerpt":"Retrouvez sur ce site les chiffres de la consommation d'espaces, obtenus gr\u00e2ce aux fichiers fonciers. Les indicateurs sont fournis au niveau communal et sont t\u00e9l\u00e9chargeables. Vous trouverez \u00e9galement une carte interactive pour visualiser les donn\u00e9es, et des \u00e9l\u00e9ments d'analyse. Les donn\u00e9es 2009-2020, ont \u00e9t\u00e9 publi\u00e9es en septembre 2021. Elle viennent\u2026","rel":"","context":"Dans &quot;Agriculture&quot;","block_context":{"text":"Agriculture","link":"https:\/\/www.enviroscop.fr\/actu\/category\/activite\/agriculture\/"},"img":{"alt_text":"","src":"https:\/\/i0.wp.com\/www.enviroscop.fr\/actu\/wp-content\/uploads\/2021\/11\/Capture-decran-2021-11-30-082724.jpg?resize=350%2C200","width":350,"height":200,"srcset":"https:\/\/i0.wp.com\/www.enviroscop.fr\/actu\/wp-content\/uploads\/2021\/11\/Capture-decran-2021-11-30-082724.jpg?resize=350%2C200 1x, https:\/\/i0.wp.com\/www.enviroscop.fr\/actu\/wp-content\/uploads\/2021\/11\/Capture-decran-2021-11-30-082724.jpg?resize=525%2C300 1.5x"},"classes":[]},{"id":4748,"url":"https:\/\/www.enviroscop.fr\/actu\/2022\/05\/artificialisation-des-sols-les-criteres-dexemption-des-installations-photovoltaiques-en-consultation\/","url_meta":{"origin":4487,"position":4},"title":"Artificialisation des sols : les crit\u00e8res d\u2019exemption des installations photovolta\u00efques en consultation","author":"Enviroscop","date":"12 mai 2022","format":false,"excerpt":"Philie Marcangelo Leos \/ MCM Presse pour Localtis Am\u00e9nagement et foncier, urbanisme,\u2002Energie,\u2002Environnement Deux projets de textes (un d\u00e9cret et un arr\u00eat\u00e9) soumis \u00e0 consultation jusqu\u2019au 25 mai tentent de m\u00e9nager la ch\u00e8vre et le chou, en permettant notamment le d\u00e9veloppement des projets d\u2019agrivolta\u00efsme sans compromettre la trajectoire de lutte contre\u2026","rel":"","context":"Dans &quot;Agriculture&quot;","block_context":{"text":"Agriculture","link":"https:\/\/www.enviroscop.fr\/actu\/category\/activite\/agriculture\/"},"img":{"alt_text":"panneaux photovolta\u00efques","src":"https:\/\/i0.wp.com\/www.banquedesterritoires.fr\/sites\/default\/files\/styles\/landscape_auto_crop\/public\/2022-05\/AdobeStock_279837228.jpg?resize=350%2C200&ssl=1","width":350,"height":200,"srcset":"https:\/\/i0.wp.com\/www.banquedesterritoires.fr\/sites\/default\/files\/styles\/landscape_auto_crop\/public\/2022-05\/AdobeStock_279837228.jpg?resize=350%2C200&ssl=1 1x, https:\/\/i0.wp.com\/www.banquedesterritoires.fr\/sites\/default\/files\/styles\/landscape_auto_crop\/public\/2022-05\/AdobeStock_279837228.jpg?resize=525%2C300&ssl=1 1.5x, https:\/\/i0.wp.com\/www.banquedesterritoires.fr\/sites\/default\/files\/styles\/landscape_auto_crop\/public\/2022-05\/AdobeStock_279837228.jpg?resize=700%2C400&ssl=1 2x"},"classes":[]},{"id":5177,"url":"https:\/\/www.enviroscop.fr\/actu\/2023\/03\/fabrique-de-la-ville-lademe-presente-son-guide-faire-la-ville-dense-durable-et-desirable\/","url_meta":{"origin":4487,"position":5},"title":"FABRIQUE DE LA VILLE \u2013 L\u2019ADEME PR\u00c9SENTE SON GUIDE : \u00ab FAIRE LA VILLE DENSE, DURABLE ET D\u00c9SIRABLE \u00bb","author":"Enviroscop","date":"2 mars 2023","format":false,"excerpt":"L\u2019atteinte de l\u2019objectif de Z\u00e9ro Artificialisation Nette (ZAN) \u00e0 l\u2019horizon 2050 adopt\u00e9 par la France via la loi Climat et R\u00e9silience de 2021 est clef pour assurer la pr\u00e9servation de la biodiversit\u00e9, et plus largement pour r\u00e9pondre \u00e0 l\u2019urgence climatique, la lutte contre l\u2019\u00e9talement urbain et l\u2019appauvrissement des sols. Alors\u2026","rel":"","context":"Dans &quot;Activit\u00e9&quot;","block_context":{"text":"Activit\u00e9","link":"https:\/\/www.enviroscop.fr\/actu\/category\/activite\/"},"img":{"alt_text":"","src":"","width":0,"height":0},"classes":[]}],"jetpack_sharing_enabled":true,"_links":{"self":[{"href":"https:\/\/www.enviroscop.fr\/actu\/wp-json\/wp\/v2\/posts\/4487","targetHints":{"allow":["GET"]}}],"collection":[{"href":"https:\/\/www.enviroscop.fr\/actu\/wp-json\/wp\/v2\/posts"}],"about":[{"href":"https:\/\/www.enviroscop.fr\/actu\/wp-json\/wp\/v2\/types\/post"}],"author":[{"embeddable":true,"href":"https:\/\/www.enviroscop.fr\/actu\/wp-json\/wp\/v2\/users\/1"}],"replies":[{"embeddable":true,"href":"https:\/\/www.enviroscop.fr\/actu\/wp-json\/wp\/v2\/comments?post=4487"}],"version-history":[{"count":1,"href":"https:\/\/www.enviroscop.fr\/actu\/wp-json\/wp\/v2\/posts\/4487\/revisions"}],"predecessor-version":[{"id":4488,"href":"https:\/\/www.enviroscop.fr\/actu\/wp-json\/wp\/v2\/posts\/4487\/revisions\/4488"}],"wp:attachment":[{"href":"https:\/\/www.enviroscop.fr\/actu\/wp-json\/wp\/v2\/media?parent=4487"}],"wp:term":[{"taxonomy":"category","embeddable":true,"href":"https:\/\/www.enviroscop.fr\/actu\/wp-json\/wp\/v2\/categories?post=4487"},{"taxonomy":"post_tag","embeddable":true,"href":"https:\/\/www.enviroscop.fr\/actu\/wp-json\/wp\/v2\/tags?post=4487"}],"curies":[{"name":"wp","href":"https:\/\/api.w.org\/{rel}","templated":true}]}}