{"id":4506,"date":"2021-11-19T11:22:44","date_gmt":"2021-11-19T10:22:44","guid":{"rendered":"http:\/\/www.enviroscop.fr\/actu\/?p=4506"},"modified":"2021-11-19T11:22:44","modified_gmt":"2021-11-19T10:22:44","slug":"pour-une-meilleure-gestion-des-eaux-pluviales","status":"publish","type":"post","link":"https:\/\/www.enviroscop.fr\/actu\/2021\/11\/pour-une-meilleure-gestion-des-eaux-pluviales\/","title":{"rendered":"Pour une meilleure gestion des eaux pluviales"},"content":{"rendered":"<div class=\"lead__wrapper mb-4\">\n<h2 class=\"lead mb-3\">B\u00e9rang\u00e8re Abba, secr\u00e9taire d&rsquo;\u00c9tat charg\u00e9e de la biodiversit\u00e9, a pr\u00e9sent\u00e9 ce 16 novembre \u00e0 Lille le premier plan national d&rsquo;actions pour une \u00ab\u00a0gestion durable\u00a0\u00bb des eaux pluviales couvrant la p\u00e9riode 2022-2024. Ce plan pr\u00e9voit de mieux int\u00e9grer cette gestion dans les politiques d&rsquo;am\u00e9nagement du territoire, de r\u00e9duire l&rsquo;impact des eaux pluviales sur la qualit\u00e9 de l&rsquo;eau et d&rsquo;en faire une ressource \u00e0 mobiliser pour adapter les villes au changement climatique. Les collectivit\u00e9s seront accompagn\u00e9es financi\u00e8rement via les agences de l&rsquo;eau et l&rsquo;appel \u00e0 manifestation d&rsquo;int\u00e9r\u00eat \u00ab\u00a0D\u00e9monstrateurs de la ville durable\u00a0\u00bb de l&rsquo;Ademe.<\/h2>\n<\/div>\n<div class=\"field field--name-field-tra-media-image field--type-entity-reference\">\n<div class=\"media media--type-image media--view-mode-landscape  figure figure__wrapper \">\n<div class=\"image-copyright\" role=\"figure\" aria-label=\"\u00a9\u00a9\u00a0Adobe stock\">\n<div class=\"field field--name-field-media-image block-media-image\"><img data-recalc-dims=\"1\" loading=\"lazy\" decoding=\"async\" class=\"img-fluid image-style-landscape-auto-crop lazyloaded\" src=\"https:\/\/i0.wp.com\/www.banquedesterritoires.fr\/sites\/default\/files\/styles\/landscape_auto_crop\/public\/2021-11\/AdobeStock_20453142.jpeg?resize=750%2C534&#038;ssl=1\" alt=\"pluie \" width=\"750\" height=\"534\" data-src=\"\/sites\/default\/files\/styles\/landscape_auto_crop\/public\/2021-11\/AdobeStock_20453142.jpeg?itok=nV_BXN2q\" \/><\/div>\n<div class=\"figcaption\">\u00a9\u00a0Adobe stock<\/div>\n<\/div>\n<\/div>\n<\/div>\n<div class=\"spacer-b text-formatted\">\n<p>Le minist\u00e8re de la Transition \u00e9cologique ne cesse d&rsquo;annoncer depuis plusieurs semaines le lancement de plans d&rsquo;actions. Apr\u00e8s ceux dans le domaine de l&rsquo;\u00e9nergie (<a href=\"https:\/\/www.banquedesterritoires.fr\/eolien-barbara-pompili-presente-de-nouvelles-mesures-pour-un-developpement-maitrise-et-responsable\" target=\"_blank\" rel=\"noopener\">\u00e9olien<\/a>,\u00a0<a href=\"https:\/\/www.banquedesterritoires.fr\/energie-solaire-barbara-pompili-presente-son-plan-dactions\" target=\"_blank\" rel=\"noopener\">solaire<\/a>,\u00a0<a href=\"https:\/\/www.banquedesterritoires.fr\/energies-renouvelables-citoyennes-un-plan-dactions-pour-accelerer-le-developpement-des-projets\" target=\"_blank\" rel=\"noopener\">\u00e9nergies renouvelables citoyennes<\/a>), place \u00e0 l&rsquo;eau avec le coup d&rsquo;envoi \u00e0 Lille ce 16 novembre, par la secr\u00e9taire d&rsquo;\u00c9tat charg\u00e9e de la biodiversit\u00e9, du\u00a0<a href=\"https:\/\/www.ecologie.gouv.fr\/sites\/default\/files\/Gestion_durable_des_eaux_pluviales_le_plan_daction.pdf%20couvrant%20la%20p%C3%A9riode%202022-2024\" target=\"_blank\" rel=\"noopener\">premier plan national d&rsquo;actions pour \u00ab\u00a0une gestion durable\u00a0\u00bb des eaux pluviales<\/a>. Destin\u00e9 \u00e0 structurer la politique publique conduite en la mati\u00e8re, ce plan a \u00e9t\u00e9 \u00e9labor\u00e9 en partenariat avec le minist\u00e8re de la Coh\u00e9sion des territoires et des Relations avec les collectivit\u00e9s territoriales et en concertation avec les parties prenantes (associations d&rsquo;\u00e9lus, f\u00e9d\u00e9rations d&rsquo;entreprises priv\u00e9es et acteurs op\u00e9rationnels\u2026), indique le minist\u00e8re dans un communiqu\u00e9. Ses propositions s&rsquo;appuient aussi sur les recommandations formul\u00e9es par le Conseil g\u00e9n\u00e9ral de l&rsquo;environnement et du d\u00e9veloppement durable (CGEDD) dans un\u00a0<a href=\"https:\/\/www.banquedesterritoires.fr\/gestion-des-eaux-pluviales-le-cgedd-jette-un-pave-dans-la-mare\" target=\"_blank\" rel=\"noopener\">rapport<\/a>\u00a0publi\u00e9 en avril 2018 et sur les conclusions des Assises de l&rsquo;eau men\u00e9es en\u00a0<a href=\"https:\/\/www.banquedesterritoires.fr\/assises-de-leau-un-flot-daides-pour-permettre-aux-collectivites-de-renover-leurs-reseaux\" target=\"_blank\" rel=\"noopener\">2018<\/a>\u00a0et\u00a0<a href=\"https:\/\/www.banquedesterritoires.fr\/cloture-des-assises-de-leau-des-mesures-ciblent-les-collectivites\" target=\"_blank\" rel=\"noopener\">2019<\/a>.<\/p>\n<\/div>\n<p>Pour lire l&rsquo;int\u00e9gralit\u00e9 de l&rsquo;article, c&rsquo;est <a href=\"https:\/\/www.banquedesterritoires.fr\/un-premier-plan-national-dactions-pour-une-gestion-durable-des-eaux-pluviales?pk_campaign=newsletter_quotidienne&amp;pk_kwd=2021-11-16&amp;pk_source=Actualit%C3%A9s_Localtis&amp;pk_medium=newsletter_quotidienne\" target=\"_blank\" rel=\"noopener\">sur le site de la Banque des territoires<\/a><\/p>\n<p>et\/ou <a href=\"https:\/\/www.actu-environnement.com\/ae\/news\/plan-actions-national-gestion-durable-eaux-pluviales-2022-2024-38547.php4\" target=\"_blank\" rel=\"noopener\">sur le site d&rsquo;Actu-Environnement<\/a><\/p>\n","protected":false},"excerpt":{"rendered":"<p>B\u00e9rang\u00e8re Abba, secr\u00e9taire d&rsquo;\u00c9tat charg\u00e9e de la biodiversit\u00e9, a pr\u00e9sent\u00e9 ce 16 novembre \u00e0 Lille le premier plan national d&rsquo;actions pour une \u00ab\u00a0gestion durable\u00a0\u00bb des eaux pluviales couvrant la p\u00e9riode 2022-2024. Ce plan pr\u00e9voit de mieux int\u00e9grer cette gestion dans les politiques d&rsquo;am\u00e9nagement du territoire, de r\u00e9duire l&rsquo;impact des eaux pluviales sur la qualit\u00e9 de &hellip; <\/p>\n<p><a class=\"more-link btn\" href=\"https:\/\/www.enviroscop.fr\/actu\/2021\/11\/pour-une-meilleure-gestion-des-eaux-pluviales\/\">Lire la suite<\/a><\/p>\n","protected":false},"author":1,"featured_media":0,"comment_status":"open","ping_status":"open","sticky":false,"template":"","format":"standard","meta":{"jetpack_post_was_ever_published":false,"_jetpack_newsletter_access":"","_jetpack_dont_email_post_to_subs":false,"_jetpack_newsletter_tier_id":0,"_jetpack_memberships_contains_paywalled_content":false,"_jetpack_memberships_contains_paid_content":false,"footnotes":"","jetpack_publicize_message":"","jetpack_publicize_feature_enabled":true,"jetpack_social_post_already_shared":true,"jetpack_social_options":{"image_generator_settings":{"template":"highway","default_image_id":0,"font":"","enabled":false},"version":2}},"categories":[21,10,82,67,41,45,46,53],"tags":[],"class_list":["post-4506","post","type-post","status-publish","format-standard","hentry","category-eau","category-evaluation","category-ingenierie","category-nature","category-paysage","category-pollution","category-risque","category-trames-verte-et-bleue","item-wrap"],"jetpack_publicize_connections":[],"jetpack_featured_media_url":"","jetpack_shortlink":"https:\/\/wp.me\/p3rXAp-1aG","jetpack_likes_enabled":true,"jetpack-related-posts":[{"id":4543,"url":"https:\/\/www.enviroscop.fr\/actu\/2021\/12\/gestion-durable-des-eaux-pluviales-le-plan-daction\/","url_meta":{"origin":4506,"position":0},"title":"Gestion durable  des eaux pluviales : le plan d\u2019action","author":"Enviroscop","date":"16 d\u00e9cembre 2021","format":false,"excerpt":"Chaque ann\u00e9e, entre 20 000 et 30 000 hectares sont grignot\u00e9s sur la nature et les terres agricoles. Limiter l\u2019artificialisation des sols : c\u2019est l\u2019objectif du \"z\u00e9ro artificialisation nette\" (ZAN) d\u2019ici \u00e0 2050, fix\u00e9 par la loi Climat et r\u00e9silience de juillet 2021. \u00c0 travers 4 grands axes, d\u00e9clin\u00e9s en\u2026","rel":"","context":"Dans &quot;Am\u00e9nagement&quot;","block_context":{"text":"Am\u00e9nagement","link":"https:\/\/www.enviroscop.fr\/actu\/category\/amenagement\/"},"img":{"alt_text":"","src":"https:\/\/i0.wp.com\/www.enviroscop.fr\/actu\/wp-content\/uploads\/2021\/12\/Capture-decran-2021-12-16-075527.jpg?resize=350%2C200","width":350,"height":200},"classes":[]},{"id":5091,"url":"https:\/\/www.enviroscop.fr\/actu\/2022\/12\/guide-methodologique-pour-levaluation-de-performances-des-ouvrages-de-maitrise-a-la-source-des-eaux-pluviales\/","url_meta":{"origin":4506,"position":1},"title":"Guide m\u00e9thodologique pour l\u2019\u00e9valuation de performances des ouvrages de ma\u00eetrise \u00e0 la source des eaux pluviales","author":"Enviroscop","date":"19 d\u00e9cembre 2022","format":false,"excerpt":"Ce guide, paru en septembre 2022, rassemble des\u00a0\u00e9l\u00e9ments m\u00e9thodologiques\u00a0et\u00a0des retours d\u2019exp\u00e9rience\u00a0issus de ces projets. Il propose une approche m\u00e9thodologique globale pour l\u2019\u00e9valuation des performances des ouvrages de ma\u00eetrise \u00e0 la source des eaux pluviales\u00a0dans le cadre d\u2019une gestion durable de l\u2019eau. Public cibl\u00e9 : ma\u00eetres d\u2019ouvrage, bureaux d\u2019\u00e9tudes, agents en\u2026","rel":"","context":"Dans &quot;Am\u00e9nagement&quot;","block_context":{"text":"Am\u00e9nagement","link":"https:\/\/www.enviroscop.fr\/actu\/category\/amenagement\/"},"img":{"alt_text":"","src":"https:\/\/i0.wp.com\/erc.drealnpdc.fr\/wp-content\/uploads\/2022\/12\/ouvrages-eau-pluviales.jpg?resize=350%2C200&ssl=1","width":350,"height":200},"classes":[]},{"id":4381,"url":"https:\/\/www.enviroscop.fr\/actu\/2021\/08\/preserver-les-zones-humides-pour-la-gestion-des-crues-et-des-eaux-pluviales\/","url_meta":{"origin":4506,"position":2},"title":"Pr\u00e9server les zones humides pour la gestion des crues et des eaux pluviales","author":"Enviroscop","date":"30 ao\u00fbt 2021","format":false,"excerpt":"Les zones humides, en plus d'\u00eatre des r\u00e9servoirs de biodiversit\u00e9, jouent un r\u00f4le essentiel pour la gestion des crues et des eaux pluviales. Leur pr\u00e9servation et restauration permettent d'agir sur la r\u00e9gulation des d\u00e9bits, le ruissellement, le risque d'inondations, etc. Le Cerema et IdealCO proposent le 19 octobre une formation\u2026","rel":"","context":"Dans &quot;Eau&quot;","block_context":{"text":"Eau","link":"https:\/\/www.enviroscop.fr\/actu\/category\/compartiments\/eau\/"},"img":{"alt_text":"Une zone humide, c&#39;est quoi ? | Eau et Rivi\u00e8res de Bretagne","src":"https:\/\/i0.wp.com\/www.eau-et-rivieres.org\/sites\/erb.fr\/files\/article\/zone_humides_def.jpg?resize=350%2C200&ssl=1","width":350,"height":200},"classes":[]},{"id":4572,"url":"https:\/\/www.enviroscop.fr\/actu\/2022\/01\/integrer-la-gestion-des-eaux-pluviales-dans-lurbanisme-le-zonage-pluvial\/","url_meta":{"origin":4506,"position":3},"title":"Int\u00e9grer la gestion des eaux pluviales dans l&rsquo;urbanisme : le zonage pluvial","author":"Enviroscop","date":"6 janvier 2022","format":false,"excerpt":"Cr\u00e9dit photo : Arnaud Bouissou - TERRA,\u00a0Droits d'utilisation accord\u00e9s au Cerema Bien g\u00e9r\u00e9es, les eaux pluviales sont une ressource. Le zonage pluvial est l\u2019outil technique et juridique qui permet de favoriser l\u2019infiltration \u00e0 la parcelle et de r\u00e9duire les cons\u00e9quences des eaux de ruissellement. Cet article a \u00e9t\u00e9 r\u00e9dig\u00e9 par\u2026","rel":"","context":"Dans &quot;Am\u00e9nagement&quot;","block_context":{"text":"Am\u00e9nagement","link":"https:\/\/www.enviroscop.fr\/actu\/category\/amenagement\/"},"img":{"alt_text":"","src":"","width":0,"height":0},"classes":[]},{"id":4190,"url":"https:\/\/www.enviroscop.fr\/actu\/2021\/04\/gestion-integree-de-leau-en-milieu-urbain-une-serie-de-fiches-du-cerema\/","url_meta":{"origin":4506,"position":4},"title":"Gestion int\u00e9gr\u00e9e de l&rsquo;eau en milieu urbain : une s\u00e9rie de fiches du Cerema","author":"Enviroscop","date":"30 avril 2021","format":false,"excerpt":"Alors que la pr\u00e9servation de la ressource en eau devient une priorit\u00e9, la d\u00e9marche de gestion de l'eau pluviale en ville propos\u00e9e par le Cerema vise \u00e0 respecter au mieux le cycle de l'eau pour faciliter son infiltration au plus pr\u00e8s de l\u00e0 o\u00f9 elle tombe. Ces fiches pr\u00e9sentent une\u2026","rel":"","context":"Dans &quot;Am\u00e9nagement&quot;","block_context":{"text":"Am\u00e9nagement","link":"https:\/\/www.enviroscop.fr\/actu\/category\/amenagement\/"},"img":{"alt_text":"","src":"https:\/\/i0.wp.com\/www.enviroscop.fr\/actu\/wp-content\/uploads\/2021\/04\/Capture-decran-2021-04-30-091331.jpg?resize=350%2C200","width":350,"height":200},"classes":[]},{"id":5313,"url":"https:\/\/www.enviroscop.fr\/actu\/2023\/08\/turbeau-une-plateforme-qui-fait-le-lien-entre-eau-et-urbanisme\/","url_meta":{"origin":4506,"position":5},"title":"TURB\u2019Eau, une plateforme qui fait le lien entre eau et urbanisme","author":"Enviroscop","date":"16 ao\u00fbt 2023","format":false,"excerpt":"Afin de faciliter la compr\u00e9hension et l\u2019int\u00e9gration des enjeux de l\u2019eau dans les documents d\u2019urbanisme, l\u2019Agence de l\u2019eau Seine-Normandie a publi\u00e9 fin juin la plateforme TURB\u2019Eau (Territoires, URBanisme et Eau). Elle est \u00e0 destination des services techniques de collectivit\u00e9s, des services d\u2019urbanisme, de bureaux d\u2019\u00e9tude, agences d\u2019urbanisme, conseils d\u2019architecture, d\u2019urbanisme\u2026","rel":"","context":"Dans &quot;Am\u00e9nagement&quot;","block_context":{"text":"Am\u00e9nagement","link":"https:\/\/www.enviroscop.fr\/actu\/category\/amenagement\/"},"img":{"alt_text":"","src":"https:\/\/i0.wp.com\/www.gesteau.fr\/sites\/default\/files\/styles\/actualites_round_thumbnail\/public\/content_files\/actualite\/Capture_Turbeau.JPG?resize=350%2C200&ssl=1","width":350,"height":200},"classes":[]}],"jetpack_sharing_enabled":true,"_links":{"self":[{"href":"https:\/\/www.enviroscop.fr\/actu\/wp-json\/wp\/v2\/posts\/4506","targetHints":{"allow":["GET"]}}],"collection":[{"href":"https:\/\/www.enviroscop.fr\/actu\/wp-json\/wp\/v2\/posts"}],"about":[{"href":"https:\/\/www.enviroscop.fr\/actu\/wp-json\/wp\/v2\/types\/post"}],"author":[{"embeddable":true,"href":"https:\/\/www.enviroscop.fr\/actu\/wp-json\/wp\/v2\/users\/1"}],"replies":[{"embeddable":true,"href":"https:\/\/www.enviroscop.fr\/actu\/wp-json\/wp\/v2\/comments?post=4506"}],"version-history":[{"count":1,"href":"https:\/\/www.enviroscop.fr\/actu\/wp-json\/wp\/v2\/posts\/4506\/revisions"}],"predecessor-version":[{"id":4507,"href":"https:\/\/www.enviroscop.fr\/actu\/wp-json\/wp\/v2\/posts\/4506\/revisions\/4507"}],"wp:attachment":[{"href":"https:\/\/www.enviroscop.fr\/actu\/wp-json\/wp\/v2\/media?parent=4506"}],"wp:term":[{"taxonomy":"category","embeddable":true,"href":"https:\/\/www.enviroscop.fr\/actu\/wp-json\/wp\/v2\/categories?post=4506"},{"taxonomy":"post_tag","embeddable":true,"href":"https:\/\/www.enviroscop.fr\/actu\/wp-json\/wp\/v2\/tags?post=4506"}],"curies":[{"name":"wp","href":"https:\/\/api.w.org\/{rel}","templated":true}]}}