{"id":4521,"date":"2021-12-02T08:41:07","date_gmt":"2021-12-02T07:41:07","guid":{"rendered":"http:\/\/www.enviroscop.fr\/actu\/?p=4521"},"modified":"2021-12-02T08:41:07","modified_gmt":"2021-12-02T07:41:07","slug":"neutralite-carbone-lademe-ecrit-quatre-recits-possibles-pour-la-france-dici-a-2050","status":"publish","type":"post","link":"https:\/\/www.enviroscop.fr\/actu\/2021\/12\/neutralite-carbone-lademe-ecrit-quatre-recits-possibles-pour-la-france-dici-a-2050\/","title":{"rendered":"Neutralit\u00e9 carbone : l&rsquo;Ademe \u00e9crit quatre r\u00e9cits possibles pour la France d&rsquo;ici \u00e0 2050"},"content":{"rendered":"<p>Apr\u00e8s n\u00e9gaWatt et RTE, c&rsquo;est au tour de l&rsquo;Agence de la transition \u00e9cologique d&rsquo;offrir sa vision de la France en 2050. D\u00e9clin\u00e9e en quatre sc\u00e9narios, plus ou moins sobres, elle ne s&rsquo;arr\u00eate pas seulement au mix \u00e9nerg\u00e9tique.<\/p>\n<p><i>\u00ab\u00a0La neutralit\u00e9 carbone n&rsquo;est pas qu&rsquo;un sujet \u00e9nerg\u00e9tique<\/i>, a insist\u00e9 Arnaud Leroy, pr\u00e9sident de l&rsquo;Agence de la transition \u00e9cologique (Ademe), ce mardi 30\u00a0novembre, en pr\u00e9ambule de la pr\u00e9sentation du rapport \u00ab\u00a0<a href=\"https:\/\/www.actu-environnement.com\/media\/pdf\/news-38644-transitions2050-synthese.pdf\" target=\"_blank\" rel=\"noopener\">Transition(s) 2050<\/a>\u00a0\u00bb.\u00a0<i>C&rsquo;est une erreur magistrale de ne s&rsquo;arr\u00eater qu&rsquo;\u00e0 cela et, \u00e0 l&rsquo;inverse, c&rsquo;est l&rsquo;atout de notre rapport face aux autres sc\u00e9narios publi\u00e9s \u00e0 ce sujet.\u00a0\u00bb<\/i>\u00a0Tout autant attendu que les rapports de\u00a0<a href=\"https:\/\/www.actu-environnement.com\/ae\/news\/energie-2050-rapport-RTE-38432.php4\" target=\"_blank\" rel=\"noopener\">RTE<\/a>\u00a0ou de l&rsquo;association\u00a0<a href=\"https:\/\/www.actu-environnement.com\/ae\/news\/transition-energetique-negawatt-scenario-2022-38396.php4\" target=\"_blank\" rel=\"noopener\">n\u00e9gaWatt<\/a>\u00a0sur le mix \u00e9nerg\u00e9tique fran\u00e7ais, l&rsquo;\u00e9tude de l&rsquo;Ademe d\u00e9livre, \u00e0 son tour, une vision prospective pour atteindre la neutralit\u00e9 carbone en France d&rsquo;ici \u00e0 2050.<\/p>\n<p>D\u00e9clin\u00e9e en quatre sc\u00e9narios ou \u00ab\u00a0r\u00e9cits\u00a0\u00bb, plus ou moins sobres, cette analyse se place n\u00e9anmoins en compl\u00e9mentarit\u00e9 avec les travaux pr\u00e9c\u00e9dents, se focalisant davantage sur le sujet de la transition soci\u00e9tale que simplement \u00e9nerg\u00e9tique. L&rsquo;Ademe pr\u00e9voit toutefois d&rsquo;aborder la question du mix \u00e9lectrique, dans un rapport additionnel \u00e0 para\u00eetre fin janvier 2022, ainsi que l&rsquo;impact macro-\u00e9conomique de chaque sc\u00e9nario \u00e9labor\u00e9 \u2013 dont\u00a0<i>\u00ab\u00a0les r\u00e9sultats pr\u00e9liminaires sont plut\u00f4t positifs\u00a0\u00bb<\/i>, affirme Arnaud Leroy\u00a0\u2013 d&rsquo;ici \u00e0 fin mars 2022. En outre, une analyse \u00e9tendue en dehors des limites de la France m\u00e9tropolitaine sera aussi propos\u00e9e dans un second temps.<\/p>\n<p>L&rsquo;int\u00e9gralit\u00e9 de l&rsquo;article <a href=\"https:\/\/www.actu-environnement.com\/ae\/news\/neutralite-carbone-ademe-4-scenarios-france-2050-38644.php4#xtor=ES-6\" target=\"_blank\" rel=\"noopener\">sur Actu environnement<\/a><\/p>\n","protected":false},"excerpt":{"rendered":"<p>Apr\u00e8s n\u00e9gaWatt et RTE, c&rsquo;est au tour de l&rsquo;Agence de la transition \u00e9cologique d&rsquo;offrir sa vision de la France en 2050. D\u00e9clin\u00e9e en quatre sc\u00e9narios, plus ou moins sobres, elle ne s&rsquo;arr\u00eate pas seulement au mix \u00e9nerg\u00e9tique. \u00ab\u00a0La neutralit\u00e9 carbone n&rsquo;est pas qu&rsquo;un sujet \u00e9nerg\u00e9tique, a insist\u00e9 Arnaud Leroy, pr\u00e9sident de l&rsquo;Agence de la transition &hellip; <\/p>\n<p><a class=\"more-link btn\" href=\"https:\/\/www.enviroscop.fr\/actu\/2021\/12\/neutralite-carbone-lademe-ecrit-quatre-recits-possibles-pour-la-france-dici-a-2050\/\">Lire la suite<\/a><\/p>\n","protected":false},"author":1,"featured_media":0,"comment_status":"open","ping_status":"open","sticky":false,"template":"","format":"standard","meta":{"jetpack_post_was_ever_published":false,"_jetpack_newsletter_access":"","_jetpack_dont_email_post_to_subs":false,"_jetpack_newsletter_tier_id":0,"_jetpack_memberships_contains_paywalled_content":false,"_jetpack_memberships_contains_paid_content":false,"footnotes":"","jetpack_publicize_message":"","jetpack_publicize_feature_enabled":true,"jetpack_social_post_already_shared":true,"jetpack_social_options":{"image_generator_settings":{"template":"highway","default_image_id":0,"font":"","enabled":false},"version":2}},"categories":[2,4,15,20,22,7,10,30,33],"tags":[],"class_list":["post-4521","post","type-post","status-publish","format-standard","hentry","category-ademe","category-air","category-climat","category-durable","category-economie","category-energie","category-evaluation","category-guide","category-indicateur","item-wrap"],"jetpack_publicize_connections":[],"jetpack_featured_media_url":"","jetpack_shortlink":"https:\/\/wp.me\/p3rXAp-1aV","jetpack_likes_enabled":true,"jetpack-related-posts":[{"id":4467,"url":"https:\/\/www.enviroscop.fr\/actu\/2021\/10\/publication-du-rapport-rte\/","url_meta":{"origin":4521,"position":0},"title":"Publication du rapport RTE","author":"Enviroscop","date":"25 octobre 2021","format":false,"excerpt":"Ce lundi 25 octobre, RTE a rendu public son rapport \u00ab Futurs \u00e9nerg\u00e9tiques 2050 \u00bb qui \u00e9tudie les diff\u00e9rents sc\u00e9narios de mix \u00e9lectriques possibles pour que la France atteigne la neutralit\u00e9 carbone en 2050. Dans cette analyse mandat\u00e9e par le gouvernement, quels que soient les sc\u00e9narios mod\u00e9lis\u00e9s, les \u00e9nergies renouvelables\u2026","rel":"","context":"Dans &quot;Climat&quot;","block_context":{"text":"Climat","link":"https:\/\/www.enviroscop.fr\/actu\/category\/climat\/"},"img":{"alt_text":"","src":"https:\/\/i0.wp.com\/www.enviroscop.fr\/actu\/wp-content\/uploads\/2021\/10\/Capture-decran-2021-10-25-150502.jpg?resize=350%2C200","width":350,"height":200},"classes":[]},{"id":4221,"url":"https:\/\/www.enviroscop.fr\/actu\/2021\/05\/aider-les-pme-a-engager-leur-transition-ecologique\/","url_meta":{"origin":4521,"position":1},"title":"Aider les PME \u00e0 engager leur transition \u00e9cologique","author":"Enviroscop","date":"11 mai 2021","format":false,"excerpt":"Envie d\u2019initier une d\u00e9marche d\u2019\u00e9coconception\u2009? D\u2019afficher l\u2019\u00c9colabel europ\u00e9en\u2009? De r\u00e9aliser un audit \u00e9nerg\u00e9tique de vos b\u00e2timents\u2009? Si vous dirigez une PME, c\u2019est le moment de vous engager dans la transition \u00e9cologique\u2009! \u00a0 \u00a0 \u00a0 Gr\u00e2ce au plan France Relance, l\u2019ADEME innove avec des dispositifs nouveaux, simples et efficients pour r\u00e9pondre\u2026","rel":"","context":"Dans &quot;ADEME&quot;","block_context":{"text":"ADEME","link":"https:\/\/www.enviroscop.fr\/actu\/category\/source\/ademe\/"},"img":{"alt_text":"","src":"https:\/\/i0.wp.com\/www.enviroscop.fr\/actu\/wp-content\/uploads\/2021\/05\/Capture-decran-2021-05-11-153456.jpg?resize=350%2C200","width":350,"height":200},"classes":[]},{"id":3726,"url":"https:\/\/www.enviroscop.fr\/actu\/2020\/04\/strategie-nationale-bas-carbone\/","url_meta":{"origin":4521,"position":2},"title":"Strat\u00e9gie Nationale Bas Carbone","author":"Enviroscop","date":"24 avril 2020","format":false,"excerpt":"La strat\u00e9gie nationale bas-carbone (SNBC) d\u00e9crit la feuille de route de la France pour conduire la politique d\u2019att\u00e9nuation du changement climatique. Elle donne des orientations pour mettre en \u0153uvre la transition vers une \u00e9conomie bas-carbone dans tous les secteurs d\u2019activit\u00e9s.Elle d\u00e9finit des objectifs de r\u00e9duction des \u00e9missions de gaz \u00e0\u2026","rel":"","context":"Dans &quot;Air&quot;","block_context":{"text":"Air","link":"https:\/\/www.enviroscop.fr\/actu\/category\/compartiments\/air\/"},"img":{"alt_text":"","src":"https:\/\/i0.wp.com\/www.enviroscop.fr\/actu\/wp-content\/uploads\/2020\/04\/image-4.png?resize=350%2C200&ssl=1","width":350,"height":200},"classes":[]},{"id":3548,"url":"https:\/\/www.enviroscop.fr\/actu\/2019\/11\/loi-n-2019-1147-du-8-novembre-2019-relative-a-lenergie-et-au-climat\/","url_meta":{"origin":4521,"position":3},"title":"Loi n\u00b0 2019-1147 du 8 novembre 2019 relative \u00e0 l&rsquo;\u00e9nergie et au climat","author":"Enviroscop","date":"13 novembre 2019","format":false,"excerpt":"Loi vers une neutralit\u00e9 carbone L'Assembl\u00e9e nationale et le S\u00e9nat ont adopt\u00e9, la nouvelle loirelative \u00e0 l'\u00e9nergie et au climat. En synth\u00e8se, ce texte actualise les objectifs de la politique de l\u2019\u00e9nergie pour tenir compte du Plan climat adopt\u00e9 en 2017, de la Strat\u00e9gie nationale bas carbone (SNBC) et de\u2026","rel":"","context":"Dans &quot;Biomasse&quot;","block_context":{"text":"Biomasse","link":"https:\/\/www.enviroscop.fr\/actu\/category\/energie\/renouvelable\/biomasse\/"},"img":{"alt_text":"Protestation, climat, neutralite carbone","src":"https:\/\/i0.wp.com\/cdn.pixabay.com\/photo\/2014\/09\/21\/23\/25\/protest-455717_960_720.jpg?resize=350%2C200&ssl=1","width":350,"height":200},"classes":[]},{"id":5215,"url":"https:\/\/www.enviroscop.fr\/actu\/2023\/04\/photovoltaique-sol-et-biodiversite-enjeux-et-bonnes-pratiques\/","url_meta":{"origin":4521,"position":4},"title":"Photovolta\u00efque, sol et biodiversit\u00e9 : enjeux et bonnes pratiques","author":"Enviroscop","date":"6 avril 2023","format":false,"excerpt":"Le d\u00e9ploiement des \u00e9nergies renouvelables est l\u2019un des moyens majeurs d\u2019atteindre la neutralit\u00e9 carbone et de r\u00e9duire notre d\u00e9pendance \u00e9nerg\u00e9tique. Le solaire photovolta\u00efque, en particulier, est appel\u00e9 \u00e0 jouer un r\u00f4le majeur dans la transition en cours. Lorsqu\u2019elles sont implant\u00e9es dans des milieux naturels, les centrales photovolta\u00efques peuvent avoir des\u2026","rel":"","context":"Dans &quot;ADEME&quot;","block_context":{"text":"ADEME","link":"https:\/\/www.enviroscop.fr\/actu\/category\/source\/ademe\/"},"img":{"alt_text":"","src":"","width":0,"height":0},"classes":[]},{"id":4311,"url":"https:\/\/www.enviroscop.fr\/actu\/2021\/06\/78-des-salaries-choisiraient-de-rejoindre-une-entreprise-engagee-pour-la-transition-ecologique\/","url_meta":{"origin":4521,"position":5},"title":"78% des salari\u00e9s choisiraient de rejoindre une entreprise engag\u00e9e pour la transition \u00e9cologique","author":"Enviroscop","date":"24 juin 2021","format":false,"excerpt":"Si en plus, elle est en SCOP... LinkedIn et l\u2019ADEME pr\u00e9sentent ce jour une nouvelle \u00e9tude r\u00e9alis\u00e9e avec l\u2019Institut CSA afin d\u2019\u00e9valuer le regard que portent les salari\u00e9s sur la transition \u00e9cologique au sein de leur entreprise ou organisation en France.\u00a0Cette \u00e9tude r\u00e9v\u00e8le que les salari\u00e9s, soucieux des enjeux environnementaux,\u2026","rel":"","context":"Dans &quot;ADEME&quot;","block_context":{"text":"ADEME","link":"https:\/\/www.enviroscop.fr\/actu\/category\/source\/ademe\/"},"img":{"alt_text":"","src":"https:\/\/i0.wp.com\/www.enviroscop.fr\/actu\/wp-content\/uploads\/2021\/06\/equipe.jpg?resize=350%2C200","width":350,"height":200,"srcset":"https:\/\/i0.wp.com\/www.enviroscop.fr\/actu\/wp-content\/uploads\/2021\/06\/equipe.jpg?resize=350%2C200 1x, https:\/\/i0.wp.com\/www.enviroscop.fr\/actu\/wp-content\/uploads\/2021\/06\/equipe.jpg?resize=525%2C300 1.5x, https:\/\/i0.wp.com\/www.enviroscop.fr\/actu\/wp-content\/uploads\/2021\/06\/equipe.jpg?resize=700%2C400 2x, https:\/\/i0.wp.com\/www.enviroscop.fr\/actu\/wp-content\/uploads\/2021\/06\/equipe.jpg?resize=1050%2C600 3x, https:\/\/i0.wp.com\/www.enviroscop.fr\/actu\/wp-content\/uploads\/2021\/06\/equipe.jpg?resize=1400%2C800 4x"},"classes":[]}],"jetpack_sharing_enabled":true,"_links":{"self":[{"href":"https:\/\/www.enviroscop.fr\/actu\/wp-json\/wp\/v2\/posts\/4521","targetHints":{"allow":["GET"]}}],"collection":[{"href":"https:\/\/www.enviroscop.fr\/actu\/wp-json\/wp\/v2\/posts"}],"about":[{"href":"https:\/\/www.enviroscop.fr\/actu\/wp-json\/wp\/v2\/types\/post"}],"author":[{"embeddable":true,"href":"https:\/\/www.enviroscop.fr\/actu\/wp-json\/wp\/v2\/users\/1"}],"replies":[{"embeddable":true,"href":"https:\/\/www.enviroscop.fr\/actu\/wp-json\/wp\/v2\/comments?post=4521"}],"version-history":[{"count":1,"href":"https:\/\/www.enviroscop.fr\/actu\/wp-json\/wp\/v2\/posts\/4521\/revisions"}],"predecessor-version":[{"id":4522,"href":"https:\/\/www.enviroscop.fr\/actu\/wp-json\/wp\/v2\/posts\/4521\/revisions\/4522"}],"wp:attachment":[{"href":"https:\/\/www.enviroscop.fr\/actu\/wp-json\/wp\/v2\/media?parent=4521"}],"wp:term":[{"taxonomy":"category","embeddable":true,"href":"https:\/\/www.enviroscop.fr\/actu\/wp-json\/wp\/v2\/categories?post=4521"},{"taxonomy":"post_tag","embeddable":true,"href":"https:\/\/www.enviroscop.fr\/actu\/wp-json\/wp\/v2\/tags?post=4521"}],"curies":[{"name":"wp","href":"https:\/\/api.w.org\/{rel}","templated":true}]}}