{"id":4539,"date":"2021-12-13T16:24:29","date_gmt":"2021-12-13T15:24:29","guid":{"rendered":"http:\/\/www.enviroscop.fr\/actu\/?p=4539"},"modified":"2021-12-13T16:24:29","modified_gmt":"2021-12-13T15:24:29","slug":"partir-vivre-a-la-campagne-mais-au-fait-cest-ou-la-campagne","status":"publish","type":"post","link":"https:\/\/www.enviroscop.fr\/actu\/2021\/12\/partir-vivre-a-la-campagne-mais-au-fait-cest-ou-la-campagne\/","title":{"rendered":"Partir vivre \u00e0 la campagne\u2026 Mais au fait, c\u2019est o\u00f9 la campagne ?"},"content":{"rendered":"<p><strong><img data-recalc-dims=\"1\" decoding=\"async\" src=\"https:\/\/i0.wp.com\/blog.insee.fr\/wp-content\/uploads\/2021\/11\/BlogInsee_def_rural_carte_France.png?w=750&#038;ssl=1\" \/>Fin 2020, l\u2019Insee a propos\u00e9 une nouvelle d\u00e9finition du rural, qui rompt avec l\u2019approche pr\u00e9c\u00e9dente centr\u00e9e en premier lieu sur la ville. Cette nouvelle d\u00e9finition s\u2019appuie sur une \u00ab\u00a0grille de densit\u00e9\u00a0\u00bb qui tient compte du nombre d\u2019habitants et de la concentration de ces habitants dans l\u2019espace communal. Les communes peu denses et tr\u00e8s peu denses au sens de cette grille sont dites rurales\u00a0: en 2017, un tiers de la population vit dans une commune rurale en France, une proportion dans la m\u00e9diane des pays europ\u00e9ens. Les communes rurales se distinguent selon qu\u2019elles sont ou non sous l\u2019influence d\u2019un p\u00f4le d\u2019emploi. Dans le rural sous influence, dit p\u00e9ri-urbain, la population a cr\u00fb fortement depuis plusieurs d\u00e9cennies et cette croissance s\u2019est poursuivie ces derni\u00e8res ann\u00e9es\u00a0: + 9\u00a0% entre 2007 et 2017.\u00a0<em>A contrario<\/em>, la population a diminu\u00e9 dans les communes rurales hors influence et tr\u00e8s peu denses\u00a0: \u2013\u00a02\u00a0% sur la m\u00eame p\u00e9riode. Le d\u00e9veloppement du t\u00e9l\u00e9travail pourrait amplifier la croissance d\u00e9mographique du rural p\u00e9ri-urbain.<\/strong><\/p>\n<p>Au moment o\u00f9 les entreprises d\u00e9finissent des r\u00e8gles durables d\u2019organisation du t\u00e9l\u00e9travail pour leurs salari\u00e9s, certains d\u2019entre eux se posent la question de quitter le c\u0153ur des agglom\u00e9rations pour s\u2019installer \u00e0 la campagne, d\u00e8s lors que cela devient compatible avec l\u2019exercice de leur m\u00e9tier. C\u2019est ainsi qu\u2019une banque en ligne propose d\u00e9sormais \u00e0 ses conseillers de client\u00e8le, jusque-l\u00e0 regroup\u00e9s en r\u00e9gion parisienne, de s\u2019installer dans n\u2019importe quel endroit du territoire (jusqu\u2019\u00e0 3\u00a0heures de Paris) et de ne venir travailler au si\u00e8ge que deux jours par mois.<\/p>\n<p>Pouss\u00e9s par le d\u00e9sir d\u2019espace, la perspective de devenir propri\u00e9taires d\u2019une maison et l\u2019envie de \u00ab\u00a0se mettre au vert\u00a0\u00bb, les salari\u00e9s concern\u00e9s recherchent de nouveaux lieux de r\u00e9sidence et se posent la question d\u2019aller vivre \u00e0 la campagne. Mais au fait, c\u2019est o\u00f9 la campagne\u00a0? Comment d\u00e9finit-on la France rurale et quels sont les territoires concern\u00e9s\u00a0? Quelles sont les caract\u00e9ristiques de leurs habitants et comment \u00e9voluent-elles\u00a0?<\/p>\n<h5><em><strong>Une nouvelle d\u00e9finition du rural ?<\/strong><\/em><\/h5>\n<p>Pour lire l&rsquo;article et voir cette nouvelle d\u00e9finition, <a href=\"https:\/\/blog.insee.fr\/https-blog-insee-fr-partir-vivre-a-la-campagne-mais-au-fait-cest-ou-la-campagne-ouvre-un-nouvel-onglet\/\" target=\"_blank\" rel=\"noopener\">c&rsquo;est sur le site de l&rsquo;INSEE<\/a><\/p>\n","protected":false},"excerpt":{"rendered":"<p>Fin 2020, l\u2019Insee a propos\u00e9 une nouvelle d\u00e9finition du rural, qui rompt avec l\u2019approche pr\u00e9c\u00e9dente centr\u00e9e en premier lieu sur la ville. Cette nouvelle d\u00e9finition s\u2019appuie sur une \u00ab\u00a0grille de densit\u00e9\u00a0\u00bb qui tient compte du nombre d\u2019habitants et de la concentration de ces habitants dans l\u2019espace communal. Les communes peu denses et tr\u00e8s peu denses &hellip; <\/p>\n<p><a class=\"more-link btn\" href=\"https:\/\/www.enviroscop.fr\/actu\/2021\/12\/partir-vivre-a-la-campagne-mais-au-fait-cest-ou-la-campagne\/\">Lire la suite<\/a><\/p>\n","protected":false},"author":1,"featured_media":0,"comment_status":"open","ping_status":"open","sticky":false,"template":"","format":"standard","meta":{"jetpack_post_was_ever_published":false,"_jetpack_newsletter_access":"","_jetpack_dont_email_post_to_subs":false,"_jetpack_newsletter_tier_id":0,"_jetpack_memberships_contains_paywalled_content":false,"_jetpack_memberships_contains_paid_content":false,"footnotes":"","jetpack_publicize_message":"","jetpack_publicize_feature_enabled":true,"jetpack_social_post_already_shared":true,"jetpack_social_options":{"image_generator_settings":{"template":"highway","default_image_id":0,"font":"","enabled":false},"version":2}},"categories":[3,5,81,41,47,53,56],"tags":[],"class_list":["post-4539","post","type-post","status-publish","format-standard","hentry","category-agriculture","category-amenagement","category-insee","category-paysage","category-ruralite","category-trames-verte-et-bleue","category-urbanisation","item-wrap"],"jetpack_publicize_connections":[],"jetpack_featured_media_url":"","jetpack_shortlink":"https:\/\/wp.me\/p3rXAp-1bd","jetpack_likes_enabled":true,"jetpack-related-posts":[{"id":3987,"url":"https:\/\/www.enviroscop.fr\/actu\/2021\/01\/zonage-rural\/","url_meta":{"origin":4539,"position":0},"title":"Zonage rural","author":"Enviroscop","date":"7 janvier 2021","format":false,"excerpt":"Depuis plusieurs d\u00e9cennies, l\u2019approche de l\u2019espace rural reposait sur une d\u00e9finition \u00ab en creux \u00bb : les territoires ruraux n\u2019\u00e9taient pas d\u00e9finis par leurs caract\u00e9ristiques mais comme non urbains. Valid\u00e9e lors du Comit\u00e9 interminist\u00e9riel des ruralit\u00e9s (CIR) le 14 novembre 2020, la nouvelle d\u00e9finition de la ruralit\u00e9 s\u2019attache au\u00a0crit\u00e8re de\u2026","rel":"","context":"Dans &quot;France&quot;","block_context":{"text":"France","link":"https:\/\/www.enviroscop.fr\/actu\/category\/europe\/france\/"},"img":{"alt_text":"","src":"","width":0,"height":0},"classes":[]},{"id":5025,"url":"https:\/\/www.enviroscop.fr\/actu\/2022\/10\/mobilites-durables-et-inclusives-en-zones-peu-denses-participez-a-la-consultation-du-cese\/","url_meta":{"origin":4539,"position":1},"title":"Mobilit\u00e9s durables et inclusives en zones peu denses : Participez \u00e0 la consultation du CESE !","author":"Enviroscop","date":"18 octobre 2022","format":false,"excerpt":"Un avis du CESE nourri par vos contributions En\u00a0France,\u00a0plus de la moiti\u00e9 de la population habite dans des territoires ruraux ou p\u00e9riurbains. La question des mobilit\u00e9s est donc fondamentale : le risque d\u2019isolement et de d\u00e9pendance est encore plus important pour celles et ceux qui ne peuvent pas utiliser facilement\u2026","rel":"","context":"Dans &quot;Activit\u00e9&quot;","block_context":{"text":"Activit\u00e9","link":"https:\/\/www.enviroscop.fr\/actu\/category\/activite\/"},"img":{"alt_text":"","src":"","width":0,"height":0},"classes":[]},{"id":5191,"url":"https:\/\/www.enviroscop.fr\/actu\/2023\/03\/zero-artificialisation-nette-le-senat-adopte-sa-proposition-de-loi-retouchee\/","url_meta":{"origin":4539,"position":2},"title":"\u00ab\u00a0Z\u00e9ro artificialisation nette\u00a0\u00bb : le S\u00e9nat adopte sa proposition de loi retouch\u00e9e","author":"Enviroscop","date":"20 mars 2023","format":false,"excerpt":"Le S\u00e9nat a adopt\u00e9 en premi\u00e8re lecture dans la nuit du 16 au 17 mars la proposition de loi qu'il avait initi\u00e9e pour rem\u00e9dier aux difficult\u00e9s de mise en \u0153uvre de l'objectif de \"z\u00e9ro artificialisation nette (ZAN)\" des sols d'ici 2050 inscrit dans la loi Climat et R\u00e9silience. Des d\u00e9saccords\u2026","rel":"","context":"Dans &quot;Agriculture&quot;","block_context":{"text":"Agriculture","link":"https:\/\/www.enviroscop.fr\/actu\/category\/activite\/agriculture\/"},"img":{"alt_text":"ZAN","src":"https:\/\/i0.wp.com\/www.banquedesterritoires.fr\/sites\/default\/files\/styles\/landscape_auto_crop\/public\/2023-03\/gfhfghfdghfghjjkjjkkkkkkkk.jpg?resize=350%2C200&ssl=1","width":350,"height":200},"classes":[]},{"id":4411,"url":"https:\/\/www.enviroscop.fr\/actu\/2021\/09\/la-mobilite-dans-les-territoires-peu-denses\/","url_meta":{"origin":4539,"position":3},"title":"La mobilit\u00e9 dans les territoires peu denses","author":"Enviroscop","date":"14 septembre 2021","format":false,"excerpt":"La\u00a0diversit\u00e9 des territoires\u00a0et le\u00a0foisonnement des diff\u00e9rentes formes de services de mobilit\u00e9, impliquent qu\u2019il n\u2019est pas possible d\u2019\u00e9laborer des solutions cl\u00e9s en main, dont la pertinence serait assur\u00e9e d\u2019avance. Pour faire les bons choix, chaque territoire doit se donner les moyens d\u2019appr\u00e9hender ses propres enjeux de mobilit\u00e9 au regard des besoins\u2026","rel":"","context":"Dans &quot;Air&quot;","block_context":{"text":"Air","link":"https:\/\/www.enviroscop.fr\/actu\/category\/compartiments\/air\/"},"img":{"alt_text":"La mobilit\u00e9 dans les territoires peu denses - Un d\u00e9fi pour la coh\u00e9sion et l\u2019\u00e9galit\u00e9 des territoires","src":"https:\/\/i0.wp.com\/www.cerema.fr\/sites\/default\/files\/styles\/publication_portrait\/public\/images\/product\/2021\/07\/couv_mobilite_zone_peu-dense_catalog_0.jpg?resize=350%2C200&ssl=1","width":350,"height":200},"classes":[]},{"id":4939,"url":"https:\/\/www.enviroscop.fr\/actu\/2022\/09\/comment-integrer-la-biodiversite-dans-la-planification-urbaine-ou-linverse\/","url_meta":{"origin":4539,"position":4},"title":"Comment int\u00e9grer la biodiversit\u00e9 dans la planification urbaine\u2026 ou l\u2019inverse ?","author":"Enviroscop","date":"9 septembre 2022","format":false,"excerpt":"\u00a9 DR \"D\u00e9montrer comment l\u2019urbanisme doit et peut s\u2019adapter \u00e0 la biodiversit\u00e9, et non l\u2019inverse\". Tel \u00e9tait l\u2019objectif affich\u00e9 de l\u2019un des ateliers des\u00a012es Assises nationales de la biodiversit\u00e9\u00a0qui se tiennent \u00e0 Besan\u00e7on du 7 au 9 septembre. \u00a0 Un atelier des 12es Assises nationales de la biodiversit\u00e9 qui se\u2026","rel":"","context":"Dans &quot;AEU&quot;","block_context":{"text":"AEU","link":"https:\/\/www.enviroscop.fr\/actu\/category\/amenagement\/urbanisme\/aeu\/"},"img":{"alt_text":"espace naturel ville ","src":"https:\/\/i0.wp.com\/www.banquedesterritoires.fr\/sites\/default\/files\/styles\/landscape_no_crop\/public\/2022-09\/Sanfghfdghfghfghs%20titre-1.jpg?resize=350%2C200&ssl=1","width":350,"height":200,"srcset":"https:\/\/i0.wp.com\/www.banquedesterritoires.fr\/sites\/default\/files\/styles\/landscape_no_crop\/public\/2022-09\/Sanfghfdghfghfghs%20titre-1.jpg?resize=350%2C200&ssl=1 1x, https:\/\/i0.wp.com\/www.banquedesterritoires.fr\/sites\/default\/files\/styles\/landscape_no_crop\/public\/2022-09\/Sanfghfdghfghfghs%20titre-1.jpg?resize=525%2C300&ssl=1 1.5x, https:\/\/i0.wp.com\/www.banquedesterritoires.fr\/sites\/default\/files\/styles\/landscape_no_crop\/public\/2022-09\/Sanfghfdghfghfghs%20titre-1.jpg?resize=700%2C400&ssl=1 2x"},"classes":[]},{"id":5197,"url":"https:\/\/www.enviroscop.fr\/actu\/2023\/03\/rwe-sengage-localement-pour-reduire-la-facture-des-riverains-de-ses-parcs-eoliens-et-solaires\/","url_meta":{"origin":4539,"position":5},"title":"RWE s\u2019engage localement pour r\u00e9duire la facture des riverains de ses parcs \u00e9oliens et solaires","author":"Enviroscop","date":"27 mars 2023","format":false,"excerpt":"RWE a d\u00e9velopp\u00e9 une offre attractive allant jusqu\u2019\u00e0 50 % de la facture annuelle d\u2019\u00e9lectricit\u00e9 des foyers situ\u00e9s sur les communes d\u2019implantation d\u2019\u00e9nergies renouvelables solaire ou \u00e9olien, permettant d\u2019associer directement les riverains aux retomb\u00e9es de la production locale d\u2019\u00e9lectricit\u00e9. \u00a0 \u00a0 RWE, acteur majeur de la transition \u00e9nerg\u00e9tique, est \u00e0\u2026","rel":"","context":"Dans &quot;Consommation&quot;","block_context":{"text":"Consommation","link":"https:\/\/www.enviroscop.fr\/actu\/category\/energie\/consommation\/"},"img":{"alt_text":"RWE","src":"https:\/\/tecsol.blogs.com\/.a\/6a00d8341bfe5d53ef02b75177ec5f200b-580wi","width":350,"height":200},"classes":[]}],"jetpack_sharing_enabled":true,"_links":{"self":[{"href":"https:\/\/www.enviroscop.fr\/actu\/wp-json\/wp\/v2\/posts\/4539","targetHints":{"allow":["GET"]}}],"collection":[{"href":"https:\/\/www.enviroscop.fr\/actu\/wp-json\/wp\/v2\/posts"}],"about":[{"href":"https:\/\/www.enviroscop.fr\/actu\/wp-json\/wp\/v2\/types\/post"}],"author":[{"embeddable":true,"href":"https:\/\/www.enviroscop.fr\/actu\/wp-json\/wp\/v2\/users\/1"}],"replies":[{"embeddable":true,"href":"https:\/\/www.enviroscop.fr\/actu\/wp-json\/wp\/v2\/comments?post=4539"}],"version-history":[{"count":1,"href":"https:\/\/www.enviroscop.fr\/actu\/wp-json\/wp\/v2\/posts\/4539\/revisions"}],"predecessor-version":[{"id":4540,"href":"https:\/\/www.enviroscop.fr\/actu\/wp-json\/wp\/v2\/posts\/4539\/revisions\/4540"}],"wp:attachment":[{"href":"https:\/\/www.enviroscop.fr\/actu\/wp-json\/wp\/v2\/media?parent=4539"}],"wp:term":[{"taxonomy":"category","embeddable":true,"href":"https:\/\/www.enviroscop.fr\/actu\/wp-json\/wp\/v2\/categories?post=4539"},{"taxonomy":"post_tag","embeddable":true,"href":"https:\/\/www.enviroscop.fr\/actu\/wp-json\/wp\/v2\/tags?post=4539"}],"curies":[{"name":"wp","href":"https:\/\/api.w.org\/{rel}","templated":true}]}}