{"id":4602,"date":"2022-01-19T07:54:38","date_gmt":"2022-01-19T06:54:38","guid":{"rendered":"http:\/\/www.enviroscop.fr\/actu\/?p=4602"},"modified":"2022-01-19T07:54:38","modified_gmt":"2022-01-19T06:54:38","slug":"engie-green-lance-avec-linrae-la-construction-dun-demonstrateur-agrivoltaique-vertical-dans-le-puy-de-dome","status":"publish","type":"post","link":"https:\/\/www.enviroscop.fr\/actu\/2022\/01\/engie-green-lance-avec-linrae-la-construction-dun-demonstrateur-agrivoltaique-vertical-dans-le-puy-de-dome\/","title":{"rendered":"ENGIE Green lance avec l\u2019INRAE la construction d\u2019un d\u00e9monstrateur agrivolta\u00efque vertical dans le Puy de D\u00f4me"},"content":{"rendered":"<div style=\"width: 560px\" class=\"wp-caption alignnone\"><img loading=\"lazy\" decoding=\"async\" src=\"https:\/\/tecsol.blogs.com\/.a\/6a00d8341bfe5d53ef027880665603200d-580wi\" alt=\"Engie_Green_modules_verticaux\" width=\"560\" height=\"343\" \/><p class=\"wp-caption-text\">Le d\u00e9monstrateur agrivolta\u00efque baptis\u00e9 \u00ab Camelia \u00bb vise \u00e0 \u00e9tudier le service rendu par l\u2019installation de panneaux solaires bifaciaux verticaux sur un p\u00e2turage tout en analysant les impacts sur la production \u00e9lectrique. Il sera install\u00e9 sur une parcelle appartenant \u00e0 INRAE au sein de l\u2019Unit\u00e9 Exp\u00e9rimentale \u00ab Herbip\u00f4le \u00bb sur la commune de Laqueuille, sous la responsabilit\u00e9 scientifique de l\u2019Unit\u00e9 Mixte de Recherche Ecosyst\u00e8me Prairial (UREP). \u00ab\u00a0Camelia\u00a0\u00bb la fine fleur de l\u2019agrivolta\u00efsme\u00a0!<\/p><\/div>\n<p>&nbsp;<\/p>\n<p>Autant dire qu\u2019avec la pression exerc\u00e9e sur le foncier par le d\u00e9veloppement des centrales solaires au sol, l\u2019agrivolta\u00efsme, qui m\u00eale pastoralisme et photovolta\u00efque a le vent en poupe. Avec le d\u00e9monstrateur Camelia, ENGIE Green met \u00e0 l\u2019\u00e9tude ce qui pourrait \u00eatre la meilleure solution possible \u00a0pour une cohabitation harmonieuse des deux activit\u00e9s.<\/p>\n<p><strong>Des haies photovolta\u00efques<\/strong><\/p>\n<p>Les objectifs de Camelia sont multiples :<\/p>\n<p>\u2022 Mesurer les effets agronomiques de l\u2019installation : microclimat a\u00e9rien (lumi\u00e8re, vent, humidit\u00e9, alb\u00e9do,\u2026) et souterrain (temp\u00e9rature, humidit\u00e9 du sol, \u2026), la croissance, la production de biomasse et la qualit\u00e9 de la ressource fourrag\u00e8re, la fertilit\u00e9 et les stocks de carbone du sol,<\/p>\n<p>\u2022 Etudier le comportement des bovins et la compatibilit\u00e9 des structures verticales avec l\u2019utilisation d\u2019engins agricoles,<\/p>\n<p>\u2022 Evaluer les effets sur la biodiversit\u00e9. Le bureau expert ind\u00e9pendant Crexeco est associ\u00e9 au projet,<\/p>\n<p>\u2022 Mod\u00e9liser la production \u00e9nerg\u00e9tique de ce type de technologie solaire.<\/p>\n<p>Laborelec, le centre de recherche d\u2019ENGIE participera activement \u00e0 l\u2019analyse des performances du dispositif. Les haies photovolta\u00efques seront install\u00e9es sur une surface agricole p\u00e2tur\u00e9e de 0,9 ha \u00e0 proximit\u00e9 d\u2019une zone t\u00e9moin et d\u00e9velopperont une puissance de pr\u00e8s de 100 kWc. Le budget global de l\u2019investissement port\u00e9 par ENGIE, s\u2019\u00e9l\u00e8ve \u00e0 pr\u00e8s d\u20191 M\u20ac. Apr\u00e8s plusieurs mois de concertation locale et l\u2019obtention du permis de construire, la construction de l\u2019installation d\u00e9butera \u00e0 la sortie de l\u2019hiver et la mise en service et l\u2019injection des premiers kWh sur le r\u00e9seau est pr\u00e9vue au printemps 2022. Cette exp\u00e9rimentation est pr\u00e9vue pour 5 ans int\u00e9grant 3,5 ans de protocole de recherche avec INRAE.<\/p>\n<p><strong>\u00ab\u00a0Une nouvelle \u00e9tape dans notre relation au monde agricole\u00a0\u00bb<\/strong><\/p>\n<p>Les haies photovolta\u00efques de Camelia ont \u00e9t\u00e9 con\u00e7ues pour s\u2019adapter \u00e0 l\u2019activit\u00e9 agricole avec une empreinte au sol limit\u00e9e et un syst\u00e8me d\u2019ancrage simple, modulable et r\u00e9versible. La performance technique de l\u2019installation, ses effets sur la prairie et le cheptel, sa simplicit\u00e9 d\u2019usage conditionneront le d\u00e9veloppement futur de cette nouvelle technologie tr\u00e8s prometteuse. \u00ab Un ensemble de mesures sur le microclimat, le sol et la v\u00e9g\u00e9tation nous permettra d\u2019identifier les effets positifs et n\u00e9gatifs de cette installation sur la prairie par comparaison \u00e0 une centrale au sol classique\u00bb, pr\u00e9cise Catherine Picon-Cochard, directrice de l\u2019UREP.<\/p>\n<p>Pour William Arkwright, directeur g\u00e9n\u00e9ral d\u2019ENGIE Green \u00ab Cam\u00e9lia est un projet pilote innovant qui marque une nouvelle \u00e9tape dans notre relation au monde agricole. Au-del\u00e0 de l\u2019int\u00e9r\u00eat du profil de production des haies photovolta\u00efques, l\u2019enjeu est d\u2019\u00e9tudier les nouveaux services qu\u2019elles peuvent rendre \u00e0 l\u2019agriculture. Notre objectif est que Camelia vienne enrichir l\u2019\u00e9ventail des solutions que nous proposons aux agriculteurs \u00bb. Pour Emmanuel Hugo, pr\u00e9sident du Centre INRAE Clermont-Auvergne-Rh\u00f4ne-Alpes \u00ab INRAE et ENGIE collaborent autour d\u2019une convention cadre avec l\u2019objectif ambitieux de favoriser le d\u00e9veloppement des \u00e9nergies renouvelables. Cela s\u2019inscrit parfaitement dans la feuille de route INRAE 2030 qui accompagnent les actuels changements et transitions profondes de notre soci\u00e9t\u00e9 \u00bb.<\/p>\n<p>Source : <a href=\"https:\/\/tecsol.blogs.com\/mon_weblog\/2022\/01\/engie-green-lance-avec-linrae-la-construction-dun-d%C3%A9monstrateur-agrivolta%C3%AFque-vertical-dans-le-puy-d.html\" target=\"_blank\" rel=\"noopener\">TECSOL<\/a><\/p>\n","protected":false},"excerpt":{"rendered":"<p>&nbsp; Autant dire qu\u2019avec la pression exerc\u00e9e sur le foncier par le d\u00e9veloppement des centrales solaires au sol, l\u2019agrivolta\u00efsme, qui m\u00eale pastoralisme et photovolta\u00efque a le vent en poupe. Avec le d\u00e9monstrateur Camelia, ENGIE Green met \u00e0 l\u2019\u00e9tude ce qui pourrait \u00eatre la meilleure solution possible \u00a0pour une cohabitation harmonieuse des deux activit\u00e9s. Des haies &hellip; <\/p>\n<p><a class=\"more-link btn\" href=\"https:\/\/www.enviroscop.fr\/actu\/2022\/01\/engie-green-lance-avec-linrae-la-construction-dun-demonstrateur-agrivoltaique-vertical-dans-le-puy-de-dome\/\">Lire la suite<\/a><\/p>\n","protected":false},"author":1,"featured_media":0,"comment_status":"open","ping_status":"open","sticky":false,"template":"","format":"standard","meta":{"jetpack_post_was_ever_published":false,"_jetpack_newsletter_access":"","_jetpack_dont_email_post_to_subs":false,"_jetpack_newsletter_tier_id":0,"_jetpack_memberships_contains_paywalled_content":false,"_jetpack_memberships_contains_paid_content":false,"footnotes":"","jetpack_publicize_message":"","jetpack_publicize_feature_enabled":true,"jetpack_social_post_already_shared":true,"jetpack_social_options":{"image_generator_settings":{"template":"highway","default_image_id":0,"font":"","enabled":false},"version":2}},"categories":[3,20,7,10,33,82,43],"tags":[],"class_list":["post-4602","post","type-post","status-publish","format-standard","hentry","category-agriculture","category-durable","category-energie","category-evaluation","category-indicateur","category-ingenierie","category-photovoltaique","item-wrap"],"jetpack_publicize_connections":[],"jetpack_featured_media_url":"","jetpack_shortlink":"https:\/\/wp.me\/p3rXAp-1ce","jetpack_likes_enabled":true,"jetpack-related-posts":[{"id":5368,"url":"https:\/\/www.enviroscop.fr\/actu\/2023\/10\/faute-de-revenus-suffisants-35-agriculteurs-veulent-poser-des-panneaux-solaires-dans-leurs-champs\/","url_meta":{"origin":4602,"position":0},"title":"Faute de revenus suffisants, 35 agriculteurs veulent poser des panneaux solaires dans leurs champs","author":"Enviroscop","date":"18 octobre 2023","format":false,"excerpt":"\u00a0 Dans les Landes, le projet d'agrivolta\u00efsme Terr'Arbouts fait l'objet de toutes les attentions et suscite des inqui\u00e9tudes. L'id\u00e9e est d'implanter des panneaux photovolta\u00efques sur 700 hectares de terre \u00e9mane d'agriculteurs qui souhaitent miser sur l'\u00e9nergie solaire, pour compenser les pertes li\u00e9es \u00e0 l'abandon des produits phytosanitaires. Des panneaux solaires\u2026","rel":"","context":"Dans &quot;Agriculture&quot;","block_context":{"text":"Agriculture","link":"https:\/\/www.enviroscop.fr\/actu\/category\/activite\/agriculture\/"},"img":{"alt_text":"L'id\u00e9e du projet Terr'Arbouts est de combiner des cultures, comme ici le chanvre, et la production d\u2019\u00e9lectricit\u00e9.","src":"https:\/\/i0.wp.com\/france3-regions.francetvinfo.fr\/image\/hacXUWBh1RgrXva3a7OYTTxpsEc\/800x450\/filters%3Aformat%28webp%29\/regions\/2023\/10\/11\/s40-projet-photovolta-que-terre-arbouts-00-00-10-21-65269cf70b37c874527667.jpg?resize=350%2C200&ssl=1","width":350,"height":200,"srcset":"https:\/\/i0.wp.com\/france3-regions.francetvinfo.fr\/image\/hacXUWBh1RgrXva3a7OYTTxpsEc\/800x450\/filters%3Aformat%28webp%29\/regions\/2023\/10\/11\/s40-projet-photovolta-que-terre-arbouts-00-00-10-21-65269cf70b37c874527667.jpg?resize=350%2C200&ssl=1 1x, https:\/\/i0.wp.com\/france3-regions.francetvinfo.fr\/image\/hacXUWBh1RgrXva3a7OYTTxpsEc\/800x450\/filters%3Aformat%28webp%29\/regions\/2023\/10\/11\/s40-projet-photovolta-que-terre-arbouts-00-00-10-21-65269cf70b37c874527667.jpg?resize=525%2C300&ssl=1 1.5x, https:\/\/i0.wp.com\/france3-regions.francetvinfo.fr\/image\/hacXUWBh1RgrXva3a7OYTTxpsEc\/800x450\/filters%3Aformat%28webp%29\/regions\/2023\/10\/11\/s40-projet-photovolta-que-terre-arbouts-00-00-10-21-65269cf70b37c874527667.jpg?resize=700%2C400&ssl=1 2x"},"classes":[]},{"id":5021,"url":"https:\/\/www.enviroscop.fr\/actu\/2022\/10\/energie-les-senateurs-adoptent-en-commission-une-proposition-de-loi-sur-lagrivoltaisme\/","url_meta":{"origin":4602,"position":1},"title":"\u00c9nergie : les s\u00e9nateurs adoptent en commission une proposition de loi sur l&rsquo;agrivolta\u00efsme","author":"Enviroscop","date":"17 octobre 2022","format":false,"excerpt":"La commission des affaires \u00e9conomiques du S\u00e9nat a adopt\u00e9 ce 5 octobre une proposition de loi en faveur du d\u00e9veloppement de l'agrivolta\u00efsme. \u00c0 quelques semaines de l'examen par la Chambre Haute du projet de loi d'acc\u00e9l\u00e9ration de la production d'\u00e9nergies renouvelables, ce texte entend pour la premi\u00e8re fois donner un\u2026","rel":"","context":"Dans &quot;Activit\u00e9&quot;","block_context":{"text":"Activit\u00e9","link":"https:\/\/www.enviroscop.fr\/actu\/category\/activite\/"},"img":{"alt_text":"Panneaux solaire ferme","src":"https:\/\/i0.wp.com\/www.banquedesterritoires.fr\/sites\/default\/files\/styles\/landscape_auto_crop\/public\/2022-10\/Sanjgc%3Bhgf%3Bhgfhgfs%20titre-1.jpg?resize=350%2C200&ssl=1","width":350,"height":200,"srcset":"https:\/\/i0.wp.com\/www.banquedesterritoires.fr\/sites\/default\/files\/styles\/landscape_auto_crop\/public\/2022-10\/Sanjgc%3Bhgf%3Bhgfhgfs%20titre-1.jpg?resize=350%2C200&ssl=1 1x, https:\/\/i0.wp.com\/www.banquedesterritoires.fr\/sites\/default\/files\/styles\/landscape_auto_crop\/public\/2022-10\/Sanjgc%3Bhgf%3Bhgfhgfs%20titre-1.jpg?resize=525%2C300&ssl=1 1.5x, https:\/\/i0.wp.com\/www.banquedesterritoires.fr\/sites\/default\/files\/styles\/landscape_auto_crop\/public\/2022-10\/Sanjgc%3Bhgf%3Bhgfhgfs%20titre-1.jpg?resize=700%2C400&ssl=1 2x"},"classes":[]},{"id":4568,"url":"https:\/\/www.enviroscop.fr\/actu\/2022\/01\/le-senat-a-adopte-une-proposition-de-resolution-en-faveur-du-developpement-de-lagrivoltaisme-en-france\/","url_meta":{"origin":4602,"position":2},"title":"Le S\u00e9nat a adopt\u00e9 une proposition de r\u00e9solution en faveur du d\u00e9veloppement de l\u2019agrivolta\u00efsme en France","author":"Enviroscop","date":"5 janvier 2022","format":false,"excerpt":"Mardi 4 janvier dernier, le S\u00e9nat a examin\u00e9, \u00e0 la demande du groupe Union Centriste, une proposition de r\u00e9solution en faveur du d\u00e9veloppement de l\u2019agrivolta\u00efsme en France, pr\u00e9sent\u00e9e par Jean-Fran\u00e7ois Longeot, Jean-Pierre Moga, et plusieurs de leurs coll\u00e8gues. Une avanc\u00e9e importante ! L\u2019agrivolta\u00efsme d\u00e9signe \u00ab\u00a0des installations permettant de\u00a0coupler une production\u2026","rel":"","context":"Dans &quot;Agriculture&quot;","block_context":{"text":"Agriculture","link":"https:\/\/www.enviroscop.fr\/actu\/category\/activite\/agriculture\/"},"img":{"alt_text":"","src":"https:\/\/i0.wp.com\/www.enviroscop.fr\/actu\/wp-content\/uploads\/2021\/01\/AVD_Domaine-de-Nidole%CC%80res_Tresserre_vue-du-ciel-cre%CC%81dit-SunAgri-3-1200x799-1.jpg?resize=350%2C200","width":350,"height":200,"srcset":"https:\/\/i0.wp.com\/www.enviroscop.fr\/actu\/wp-content\/uploads\/2021\/01\/AVD_Domaine-de-Nidole%CC%80res_Tresserre_vue-du-ciel-cre%CC%81dit-SunAgri-3-1200x799-1.jpg?resize=350%2C200 1x, https:\/\/i0.wp.com\/www.enviroscop.fr\/actu\/wp-content\/uploads\/2021\/01\/AVD_Domaine-de-Nidole%CC%80res_Tresserre_vue-du-ciel-cre%CC%81dit-SunAgri-3-1200x799-1.jpg?resize=525%2C300 1.5x, https:\/\/i0.wp.com\/www.enviroscop.fr\/actu\/wp-content\/uploads\/2021\/01\/AVD_Domaine-de-Nidole%CC%80res_Tresserre_vue-du-ciel-cre%CC%81dit-SunAgri-3-1200x799-1.jpg?resize=700%2C400 2x, https:\/\/i0.wp.com\/www.enviroscop.fr\/actu\/wp-content\/uploads\/2021\/01\/AVD_Domaine-de-Nidole%CC%80res_Tresserre_vue-du-ciel-cre%CC%81dit-SunAgri-3-1200x799-1.jpg?resize=1050%2C600 3x"},"classes":[]},{"id":5382,"url":"https:\/\/www.enviroscop.fr\/actu\/2023\/11\/agrivoltaisme-le-point-sur-le-projet-de-decret-dapplication-de-la-loi-du-10-mars-2023-relative-a-lacceleration-de-la-production-denergie-renouvelable-et-sur-le-cadre-juridique-en-formation\/","url_meta":{"origin":4602,"position":3},"title":"Agrivolta\u00efsme : le point sur le projet de d\u00e9cret d&rsquo;application de la loi du 10 mars 2023 relative \u00e0 l&rsquo;acc\u00e9l\u00e9ration de la production d&rsquo;\u00e9nergie renouvelable et sur le cadre juridique en formation","author":"Enviroscop","date":"16 novembre 2023","format":false,"excerpt":"Les minist\u00e8res de la transition \u00e9nerg\u00e9tique, de la transition \u00e9cologique et de l'agriculture\u00a0r\u00e9digent actuellement le projet de d\u00e9cret d'application de l'article 54 de la loi n\u00b02023-175 du 10 mars 2023 relative \u00e0 l'acc\u00e9l\u00e9ration de la production d'\u00e9nergies renouvelables. L'occasion de faire le point sur ce projet de d\u00e9cret en particulier\u2026","rel":"","context":"Dans &quot;Agriculture&quot;","block_context":{"text":"Agriculture","link":"https:\/\/www.enviroscop.fr\/actu\/category\/activite\/agriculture\/"},"img":{"alt_text":"","src":"https:\/\/i0.wp.com\/www.enviroscop.fr\/actu\/wp-content\/uploads\/2021\/01\/AVD_Domaine-de-Nidole%CC%80res_Tresserre_vue-du-ciel-cre%CC%81dit-SunAgri-3-1200x799-1.jpg?resize=350%2C200&ssl=1","width":350,"height":200},"classes":[]},{"id":5432,"url":"https:\/\/www.enviroscop.fr\/actu\/2024\/04\/decret-n-2024-318-du-8-avril-2024-relatif-au-developpement-de-lagrivoltaisme-et-aux-conditions-dimplantation-des-installations-photovoltaiques-sur-des-terrains-agricoles-natur\/","url_meta":{"origin":4602,"position":4},"title":"D\u00e9cret n\u00b0 2024-318 du 8 avril 2024 relatif au d\u00e9veloppement de l\u2019agrivolta\u00efsme et aux conditions d\u2019implantation des installations photovolta\u00efques sur des terrains agricoles, naturels ou forestiers.","author":"Enviroscop","date":"15 avril 2024","format":false,"excerpt":"Le d\u00e9cret comporte 9 articles en 5 chapitres : \u2022 Chapitre Ier : Dispositions sp\u00e9cifiques \u00e0 l'agrivolta\u00efsme (Article 1) \u2022 Chapitre II : Dispositions sp\u00e9cifiques aux installations photovolta\u00efques compatibles avec l'exercice d'une activit\u00e9 agricole (Article 2) \u2022 Chapitre III : R\u00e9gime des autorisations d'urbanisme relatives aux projets d'ouvrages de production\u2026","rel":"","context":"Dans &quot;Agriculture&quot;","block_context":{"text":"Agriculture","link":"https:\/\/www.enviroscop.fr\/actu\/category\/activite\/agriculture\/"},"img":{"alt_text":"","src":"https:\/\/i0.wp.com\/www.enviroscop.fr\/actu\/wp-content\/uploads\/2021\/01\/AVD_Domaine-de-Nidole%CC%80res_Tresserre_vue-du-ciel-cre%CC%81dit-SunAgri-3-1200x799-1.jpg?resize=350%2C200&ssl=1","width":350,"height":200,"srcset":"https:\/\/i0.wp.com\/www.enviroscop.fr\/actu\/wp-content\/uploads\/2021\/01\/AVD_Domaine-de-Nidole%CC%80res_Tresserre_vue-du-ciel-cre%CC%81dit-SunAgri-3-1200x799-1.jpg?resize=350%2C200&ssl=1 1x, https:\/\/i0.wp.com\/www.enviroscop.fr\/actu\/wp-content\/uploads\/2021\/01\/AVD_Domaine-de-Nidole%CC%80res_Tresserre_vue-du-ciel-cre%CC%81dit-SunAgri-3-1200x799-1.jpg?resize=525%2C300&ssl=1 1.5x, https:\/\/i0.wp.com\/www.enviroscop.fr\/actu\/wp-content\/uploads\/2021\/01\/AVD_Domaine-de-Nidole%CC%80res_Tresserre_vue-du-ciel-cre%CC%81dit-SunAgri-3-1200x799-1.jpg?resize=700%2C400&ssl=1 2x, https:\/\/i0.wp.com\/www.enviroscop.fr\/actu\/wp-content\/uploads\/2021\/01\/AVD_Domaine-de-Nidole%CC%80res_Tresserre_vue-du-ciel-cre%CC%81dit-SunAgri-3-1200x799-1.jpg?resize=1050%2C600&ssl=1 3x"},"classes":[]},{"id":5139,"url":"https:\/\/www.enviroscop.fr\/actu\/2023\/01\/patrimoine-batimentaire-un-rayon-de-soleil-administratif-illumine-desormais-le-photovoltaique\/","url_meta":{"origin":4602,"position":5},"title":"Patrimoine b\u00e2timentaire : un rayon de soleil administratif illumine, d\u00e9sormais, le photovolta\u00efque","author":"Enviroscop","date":"17 janvier 2023","format":false,"excerpt":"Patrimoine et implantation du photovolta\u00efque : l\u2019Etat se fixe, par une instruction interminist\u00e9rielle, une doctrine plus ouverte et plus claire. Les\u00a0porteurs de projet et les\u00a0habitants\u00a0seront moins dans\u00a0l\u2019ombre sur ce qui peut, ou non, \u00eatre fait. Fiat lux.\u00a0 Une instruction interminist\u00e9rielle (Culture ;\u00a0Transition \u00e9cologique et coh\u00e9sion des territoires ; Transition \u00e9nerg\u00e9tique),\u2026","rel":"","context":"Dans &quot;Am\u00e9nagement&quot;","block_context":{"text":"Am\u00e9nagement","link":"https:\/\/www.enviroscop.fr\/actu\/category\/amenagement\/"},"img":{"alt_text":"","src":"","width":0,"height":0},"classes":[]}],"jetpack_sharing_enabled":true,"_links":{"self":[{"href":"https:\/\/www.enviroscop.fr\/actu\/wp-json\/wp\/v2\/posts\/4602","targetHints":{"allow":["GET"]}}],"collection":[{"href":"https:\/\/www.enviroscop.fr\/actu\/wp-json\/wp\/v2\/posts"}],"about":[{"href":"https:\/\/www.enviroscop.fr\/actu\/wp-json\/wp\/v2\/types\/post"}],"author":[{"embeddable":true,"href":"https:\/\/www.enviroscop.fr\/actu\/wp-json\/wp\/v2\/users\/1"}],"replies":[{"embeddable":true,"href":"https:\/\/www.enviroscop.fr\/actu\/wp-json\/wp\/v2\/comments?post=4602"}],"version-history":[{"count":1,"href":"https:\/\/www.enviroscop.fr\/actu\/wp-json\/wp\/v2\/posts\/4602\/revisions"}],"predecessor-version":[{"id":4603,"href":"https:\/\/www.enviroscop.fr\/actu\/wp-json\/wp\/v2\/posts\/4602\/revisions\/4603"}],"wp:attachment":[{"href":"https:\/\/www.enviroscop.fr\/actu\/wp-json\/wp\/v2\/media?parent=4602"}],"wp:term":[{"taxonomy":"category","embeddable":true,"href":"https:\/\/www.enviroscop.fr\/actu\/wp-json\/wp\/v2\/categories?post=4602"},{"taxonomy":"post_tag","embeddable":true,"href":"https:\/\/www.enviroscop.fr\/actu\/wp-json\/wp\/v2\/tags?post=4602"}],"curies":[{"name":"wp","href":"https:\/\/api.w.org\/{rel}","templated":true}]}}