{"id":4772,"date":"2022-05-20T08:21:30","date_gmt":"2022-05-20T07:21:30","guid":{"rendered":"http:\/\/www.enviroscop.fr\/actu\/?p=4772"},"modified":"2022-05-20T08:21:30","modified_gmt":"2022-05-20T07:21:30","slug":"vers-un-encadrement-prefectoral-de-lutilisation-des-pesticides-dans-les-sites-natura-2000","status":"publish","type":"post","link":"https:\/\/www.enviroscop.fr\/actu\/2022\/05\/vers-un-encadrement-prefectoral-de-lutilisation-des-pesticides-dans-les-sites-natura-2000\/","title":{"rendered":"Vers un encadrement pr\u00e9fectoral de l&rsquo;utilisation des pesticides dans les sites Natura 2000"},"content":{"rendered":"<p><img data-recalc-dims=\"1\" loading=\"lazy\" decoding=\"async\" data-attachment-id=\"4319\" data-permalink=\"https:\/\/www.enviroscop.fr\/actu\/2021\/06\/le-plan-pollinisateurs-mis-en-consultation-publique\/capture-decran-2021-06-30-082126\/\" data-orig-file=\"https:\/\/i0.wp.com\/www.enviroscop.fr\/actu\/wp-content\/uploads\/2021\/06\/Capture-decran-2021-06-30-082126.jpg?fit=909%2C911&amp;ssl=1\" data-orig-size=\"909,911\" data-comments-opened=\"1\" data-image-meta=\"{&quot;aperture&quot;:&quot;0&quot;,&quot;credit&quot;:&quot;&quot;,&quot;camera&quot;:&quot;&quot;,&quot;caption&quot;:&quot;&quot;,&quot;created_timestamp&quot;:&quot;0&quot;,&quot;copyright&quot;:&quot;&quot;,&quot;focal_length&quot;:&quot;0&quot;,&quot;iso&quot;:&quot;0&quot;,&quot;shutter_speed&quot;:&quot;0&quot;,&quot;title&quot;:&quot;&quot;,&quot;orientation&quot;:&quot;0&quot;}\" data-image-title=\"Capture d\u2019\u00e9cran 2021-06-30 082126\" data-image-description=\"\" data-image-caption=\"\" data-large-file=\"https:\/\/i0.wp.com\/www.enviroscop.fr\/actu\/wp-content\/uploads\/2021\/06\/Capture-decran-2021-06-30-082126.jpg?fit=750%2C752&amp;ssl=1\" class=\"wp-image-4319 alignleft\" src=\"https:\/\/i0.wp.com\/www.enviroscop.fr\/actu\/wp-content\/uploads\/2021\/06\/Capture-decran-2021-06-30-082126.jpg?resize=361%2C362&#038;ssl=1\" alt=\"\" width=\"361\" height=\"362\" srcset=\"https:\/\/i0.wp.com\/www.enviroscop.fr\/actu\/wp-content\/uploads\/2021\/06\/Capture-decran-2021-06-30-082126.jpg?w=909&amp;ssl=1 909w, https:\/\/i0.wp.com\/www.enviroscop.fr\/actu\/wp-content\/uploads\/2021\/06\/Capture-decran-2021-06-30-082126.jpg?resize=300%2C300&amp;ssl=1 300w, https:\/\/i0.wp.com\/www.enviroscop.fr\/actu\/wp-content\/uploads\/2021\/06\/Capture-decran-2021-06-30-082126.jpg?resize=150%2C150&amp;ssl=1 150w, https:\/\/i0.wp.com\/www.enviroscop.fr\/actu\/wp-content\/uploads\/2021\/06\/Capture-decran-2021-06-30-082126.jpg?resize=768%2C770&amp;ssl=1 768w, https:\/\/i0.wp.com\/www.enviroscop.fr\/actu\/wp-content\/uploads\/2021\/06\/Capture-decran-2021-06-30-082126.jpg?resize=750%2C752&amp;ssl=1 750w, https:\/\/i0.wp.com\/www.enviroscop.fr\/actu\/wp-content\/uploads\/2021\/06\/Capture-decran-2021-06-30-082126.jpg?resize=50%2C50&amp;ssl=1 50w\" sizes=\"auto, (max-width: 361px) 100vw, 361px\" \/>Le minist\u00e8re de la Transition \u00e9cologique soumet \u00e0\u00a0<a href=\"http:\/\/www.consultations-publiques.developpement-durable.gouv.fr\/projet-de-decret-relatif-a-l-encadrement-de-l-a2651.html?id_rubrique=2\" target=\"_blank\" rel=\"noopener\">consultation publique<\/a>, jusqu\u2019au 5 juin prochain, un projet de d\u00e9cret relatif \u00e0 l\u2019encadrement de l\u2019utilisation des pesticides dans les sites Natura 2000. Ce projet de texte r\u00e9pond \u00e0 une injonction du Conseil d\u2019\u00c9tat. Dans une d\u00e9cision, rendue le 15 novembre dernier (lire\u00a0<a href=\"https:\/\/www.banquedesterritoires.fr\/sites-natura-2000-le-gouvernement-pointe-du-doigt-dans-sa-gestion-des-pesticides\">notre article<\/a>\u00a0du 17 novembre 2021), la Haute Juridiction laisse en effet six mois au gouvernement pour prendre les mesures n\u00e9cessaires pour encadrer voire interdire l\u2019utilisation des pesticides dans les zones Natura 2000 terrestres, dont la finalit\u00e9 est de prot\u00e9ger esp\u00e8ces et habitats repr\u00e9sentatifs de la biodiversit\u00e9, tout en maintenant des activit\u00e9s socio-\u00e9conomiques. En cause la mise en application de la directive du 21 octobre 2009 instaurant un cadre d\u2019action communautaire pour parvenir \u00e0 une utilisation des pesticides compatible avec le d\u00e9veloppement durable, et plus particuli\u00e8rement de son article 12. S\u2019agissant des sites terrestres, la r\u00e9glementation en vigueur ne permet pas de garantir que l&rsquo;utilisation de pesticides sera syst\u00e9matiquement encadr\u00e9e voire interdite dans ces zones sur le fondement du document d\u2019objectifs (Docob), de la charte Natura 2000 voire des contrats Natura 2000, y rel\u00e8ve le juge administratif.<\/p>\n<p>Le dispositif soumis \u00e0 consultation publique pr\u00e9voit d\u2019habiliter les pr\u00e9fets \u00e0 r\u00e9glementer l\u2019utilisation des pesticides dans les sites Natura 2000 terrestres, lorsque cet encadrement n\u2019a pas \u00e9t\u00e9 pr\u00e9vu sur une base volontaire par les chartes et contrats \u00e9labor\u00e9s localement. Les pr\u00e9fets disposeront de six mois \u00e0 compter de la publication du d\u00e9cret pour prendre les mesures de r\u00e9duction ou d\u2019arr\u00eat de l\u2019utilisation des pesticides, d\u00e9lai pouvant \u00eatre port\u00e9 \u00e0 12 mois dans des circonstances particuli\u00e8res.<\/p>\n<p>L&rsquo;int\u00e9gralit\u00e9 de l&rsquo;article <a href=\"https:\/\/www.banquedesterritoires.fr\/vers-un-encadrement-prefectoral-de-lutilisation-des-pesticides-dans-les-sites-natura-2000?pk_campaign=newsletter_quotidienne&amp;pk_kwd=2022-05-19&amp;pk_source=Actualit%C3%A9s_Localtis&amp;pk_medium=newsletter_quotidienne\" target=\"_blank\" rel=\"noopener\">sur le site de la banque des territoires<\/a><\/p>\n","protected":false},"excerpt":{"rendered":"<p>Le minist\u00e8re de la Transition \u00e9cologique soumet \u00e0\u00a0consultation publique, jusqu\u2019au 5 juin prochain, un projet de d\u00e9cret relatif \u00e0 l\u2019encadrement de l\u2019utilisation des pesticides dans les sites Natura 2000. Ce projet de texte r\u00e9pond \u00e0 une injonction du Conseil d\u2019\u00c9tat. Dans une d\u00e9cision, rendue le 15 novembre dernier (lire\u00a0notre article\u00a0du 17 novembre 2021), la Haute &hellip; <\/p>\n<p><a class=\"more-link btn\" href=\"https:\/\/www.enviroscop.fr\/actu\/2022\/05\/vers-un-encadrement-prefectoral-de-lutilisation-des-pesticides-dans-les-sites-natura-2000\/\">Lire la suite<\/a><\/p>\n","protected":false},"author":1,"featured_media":0,"comment_status":"open","ping_status":"open","sticky":false,"template":"","format":"standard","meta":{"jetpack_post_was_ever_published":false,"_jetpack_newsletter_access":"","_jetpack_dont_email_post_to_subs":false,"_jetpack_newsletter_tier_id":0,"_jetpack_memberships_contains_paywalled_content":false,"_jetpack_memberships_contains_paid_content":false,"footnotes":"","jetpack_publicize_message":"","jetpack_publicize_feature_enabled":true,"jetpack_social_post_already_shared":true,"jetpack_social_options":{"image_generator_settings":{"template":"highway","default_image_id":0,"font":"","enabled":false},"version":2}},"categories":[3,11,117,6,35,67,45,87],"tags":[],"class_list":["post-4772","post","type-post","status-publish","format-standard","hentry","category-agriculture","category-biodiversite","category-consultation","category-ecologie","category-juridique","category-nature","category-pollution","category-sante","item-wrap"],"jetpack_publicize_connections":[],"jetpack_featured_media_url":"","jetpack_shortlink":"https:\/\/wp.me\/p3rXAp-1eY","jetpack_likes_enabled":true,"jetpack-related-posts":[{"id":345,"url":"https:\/\/www.enviroscop.fr\/actu\/2011\/11\/projet-de-decret-natura-2000\/","url_meta":{"origin":4772,"position":0},"title":"Projet de d\u00e9cret Natura 2000","author":"Enviroscop","date":"15 novembre 2011","format":false,"excerpt":"Conform??ment la loi Grenelle II, le Minist??re ouvre, jusqu'au 4 d??cembre, une nouvelle consultation publique sur un projet de d??cret d??finissant les nouvelles mesures de protection des habitats naturels et des sites d'int??r??t g??ologique...","rel":"","context":"Dans &quot;Enqu\u00eate publique&quot;","block_context":{"text":"Enqu\u00eate publique","link":"https:\/\/www.enviroscop.fr\/actu\/category\/evaluation\/enquete-publique\/"},"img":{"alt_text":"","src":"","width":0,"height":0},"classes":[]},{"id":4846,"url":"https:\/\/www.enviroscop.fr\/actu\/2022\/06\/biodiversite-un-projet-de-reglement-europeen-veut-imposer-la-reparation-des-dommages-infliges-a-la-nature\/","url_meta":{"origin":4772,"position":1},"title":"Biodiversit\u00e9 : un projet de r\u00e8glement europ\u00e9en veut imposer la r\u00e9paration des dommages inflig\u00e9s \u00e0 la nature","author":"Enviroscop","date":"24 juin 2022","format":false,"excerpt":"La Commission europ\u00e9enne a pr\u00e9sent\u00e9 ce 22 juin un projet de r\u00e8glement visant \u00e0 r\u00e9parer d'ici \u00e0 2030 les dommages caus\u00e9s \u00e0 la nature dans 20% des \u00e9cosyst\u00e8mes ab\u00eem\u00e9s d'Europe, afin de prot\u00e9ger la biodiversit\u00e9, en particulier les populations d'abeilles, mais aussi de limiter les effets des catastrophes naturelles. Le\u2026","rel":"","context":"Dans &quot;biodiversit\u00e9&quot;","block_context":{"text":"biodiversit\u00e9","link":"https:\/\/www.enviroscop.fr\/actu\/category\/nature\/biodiversite\/"},"img":{"alt_text":"espace naturel","src":"https:\/\/i0.wp.com\/www.banquedesterritoires.fr\/sites\/default\/files\/styles\/landscape_auto_crop\/public\/2022-06\/6194738680_2a16322159_k.jpg?resize=350%2C200&ssl=1","width":350,"height":200,"srcset":"https:\/\/i0.wp.com\/www.banquedesterritoires.fr\/sites\/default\/files\/styles\/landscape_auto_crop\/public\/2022-06\/6194738680_2a16322159_k.jpg?resize=350%2C200&ssl=1 1x, https:\/\/i0.wp.com\/www.banquedesterritoires.fr\/sites\/default\/files\/styles\/landscape_auto_crop\/public\/2022-06\/6194738680_2a16322159_k.jpg?resize=525%2C300&ssl=1 1.5x, https:\/\/i0.wp.com\/www.banquedesterritoires.fr\/sites\/default\/files\/styles\/landscape_auto_crop\/public\/2022-06\/6194738680_2a16322159_k.jpg?resize=700%2C400&ssl=1 2x"},"classes":[]},{"id":151,"url":"https:\/\/www.enviroscop.fr\/actu\/2011\/08\/procedure-devaluation-des-incidences-natura-2\/","url_meta":{"origin":4772,"position":2},"title":"Proc\u00e9dure d&rsquo;\u00e9valuation des incidences \u00ab\u00a0Natura 2000\u00a0\u00bb : le second d\u00e9cret est paru","author":"Enviroscop","date":"25 ao\u00fbt 2011","format":false,"excerpt":"Le d??cret du 16 ao??t 2011 fixe le r??gime d'??valuation des incidences sur les sites Natura 2000. Devant faire l'objet de mesures de protection adapt??es, tout plan, programme ou projet susceptible de les affecter doit faire l'objet d'une ??valu...","rel":"","context":"Dans &quot;biodiversit\u00e9&quot;","block_context":{"text":"biodiversit\u00e9","link":"https:\/\/www.enviroscop.fr\/actu\/category\/nature\/biodiversite\/"},"img":{"alt_text":"","src":"","width":0,"height":0},"classes":[]},{"id":4646,"url":"https:\/\/www.enviroscop.fr\/actu\/2022\/03\/natura-2000-un-trentieme-anniversaire-en-demi-teinte\/","url_meta":{"origin":4772,"position":3},"title":"Natura 2000 : un trenti\u00e8me anniversaire en demi-teinte","author":"Enviroscop","date":"1 mars 2022","format":false,"excerpt":"Au cours d\u2019une conf\u00e9rence minist\u00e9rielle tenue \u00e0 Strasbourg les 24 et 25 f\u00e9vrier, l\u2019Union europ\u00e9enne a c\u00e9l\u00e9br\u00e9 les 30 ans de la directive Habitats et du r\u00e9seau Natura 2000, \"plus grand r\u00e9seau mondial d\u2019aires prot\u00e9g\u00e9es \u00e0 l\u2019\u00e9chelle d\u2019un continent\". Les participants ont toutefois soulign\u00e9 l\u2019ampleur du chemin restant \u00e0 parcourir,\u2026","rel":"","context":"Dans &quot;biodiversit\u00e9&quot;","block_context":{"text":"biodiversit\u00e9","link":"https:\/\/www.enviroscop.fr\/actu\/category\/nature\/biodiversite\/"},"img":{"alt_text":"Natura 2000","src":"https:\/\/i0.wp.com\/www.banquedesterritoires.fr\/sites\/default\/files\/styles\/landscape_auto_crop\/public\/2022-02\/lkjghjdsfjsdhgfhsdgjfgsdghfsqdhfsq.jpg?resize=350%2C200&ssl=1","width":350,"height":200,"srcset":"https:\/\/i0.wp.com\/www.banquedesterritoires.fr\/sites\/default\/files\/styles\/landscape_auto_crop\/public\/2022-02\/lkjghjdsfjsdhgfhsdgjfgsdghfsqdhfsq.jpg?resize=350%2C200&ssl=1 1x, https:\/\/i0.wp.com\/www.banquedesterritoires.fr\/sites\/default\/files\/styles\/landscape_auto_crop\/public\/2022-02\/lkjghjdsfjsdhgfhsdgjfgsdghfsqdhfsq.jpg?resize=525%2C300&ssl=1 1.5x, https:\/\/i0.wp.com\/www.banquedesterritoires.fr\/sites\/default\/files\/styles\/landscape_auto_crop\/public\/2022-02\/lkjghjdsfjsdhgfhsdgjfgsdghfsqdhfsq.jpg?resize=700%2C400&ssl=1 2x"},"classes":[]},{"id":2029,"url":"https:\/\/www.enviroscop.fr\/actu\/2014\/08\/consultation-sur-trois-projets-de-decrets-pris-pour-lapplication-de-larticle-21-de-la-loi-n2000-321-du-12-avril-2000-relative-aux-droits-des-citoyens-dans-leurs-relations-avec\/","url_meta":{"origin":4772,"position":4},"title":"Consultation sur trois projets de d\u00e9crets pris pour l\u2019application de l\u2019article 21 de la loi n\u00b02000-321 du 12 avril 2000 relative aux droits des citoyens dans leurs relations avec l\u2019administration (minist\u00e8re de l\u2019\u00e9cologie, du d\u00e9veloppement durable et de l\u2019\u00e9nergie) &#8211; Les consultations publiques du minist\u00e8re du D\u00e9veloppement durable","author":"Enviroscop","date":"27 ao\u00fbt 2014","format":false,"excerpt":"Consultation sur trois projets de d\u00e9crets pris pour l\u2019application de l\u2019article 21 de la loi n\u00b02000-321 du 12 avril 2000 relative aux droits des citoyens dans leurs relations avec l\u2019administration (minist\u00e8re de l\u2019\u00e9cologie, du d\u00e9veloppement durable et de l\u2019\u00e9nergie) Du 08\/08\/2014 au 29\/08\/2014 Nombre de commentaires pour cette consultation :\u2026","rel":"","context":"Dans &quot;durable&quot;","block_context":{"text":"durable","link":"https:\/\/www.enviroscop.fr\/actu\/category\/durable\/"},"img":{"alt_text":"","src":"","width":0,"height":0},"classes":[]},{"id":219,"url":"https:\/\/www.enviroscop.fr\/actu\/2011\/10\/simplification-du-droit-de-lenvironnement\/","url_meta":{"origin":4772,"position":5},"title":"Simplification du droit de l&rsquo;environnement","author":"Enviroscop","date":"20 octobre 2011","format":false,"excerpt":"Un certain nombre de mesures concernent l'environnement. Celles qui nous concernent plus particuli??rement sont : Natura 2000. L'article 56 bis modifie certaines dispositions applicables aux sites marins. \"La charte peut ??galement d??terminer des...","rel":"","context":"Dans &quot;Carri\u00e8res&quot;","block_context":{"text":"Carri\u00e8res","link":"https:\/\/www.enviroscop.fr\/actu\/category\/icpe\/carrieres\/"},"img":{"alt_text":"","src":"","width":0,"height":0},"classes":[]}],"jetpack_sharing_enabled":true,"_links":{"self":[{"href":"https:\/\/www.enviroscop.fr\/actu\/wp-json\/wp\/v2\/posts\/4772","targetHints":{"allow":["GET"]}}],"collection":[{"href":"https:\/\/www.enviroscop.fr\/actu\/wp-json\/wp\/v2\/posts"}],"about":[{"href":"https:\/\/www.enviroscop.fr\/actu\/wp-json\/wp\/v2\/types\/post"}],"author":[{"embeddable":true,"href":"https:\/\/www.enviroscop.fr\/actu\/wp-json\/wp\/v2\/users\/1"}],"replies":[{"embeddable":true,"href":"https:\/\/www.enviroscop.fr\/actu\/wp-json\/wp\/v2\/comments?post=4772"}],"version-history":[{"count":1,"href":"https:\/\/www.enviroscop.fr\/actu\/wp-json\/wp\/v2\/posts\/4772\/revisions"}],"predecessor-version":[{"id":4773,"href":"https:\/\/www.enviroscop.fr\/actu\/wp-json\/wp\/v2\/posts\/4772\/revisions\/4773"}],"wp:attachment":[{"href":"https:\/\/www.enviroscop.fr\/actu\/wp-json\/wp\/v2\/media?parent=4772"}],"wp:term":[{"taxonomy":"category","embeddable":true,"href":"https:\/\/www.enviroscop.fr\/actu\/wp-json\/wp\/v2\/categories?post=4772"},{"taxonomy":"post_tag","embeddable":true,"href":"https:\/\/www.enviroscop.fr\/actu\/wp-json\/wp\/v2\/tags?post=4772"}],"curies":[{"name":"wp","href":"https:\/\/api.w.org\/{rel}","templated":true}]}}