{"id":4784,"date":"2022-05-31T08:28:01","date_gmt":"2022-05-31T07:28:01","guid":{"rendered":"http:\/\/www.enviroscop.fr\/actu\/?p=4784"},"modified":"2022-05-31T08:28:01","modified_gmt":"2022-05-31T07:28:01","slug":"la-commission-veut-degager-le-chemin-des-energies-renouvelables-desormais-prioritaires","status":"publish","type":"post","link":"https:\/\/www.enviroscop.fr\/actu\/2022\/05\/la-commission-veut-degager-le-chemin-des-energies-renouvelables-desormais-prioritaires\/","title":{"rendered":"La Commission veut d\u00e9gager le chemin des \u00e9nergies renouvelables, d\u00e9sormais prioritaires"},"content":{"rendered":"<div class=\"lead__wrapper mb-4\">\n<div id=\"attachment_4785\" style=\"width: 2560px\" class=\"wp-caption aligncenter\"><img data-recalc-dims=\"1\" loading=\"lazy\" decoding=\"async\" aria-describedby=\"caption-attachment-4785\" data-attachment-id=\"4785\" data-permalink=\"https:\/\/www.enviroscop.fr\/actu\/2022\/05\/la-commission-veut-degager-le-chemin-des-energies-renouvelables-desormais-prioritaires\/img_20161205_083745_01\/\" data-orig-file=\"https:\/\/i0.wp.com\/www.enviroscop.fr\/actu\/wp-content\/uploads\/2022\/05\/IMG_20161205_083745_01-scaled.jpg?fit=2560%2C1440&amp;ssl=1\" data-orig-size=\"2560,1440\" data-comments-opened=\"1\" data-image-meta=\"{&quot;aperture&quot;:&quot;2&quot;,&quot;credit&quot;:&quot;&quot;,&quot;camera&quot;:&quot;ONEPLUS A3003&quot;,&quot;caption&quot;:&quot;&quot;,&quot;created_timestamp&quot;:&quot;0&quot;,&quot;copyright&quot;:&quot;&quot;,&quot;focal_length&quot;:&quot;4.26&quot;,&quot;iso&quot;:&quot;160&quot;,&quot;shutter_speed&quot;:&quot;0.02&quot;,&quot;title&quot;:&quot;&quot;,&quot;orientation&quot;:&quot;0&quot;}\" data-image-title=\"IMG_20161205_083745_01\" data-image-description=\"\" data-image-caption=\"\" data-large-file=\"https:\/\/i0.wp.com\/www.enviroscop.fr\/actu\/wp-content\/uploads\/2022\/05\/IMG_20161205_083745_01-scaled.jpg?fit=750%2C422&amp;ssl=1\" class=\"wp-image-4785 size-full\" src=\"https:\/\/i0.wp.com\/www.enviroscop.fr\/actu\/wp-content\/uploads\/2022\/05\/IMG_20161205_083745_01-scaled.jpg?resize=750%2C422&#038;ssl=1\" alt=\"\" width=\"750\" height=\"422\" srcset=\"https:\/\/i0.wp.com\/www.enviroscop.fr\/actu\/wp-content\/uploads\/2022\/05\/IMG_20161205_083745_01-scaled.jpg?w=2560&amp;ssl=1 2560w, https:\/\/i0.wp.com\/www.enviroscop.fr\/actu\/wp-content\/uploads\/2022\/05\/IMG_20161205_083745_01-scaled.jpg?resize=300%2C169&amp;ssl=1 300w, https:\/\/i0.wp.com\/www.enviroscop.fr\/actu\/wp-content\/uploads\/2022\/05\/IMG_20161205_083745_01-scaled.jpg?resize=1024%2C576&amp;ssl=1 1024w, https:\/\/i0.wp.com\/www.enviroscop.fr\/actu\/wp-content\/uploads\/2022\/05\/IMG_20161205_083745_01-scaled.jpg?resize=768%2C432&amp;ssl=1 768w, https:\/\/i0.wp.com\/www.enviroscop.fr\/actu\/wp-content\/uploads\/2022\/05\/IMG_20161205_083745_01-scaled.jpg?resize=1536%2C864&amp;ssl=1 1536w, https:\/\/i0.wp.com\/www.enviroscop.fr\/actu\/wp-content\/uploads\/2022\/05\/IMG_20161205_083745_01-scaled.jpg?resize=2048%2C1152&amp;ssl=1 2048w, https:\/\/i0.wp.com\/www.enviroscop.fr\/actu\/wp-content\/uploads\/2022\/05\/IMG_20161205_083745_01-scaled.jpg?resize=750%2C422&amp;ssl=1 750w, https:\/\/i0.wp.com\/www.enviroscop.fr\/actu\/wp-content\/uploads\/2022\/05\/IMG_20161205_083745_01-scaled.jpg?w=2250&amp;ssl=1 2250w\" sizes=\"auto, (max-width: 750px) 100vw, 750px\" \/><p id=\"caption-attachment-4785\" class=\"wp-caption-text\">Parc \u00e9olien, soleil couchant, P. Sauvajon<\/p><\/div>\n<p>Dans une nouvelle recommandation visant \u00e0 acc\u00e9l\u00e9rer le d\u00e9ploiement des \u00e9nergies renouvelables, jug\u00e9 d\u2019int\u00e9r\u00eat public sup\u00e9rieur, la Commission europ\u00e9enne demande aux \u00c9tats membres de simplifier les proc\u00e9dures administratives, y compris environnementales, de coordonner les diff\u00e9rentes autorit\u00e9s, de renforcer les moyens de ces derni\u00e8res et de dresser la liste \u2013 la plus large possible \u2013 des sites \u00ab\u00a0propices\u00a0\u00bb aux EnR. Pour favoriser le consentement du public, r\u00e9ticent, il est \u00e9galement pr\u00e9conis\u00e9 de l\u2019associer davantage aux b\u00e9n\u00e9fices de ces projets.<\/p>\n<\/div>\n<div class=\"spacer-b text-formatted\">\n<p>Annonc\u00e9e dans le cadre du plan REPowerEU pr\u00e9sent\u00e9 le 18 mai dernier (voir\u00a0<a href=\"https:\/\/www.banquedesterritoires.fr\/independance-energetique-le-plan-de-bruxelles-accordera-un-role-essentiel-aux-villes-et-regions\" target=\"_blank\" rel=\"noopener\">notre article<\/a>), la\u00a0<a href=\"https:\/\/eur-lex.europa.eu\/legal-content\/FR\/TXT\/PDF\/?uri=CELEX:32022H0822&amp;from=FR\" target=\"_blank\" rel=\"noopener\">recommandation de la Commission<\/a>\u00a0visant l\u2019acc\u00e9l\u00e9ration des proc\u00e9dures d\u2019octroi de permis pour les projets dans le domaine des \u00e9nergies renouvelables (EnR) et la facilitation des accords d\u2019achat d\u2019\u00e9lectricit\u00e9 a \u00e9t\u00e9 publi\u00e9e au Journal officiel le 25 mai. La Commission y d\u00e9nonce une nouvelle fois \u00ab\u00a0la complexit\u00e9, la diversit\u00e9 et la dur\u00e9e excessive\u00a0\u00bb de ces proc\u00e9dures (voir pour la France le\u00a0<a href=\"https:\/\/www.banquedesterritoires.fr\/energies-renouvelables-une-hirondelle-ne-fait-pas-le-printemps\" target=\"_blank\" rel=\"noopener\">dernier barom\u00e8tre Observ\u2019ER<\/a>), consid\u00e9r\u00e9es comme un \u00ab\u00a0obstacle majeur au d\u00e9ploiement rapide, indispensable\u00a0\u00bb d\u2019EnR jug\u00e9es essentielles dans la lutte contre les gaz \u00e0 effet de serre et \u00ab\u00a0pour mettre un terme aux prix \u00e9lev\u00e9s de l\u2019\u00e9nergie\u00a0\u00bb. Une nouvelle fois car la Commission, par des directives de\u00a0<a href=\"https:\/\/eur-lex.europa.eu\/legal-content\/FR\/TXT\/PDF\/?uri=CELEX:32009L0028&amp;from=FR\" target=\"_blank\" rel=\"noopener\">2009<\/a>\u00a0puis de\u00a0<a href=\"https:\/\/eur-lex.europa.eu\/legal-content\/FR\/TXT\/PDF\/?uri=CELEX:32018L2001&amp;from=FR\" target=\"_blank\" rel=\"noopener\">2018<\/a>, avaient d\u00e9j\u00e0 impos\u00e9 des exigences de simplification de ces obstacles identifi\u00e9s d\u00e8s la\u00a0<a href=\"https:\/\/eur-lex.europa.eu\/legal-content\/FR\/TXT\/PDF\/?uri=CELEX:32001L0077&amp;from=FR\" target=\"_blank\" rel=\"noopener\">directive de 2001<\/a>\u00a0visant la promotion de l\u2019\u00e9lectricit\u00e9 \u00e0 partir de sources EnR. La Commission souligne d\u2019ailleurs que la transposition \u00ab\u00a0compl\u00e8te et rapide\u00a0\u00bb de la directive de 2018 \u00ab\u00a0constitue une priorit\u00e9 et une urgence absolues\u00a0\u00bb. Et ce d\u2019autant que ces \u00ab\u00a0obstacles administratifs\u00a0\u00bb ont \u00ab\u00a0gagn\u00e9 en importance du fait de l\u2019aplanissement d\u2019autres obstacles, tels que les co\u00fbts technologiques (&#8230;) ou les probl\u00e8mes de financement\u00a0\u00bb.<\/p>\n<\/div>\n<p>L&rsquo;int\u00e9gralit\u00e9 de l&rsquo;article <a href=\"https:\/\/www.banquedesterritoires.fr\/la-commission-veut-degager-le-chemin-des-energies-renouvelables-desormais-prioritaires?pk_campaign=newsletter_quotidienne&amp;pk_kwd=2022-05-30&amp;pk_source=Actualit%C3%A9s_Localtis&amp;pk_medium=newsletter_quotidienne\" target=\"_blank\" rel=\"noopener\">sur le site de la banque des territoires<\/a><\/p>\n","protected":false},"excerpt":{"rendered":"<p>Dans une nouvelle recommandation visant \u00e0 acc\u00e9l\u00e9rer le d\u00e9ploiement des \u00e9nergies renouvelables, jug\u00e9 d\u2019int\u00e9r\u00eat public sup\u00e9rieur, la Commission europ\u00e9enne demande aux \u00c9tats membres de simplifier les proc\u00e9dures administratives, y compris environnementales, de coordonner les diff\u00e9rentes autorit\u00e9s, de renforcer les moyens de ces derni\u00e8res et de dresser la liste \u2013 la plus large possible \u2013 des &hellip; <\/p>\n<p><a class=\"more-link btn\" href=\"https:\/\/www.enviroscop.fr\/actu\/2022\/05\/la-commission-veut-degager-le-chemin-des-energies-renouvelables-desormais-prioritaires\/\">Lire la suite<\/a><\/p>\n","protected":false},"author":1,"featured_media":0,"comment_status":"open","ping_status":"open","sticky":false,"template":"","format":"standard","meta":{"jetpack_post_was_ever_published":false,"_jetpack_newsletter_access":"","_jetpack_dont_email_post_to_subs":false,"_jetpack_newsletter_tier_id":0,"_jetpack_memberships_contains_paywalled_content":false,"_jetpack_memberships_contains_paid_content":false,"footnotes":"","jetpack_publicize_message":"","jetpack_publicize_feature_enabled":true,"jetpack_social_post_already_shared":true,"jetpack_social_options":{"image_generator_settings":{"template":"highway","default_image_id":0,"font":"","enabled":false},"version":2}},"categories":[7,26,30,125],"tags":[],"class_list":["post-4784","post","type-post","status-publish","format-standard","hentry","category-energie","category-europe","category-guide","category-renouvelable","item-wrap"],"jetpack_publicize_connections":[],"jetpack_featured_media_url":"","jetpack_shortlink":"https:\/\/wp.me\/p3rXAp-1fa","jetpack_likes_enabled":true,"jetpack-related-posts":[{"id":4609,"url":"https:\/\/www.enviroscop.fr\/actu\/2022\/01\/lue-consulte-le-public-pour-lever-les-obstacles-aux-energies-renouvelables\/","url_meta":{"origin":4784,"position":0},"title":"L&rsquo;UE consulte le public pour lever les obstacles aux \u00e9nergies renouvelables","author":"Enviroscop","date":"24 janvier 2022","format":false,"excerpt":"La Commission europ\u00e9enne lance, jusqu'au 12\u00a0avril 2022, deux consultations publiques pour lever les obstacles au d\u00e9veloppement de projets d'\u00e9nergies renouvelables dans l'Union europ\u00e9enne. La\u00a0premi\u00e8re consultation\u00a0s'inscrit dans le cadre du\u00a0projet de strat\u00e9gie de la Commission sur l'\u00e9nergie solaire, qui sera publi\u00e9 au second trimestre 2022. Cette strat\u00e9gie vise \u00e0 aider a\u0300\u00a0\u00ab\u00a0lib\u00e9rer\u2026","rel":"","context":"Dans &quot;Air&quot;","block_context":{"text":"Air","link":"https:\/\/www.enviroscop.fr\/actu\/category\/compartiments\/air\/"},"img":{"alt_text":"","src":"https:\/\/i0.wp.com\/www.enviroscop.fr\/actu\/wp-content\/uploads\/2016\/08\/1.5_N154_Allaines_a_Ymonville_PANO.jpg?resize=350%2C200","width":350,"height":200,"srcset":"https:\/\/i0.wp.com\/www.enviroscop.fr\/actu\/wp-content\/uploads\/2016\/08\/1.5_N154_Allaines_a_Ymonville_PANO.jpg?resize=350%2C200 1x, https:\/\/i0.wp.com\/www.enviroscop.fr\/actu\/wp-content\/uploads\/2016\/08\/1.5_N154_Allaines_a_Ymonville_PANO.jpg?resize=525%2C300 1.5x, https:\/\/i0.wp.com\/www.enviroscop.fr\/actu\/wp-content\/uploads\/2016\/08\/1.5_N154_Allaines_a_Ymonville_PANO.jpg?resize=700%2C400 2x, https:\/\/i0.wp.com\/www.enviroscop.fr\/actu\/wp-content\/uploads\/2016\/08\/1.5_N154_Allaines_a_Ymonville_PANO.jpg?resize=1050%2C600 3x, https:\/\/i0.wp.com\/www.enviroscop.fr\/actu\/wp-content\/uploads\/2016\/08\/1.5_N154_Allaines_a_Ymonville_PANO.jpg?resize=1400%2C800 4x"},"classes":[]},{"id":5053,"url":"https:\/\/www.enviroscop.fr\/actu\/2022\/11\/energies-renouvelables-exit-le-droit-de-veto-des-maires-sur-limplantation-des-projets-place-a-la-planification-par-zones\/","url_meta":{"origin":4784,"position":1},"title":"\u00c9nergies renouvelables : exit le \u00ab\u00a0droit de veto\u00a0\u00bb des maires sur l&rsquo;implantation des projets, place \u00e0 la planification par zones","author":"Enviroscop","date":"7 novembre 2022","format":false,"excerpt":"Lors de la premi\u00e8re journ\u00e9e d'examen en s\u00e9ance du projet de loi d'acc\u00e9l\u00e9ration des \u00e9nergies renouvelables (EnR), ce 3 novembre, un compromis a \u00e9t\u00e9 trouv\u00e9 entre les s\u00e9nateurs et le gouvernement sur la question du droit de \"veto\" des maires sur l'implantation des projets, qui avait \u00e9t\u00e9 introduite en commission.\u2026","rel":"","context":"Dans &quot;Am\u00e9nagement&quot;","block_context":{"text":"Am\u00e9nagement","link":"https:\/\/www.enviroscop.fr\/actu\/category\/amenagement\/"},"img":{"alt_text":"acc\u00e9l\u00e9ration des \u00e9nergies renouvelables","src":"https:\/\/i0.wp.com\/www.banquedesterritoires.fr\/sites\/default\/files\/styles\/landscape_auto_crop\/public\/2022-11\/Cap%C3%BBioyuiotyiutyiutyiuuuuuuuuture.JPG.jpg?resize=350%2C200&ssl=1","width":350,"height":200,"srcset":"https:\/\/i0.wp.com\/www.banquedesterritoires.fr\/sites\/default\/files\/styles\/landscape_auto_crop\/public\/2022-11\/Cap%C3%BBioyuiotyiutyiutyiuuuuuuuuture.JPG.jpg?resize=350%2C200&ssl=1 1x, https:\/\/i0.wp.com\/www.banquedesterritoires.fr\/sites\/default\/files\/styles\/landscape_auto_crop\/public\/2022-11\/Cap%C3%BBioyuiotyiutyiutyiuuuuuuuuture.JPG.jpg?resize=525%2C300&ssl=1 1.5x, https:\/\/i0.wp.com\/www.banquedesterritoires.fr\/sites\/default\/files\/styles\/landscape_auto_crop\/public\/2022-11\/Cap%C3%BBioyuiotyiutyiutyiuuuuuuuuture.JPG.jpg?resize=700%2C400&ssl=1 2x"},"classes":[]},{"id":5062,"url":"https:\/\/www.enviroscop.fr\/actu\/2022\/11\/deploiement-des-energies-renouvelables-la-commission-europeenne-prend-les-choses-en-main\/","url_meta":{"origin":4784,"position":2},"title":"D\u00e9ploiement des \u00e9nergies renouvelables : la Commission europ\u00e9enne prend les choses en main","author":"Enviroscop","date":"14 novembre 2022","format":false,"excerpt":"Suivant les recommandations du Conseil, la Commission europ\u00e9enne propose un r\u00e8glement d\u2019urgence pour acc\u00e9l\u00e9rer le d\u00e9ploiement des \u00e9nergies renouvelables (EnR), y compris les pompes \u00e0 chaleur. Le texte pr\u00e9voit diverses mesures d\u00e9rogatoires, d\u2019application\u00a0imm\u00e9diate\u00a0et directe, pour un an\u2026 le temps que les r\u00e9visions en cours de directives existantes parviennent \u00e0 leur\u2026","rel":"","context":"Dans &quot;Banque des Territoires&quot;","block_context":{"text":"Banque des Territoires","link":"https:\/\/www.enviroscop.fr\/actu\/category\/source\/banque-des-territoires\/"},"img":{"alt_text":"","src":"https:\/\/i0.wp.com\/www.enviroscop.fr\/actu\/wp-content\/uploads\/2022\/08\/Capture-decran-2022-08-31-084021.jpg?resize=350%2C200","width":350,"height":200,"srcset":"https:\/\/i0.wp.com\/www.enviroscop.fr\/actu\/wp-content\/uploads\/2022\/08\/Capture-decran-2022-08-31-084021.jpg?resize=350%2C200 1x, https:\/\/i0.wp.com\/www.enviroscop.fr\/actu\/wp-content\/uploads\/2022\/08\/Capture-decran-2022-08-31-084021.jpg?resize=525%2C300 1.5x, https:\/\/i0.wp.com\/www.enviroscop.fr\/actu\/wp-content\/uploads\/2022\/08\/Capture-decran-2022-08-31-084021.jpg?resize=700%2C400 2x, https:\/\/i0.wp.com\/www.enviroscop.fr\/actu\/wp-content\/uploads\/2022\/08\/Capture-decran-2022-08-31-084021.jpg?resize=1050%2C600 3x"},"classes":[]},{"id":5205,"url":"https:\/\/www.enviroscop.fr\/actu\/2023\/04\/leurope-se-fixe-un-objectif-de-425-de-renouvelables-dici-2030\/","url_meta":{"origin":4784,"position":3},"title":"L&rsquo;Europe se fixe un objectif de 42,5% de renouvelables d\u2019ici 2030","author":"Enviroscop","date":"4 avril 2023","format":false,"excerpt":"L'accord trouv\u00e9 jeudi 30 mars sur la directive RED III boucle le marathon des textes du paquet \"Fit for 55\" port\u00e9 par la pr\u00e9sidente de la Commission, Ursula von der Leyen. Le Conseil et le Parlement ont arr\u00eat\u00e9 un objectif de 42,5% de renouvelables dans la consommation finale d'ici \u00e0\u2026","rel":"","context":"Dans &quot;Energie&quot;","block_context":{"text":"Energie","link":"https:\/\/www.enviroscop.fr\/actu\/category\/energie\/"},"img":{"alt_text":"\u00e9oliennes ","src":"https:\/\/i0.wp.com\/www.banquedesterritoires.fr\/sites\/default\/files\/styles\/landscape_auto_crop\/public\/2023-03\/Sanhjghjffghjjjjjjjjjjjjjjs%20titre-1.jpg?resize=350%2C200&ssl=1","width":350,"height":200,"srcset":"https:\/\/i0.wp.com\/www.banquedesterritoires.fr\/sites\/default\/files\/styles\/landscape_auto_crop\/public\/2023-03\/Sanhjghjffghjjjjjjjjjjjjjjs%20titre-1.jpg?resize=350%2C200&ssl=1 1x, https:\/\/i0.wp.com\/www.banquedesterritoires.fr\/sites\/default\/files\/styles\/landscape_auto_crop\/public\/2023-03\/Sanhjghjffghjjjjjjjjjjjjjjs%20titre-1.jpg?resize=525%2C300&ssl=1 1.5x, https:\/\/i0.wp.com\/www.banquedesterritoires.fr\/sites\/default\/files\/styles\/landscape_auto_crop\/public\/2023-03\/Sanhjghjffghjjjjjjjjjjjjjjs%20titre-1.jpg?resize=700%2C400&ssl=1 2x"},"classes":[]},{"id":2062,"url":"https:\/\/www.enviroscop.fr\/actu\/2014\/09\/energies-renouvelables-le-financement-participatif-bientot-facilite\/","url_meta":{"origin":4784,"position":4},"title":"Energies renouvelables : le financement participatif bient\u00f4t facilit\u00e9","author":"Enviroscop","date":"23 septembre 2014","format":false,"excerpt":"\u00a9 imagedepotpro Apr\u00e8s avoir recueilli 6,5 millions d'euros lors de deux\u00a0collectes d'investissements citoyens\u00a0en 2011 et 2012, le fonds d'investissement Energie partag\u00e9e r\u00e9cidive, en lan\u00e7ant une troisi\u00e8me collecte.\u00a0\"L'objectif est de collecter trois millions d'euros pour financer en fonds propre les nombreux projets citoyens en attente de soutien\", souligne le mouvement. Jusqu'ici,\u2026","rel":"","context":"Dans &quot;Concertation&quot;","block_context":{"text":"Concertation","link":"https:\/\/www.enviroscop.fr\/actu\/category\/concertation\/"},"img":{"alt_text":"Energies renouvelables : le financement participatif bient\u00f4t facilit\u00e9","src":"https:\/\/i0.wp.com\/www.actu-environnement.com\/images\/illustrations\/news\/22717_une.jpg?resize=350%2C200","width":350,"height":200,"srcset":"https:\/\/i0.wp.com\/www.actu-environnement.com\/images\/illustrations\/news\/22717_une.jpg?resize=350%2C200 1x, https:\/\/i0.wp.com\/www.actu-environnement.com\/images\/illustrations\/news\/22717_une.jpg?resize=525%2C300 1.5x"},"classes":[]},{"id":1988,"url":"https:\/\/www.enviroscop.fr\/actu\/2014\/07\/decret-n-2014-760-du-2-juillet-2014-modifiant-le-decret-n-2012-533-du-20-avril-2012-relatif-aux-schemas-regionaux-de-raccordement-au-reseau-des-energies-renouvelables-prevus-par-larticle\/","url_meta":{"origin":4784,"position":5},"title":"D\u00e9cret n\u00b0 2014-760 du 2 juillet 2014 modifiant le d\u00e9cret n\u00b0 2012-533 du 20 avril 2012 relatif aux sch\u00e9mas r\u00e9gionaux de raccordement au r\u00e9seau des \u00e9nergies renouvelables pr\u00e9vus par l&rsquo;article L. 321-7 du code de l&rsquo;\u00e9nergie | Legifrance","author":"Enviroscop","date":"4 juillet 2014","format":false,"excerpt":"Le d\u00e9cret modifie le d\u00e9cret n\u00b0 2012-533 du 20 avril 2012 relatif aux sch\u00e9mas r\u00e9gionaux de raccordement au r\u00e9seau des \u00e9nergies renouvelables. Ces sch\u00e9mas, institu\u00e9s par la loi n\u00b0 2010-788 du 12 juillet 2010 portant engagement national pour l'environnement, d\u00e9finissent les ouvrages \u00e0 cr\u00e9er ou \u00e0 renforcer pour atteindre les\u2026","rel":"","context":"Dans &quot;Energie&quot;","block_context":{"text":"Energie","link":"https:\/\/www.enviroscop.fr\/actu\/category\/energie\/"},"img":{"alt_text":"","src":"","width":0,"height":0},"classes":[]}],"jetpack_sharing_enabled":true,"_links":{"self":[{"href":"https:\/\/www.enviroscop.fr\/actu\/wp-json\/wp\/v2\/posts\/4784","targetHints":{"allow":["GET"]}}],"collection":[{"href":"https:\/\/www.enviroscop.fr\/actu\/wp-json\/wp\/v2\/posts"}],"about":[{"href":"https:\/\/www.enviroscop.fr\/actu\/wp-json\/wp\/v2\/types\/post"}],"author":[{"embeddable":true,"href":"https:\/\/www.enviroscop.fr\/actu\/wp-json\/wp\/v2\/users\/1"}],"replies":[{"embeddable":true,"href":"https:\/\/www.enviroscop.fr\/actu\/wp-json\/wp\/v2\/comments?post=4784"}],"version-history":[{"count":1,"href":"https:\/\/www.enviroscop.fr\/actu\/wp-json\/wp\/v2\/posts\/4784\/revisions"}],"predecessor-version":[{"id":4786,"href":"https:\/\/www.enviroscop.fr\/actu\/wp-json\/wp\/v2\/posts\/4784\/revisions\/4786"}],"wp:attachment":[{"href":"https:\/\/www.enviroscop.fr\/actu\/wp-json\/wp\/v2\/media?parent=4784"}],"wp:term":[{"taxonomy":"category","embeddable":true,"href":"https:\/\/www.enviroscop.fr\/actu\/wp-json\/wp\/v2\/categories?post=4784"},{"taxonomy":"post_tag","embeddable":true,"href":"https:\/\/www.enviroscop.fr\/actu\/wp-json\/wp\/v2\/tags?post=4784"}],"curies":[{"name":"wp","href":"https:\/\/api.w.org\/{rel}","templated":true}]}}