{"id":4792,"date":"2022-06-02T08:56:56","date_gmt":"2022-06-02T07:56:56","guid":{"rendered":"http:\/\/www.enviroscop.fr\/actu\/?p=4792"},"modified":"2022-06-02T08:56:56","modified_gmt":"2022-06-02T07:56:56","slug":"determiner-les-fonctions-que-remplissent-les-sols-et-la-multifonctionnalte-des-sols","status":"publish","type":"post","link":"https:\/\/www.enviroscop.fr\/actu\/2022\/06\/determiner-les-fonctions-que-remplissent-les-sols-et-la-multifonctionnalte-des-sols\/","title":{"rendered":"D\u00e9terminer les fonctions que remplissent les sols et la multifonctionnalt\u00e9 des sols"},"content":{"rendered":"<div class=\"field field--name-field-news-hat field--type-string-long field--label-hidden field--item\">\n<div style=\"width: 600px\" class=\"wp-caption alignnone\"><img data-recalc-dims=\"1\" loading=\"lazy\" decoding=\"async\" src=\"https:\/\/i0.wp.com\/www.cerema.fr\/sites\/default\/files\/inline-images\/fonctions_2_-_copie.png?resize=600%2C741&#038;ssl=1\" alt=\"Dessins sch\u00e9matisant les fonctions naturelles et anthropiques\" width=\"600\" height=\"741\" data-entity-type=\"file\" data-entity-uuid=\"8a9dc3b6-2546-4bef-8f11-1530e84af034\" \/><p class=\"wp-caption-text\">Figure 1: Les fonctions des sols | Cr\u00e9dit : Flore Vigneron pour le Cerema<\/p><\/div>\n<p>Dans le cadre de la valorisation des r\u00e9sultats du projet de recherche MUSE, cet article pr\u00e9sente la d\u00e9marche permettant de d\u00e9terminer les fonctions des sols en milieu rural et de r\u00e9aliser une cartographie de la capacit\u00e9 des sols du territoire \u00e0 remplir ces fonctions.<\/p><\/div>\n<div class=\"field field--name-body field--type-text-with-summary field--label-hidden field--item\">\n<p>&nbsp;<\/p>\n<p><span id=\"toc-d-terminer-la-multifonctionnalit-des-sols-en-milieu-rural\"><\/span><\/p>\n<h2 class=\"section-title\">D\u00c9TERMINER LA MULTIFONCTIONNALIT\u00c9 DES SOLS EN MILIEU RURAL<\/h2>\n<h4>Choix des fonctions des sols retenues dans le projet<\/h4>\n<p>L\u2019<strong>approche par fonctions \u00e9cologiques <\/strong>(en vert sur la figure 1), c\u2019est \u00e0 dire celles permettant \u00e0 l\u2019\u00e9cosyst\u00e8me de fonctionner sans prendre en compte les usages qu\u2019en fait l\u2019homme et les enjeux\/contraintes li\u00e9es \u00e0 ces usages, a \u00e9t\u00e9 choisie au d\u00e9triment des fonctions anthropiques (en orange sur la figure 1), jug\u00e9es trop limitatives car anthropocentr\u00e9es. Cependant, la distinction entre ces deux notions reste complexe, certaines fonctions qui b\u00e9n\u00e9ficient aux \u00e9cosyst\u00e8mes b\u00e9n\u00e9ficient aussi \u00e0 l\u2019Homme (exemple : la fonction r\u00e9gulation du cycle de l\u2019eau, la source de biomasse).<\/p>\n<p>De plus, les fonctions dites \u00e9volutives dans le temps ou dynamiques (ex : r\u00e9gulation du cycle des nutriments) ont \u00e9t\u00e9 mises de c\u00f4t\u00e9 car complexes \u00e0 appr\u00e9hender. En effet, les donn\u00e9es associ\u00e9es aux R\u00e9f\u00e9rentiels R\u00e9gionaux P\u00e9dologiques sont \u00ab\u00a0dat\u00e9es\u00a0\u00bb et parfois anciennes. Ainsi, il a \u00e9t\u00e9 choisi de n\u2019utiliser que les donn\u00e9es correspondant aux caract\u00e9ristiques p\u00e9rennes des sols.<\/p>\n<p><a href=\"https:\/\/www.cerema.fr\/fr\/actualites\/determiner-fonctions-que-remplissent-sols-multifonctionnalte\" target=\"_blank\" rel=\"noopener\">L&rsquo;int\u00e9gralit\u00e9 de l&rsquo;article sur le site du CEREMA<\/a><\/p>\n<\/div>\n","protected":false},"excerpt":{"rendered":"<p>Dans le cadre de la valorisation des r\u00e9sultats du projet de recherche MUSE, cet article pr\u00e9sente la d\u00e9marche permettant de d\u00e9terminer les fonctions des sols en milieu rural et de r\u00e9aliser une cartographie de la capacit\u00e9 des sols du territoire \u00e0 remplir ces fonctions. &nbsp; D\u00c9TERMINER LA MULTIFONCTIONNALIT\u00c9 DES SOLS EN MILIEU RURAL Choix des &hellip; <\/p>\n<p><a class=\"more-link btn\" href=\"https:\/\/www.enviroscop.fr\/actu\/2022\/06\/determiner-les-fonctions-que-remplissent-les-sols-et-la-multifonctionnalte-des-sols\/\">Lire la suite<\/a><\/p>\n","protected":false},"author":1,"featured_media":0,"comment_status":"open","ping_status":"open","sticky":false,"template":"","format":"standard","meta":{"jetpack_post_was_ever_published":false,"_jetpack_newsletter_access":"","_jetpack_dont_email_post_to_subs":false,"_jetpack_newsletter_tier_id":0,"_jetpack_memberships_contains_paywalled_content":false,"_jetpack_memberships_contains_paid_content":false,"footnotes":"","jetpack_publicize_message":"","jetpack_publicize_feature_enabled":true,"jetpack_social_post_already_shared":true,"jetpack_social_options":{"image_generator_settings":{"template":"highway","default_image_id":0,"font":"","enabled":false},"version":2}},"categories":[124,21,6,30,67,94],"tags":[],"class_list":["post-4792","post","type-post","status-publish","format-standard","hentry","category-cerema","category-eau","category-ecologie","category-guide","category-nature","category-sol","item-wrap"],"jetpack_publicize_connections":[],"jetpack_featured_media_url":"","jetpack_shortlink":"https:\/\/wp.me\/p3rXAp-1fi","jetpack_likes_enabled":true,"jetpack-related-posts":[{"id":4752,"url":"https:\/\/www.enviroscop.fr\/actu\/2022\/05\/zan-et-evaluation-des-sols-lancement-du-reseau-dechanges-slack-dans-le-cadre-du-projet-e-sol\/","url_meta":{"origin":4792,"position":0},"title":"ZAN et \u00e9valuation des sols: Lancement du r\u00e9seau d&rsquo;\u00e9changes Slack dans le cadre du projet e-sol","author":"Enviroscop","date":"13 mai 2022","format":false,"excerpt":"B. Daval - Cerema CC-BY-SA Les partenaires du projet e-sol ont organis\u00e9 le 29 avril 2022 un webinaire qui a permis d\u2019initier la mise en d\u00e9bat de la question de l\u2019\u00e9valuation des sols dans le cadre de la Strat\u00e9gie nationale du z\u00e9ro artificialisation nette (ZAN). Ce temps d\u2019\u00e9change, anim\u00e9 par\u2026","rel":"","context":"Dans &quot;Am\u00e9nagement&quot;","block_context":{"text":"Am\u00e9nagement","link":"https:\/\/www.enviroscop.fr\/actu\/category\/amenagement\/"},"img":{"alt_text":"","src":"","width":0,"height":0},"classes":[]},{"id":5221,"url":"https:\/\/www.enviroscop.fr\/actu\/2023\/04\/une-carte-doccupation-du-sol-pour-outiller-la-lutte-contre-lartificialisation\/","url_meta":{"origin":4792,"position":1},"title":"Une carte d&rsquo;occupation du sol pour outiller la lutte contre l\u2019artificialisation","author":"Enviroscop","date":"18 avril 2023","format":false,"excerpt":"L\u2019artificialisation est d\u00e9finie comme l\u2019alt\u00e9ration durable de tout ou partie des fonctions \u00e9cologiques d\u2019un sol (fonctions biologiques, hydriques et climatiques) et de son potentiel agronomique par son occupation ou son usage. Le ph\u00e9nom\u00e8ne est aujourd\u2019hui consid\u00e9r\u00e9 comme l\u2019une des causes premi\u00e8res de l\u2019effondrement de la biodiversit\u00e9, de la r\u00e9duction des\u2026","rel":"","context":"Dans &quot;Am\u00e9nagement&quot;","block_context":{"text":"Am\u00e9nagement","link":"https:\/\/www.enviroscop.fr\/actu\/category\/amenagement\/"},"img":{"alt_text":"","src":"https:\/\/i0.wp.com\/www.enviroscop.fr\/actu\/wp-content\/uploads\/2023\/04\/Capture-decran-2023-04-18-101351.png?resize=350%2C200&ssl=1","width":350,"height":200,"srcset":"https:\/\/i0.wp.com\/www.enviroscop.fr\/actu\/wp-content\/uploads\/2023\/04\/Capture-decran-2023-04-18-101351.png?resize=350%2C200&ssl=1 1x, https:\/\/i0.wp.com\/www.enviroscop.fr\/actu\/wp-content\/uploads\/2023\/04\/Capture-decran-2023-04-18-101351.png?resize=525%2C300&ssl=1 1.5x, https:\/\/i0.wp.com\/www.enviroscop.fr\/actu\/wp-content\/uploads\/2023\/04\/Capture-decran-2023-04-18-101351.png?resize=700%2C400&ssl=1 2x, https:\/\/i0.wp.com\/www.enviroscop.fr\/actu\/wp-content\/uploads\/2023\/04\/Capture-decran-2023-04-18-101351.png?resize=1050%2C600&ssl=1 3x, https:\/\/i0.wp.com\/www.enviroscop.fr\/actu\/wp-content\/uploads\/2023\/04\/Capture-decran-2023-04-18-101351.png?resize=1400%2C800&ssl=1 4x"},"classes":[]},{"id":4518,"url":"https:\/\/www.enviroscop.fr\/actu\/2021\/11\/portail-de-lartificialisation-des-sols\/","url_meta":{"origin":4792,"position":2},"title":"Portail de l&rsquo;artificialisation des sols","author":"Enviroscop","date":"30 novembre 2021","format":false,"excerpt":"Retrouvez sur ce site les chiffres de la consommation d'espaces, obtenus gr\u00e2ce aux fichiers fonciers. Les indicateurs sont fournis au niveau communal et sont t\u00e9l\u00e9chargeables. Vous trouverez \u00e9galement une carte interactive pour visualiser les donn\u00e9es, et des \u00e9l\u00e9ments d'analyse. Les donn\u00e9es 2009-2020, ont \u00e9t\u00e9 publi\u00e9es en septembre 2021. Elle viennent\u2026","rel":"","context":"Dans &quot;Agriculture&quot;","block_context":{"text":"Agriculture","link":"https:\/\/www.enviroscop.fr\/actu\/category\/activite\/agriculture\/"},"img":{"alt_text":"","src":"https:\/\/i0.wp.com\/www.enviroscop.fr\/actu\/wp-content\/uploads\/2021\/11\/Capture-decran-2021-11-30-082724.jpg?resize=350%2C200","width":350,"height":200,"srcset":"https:\/\/i0.wp.com\/www.enviroscop.fr\/actu\/wp-content\/uploads\/2021\/11\/Capture-decran-2021-11-30-082724.jpg?resize=350%2C200 1x, https:\/\/i0.wp.com\/www.enviroscop.fr\/actu\/wp-content\/uploads\/2021\/11\/Capture-decran-2021-11-30-082724.jpg?resize=525%2C300 1.5x"},"classes":[]},{"id":1071,"url":"https:\/\/www.enviroscop.fr\/actu\/2013\/05\/creation-du-cerema\/","url_meta":{"origin":4792,"position":3},"title":"Cr\u00e9ation du CEREMA","author":"Enviroscop","date":"29 mai 2013","format":false,"excerpt":"Un nouvel \u00e9tablissement public pour le r\u00e9seau scientifique et technique \u00e0 partir du 1er janvier 2014 La loi portant sur les infrastructures et services de transports a \u00e9t\u00e9 promulgu\u00e9e ce jour permettant ainsi la cr\u00e9ation du CEREMA (centre d\u2019\u00e9tudes et d\u2019expertise sur les risques, l\u2019environnement, la mobilit\u00e9 et l\u2019am\u00e9nagement). R\u00e9pondant\u2026","rel":"","context":"Dans &quot;France&quot;","block_context":{"text":"France","link":"https:\/\/www.enviroscop.fr\/actu\/category\/europe\/france\/"},"img":{"alt_text":"","src":"","width":0,"height":0},"classes":[]},{"id":5387,"url":"https:\/\/www.enviroscop.fr\/actu\/2023\/11\/decret-n-2023-1096-du-27-novembre-2023-relatif-a-levaluation-et-au-suivi-de-lartificialisation-des-sols\/","url_meta":{"origin":4792,"position":4},"title":"D\u00e9cret n\u00b0 2023-1096 du 27 novembre 2023 relatif \u00e0 l&rsquo;\u00e9valuation et au suivi de l&rsquo;artificialisation des sols","author":"Enviroscop","date":"28 novembre 2023","format":false,"excerpt":"Publics concern\u00e9s : Etat, collectivit\u00e9s territoriales et leurs groupements, leurs \u00e9tablissements publics Objet : conditions d'application de l'article L. 101-2-1 du code de l'urbanisme\u00a0et de l'article L. 2231-1 du code g\u00e9n\u00e9ral des collectivit\u00e9s territoriales Entr\u00e9e en vigueur : le texte entre en vigueur le lendemain de sa publication. Notice :\u2026","rel":"","context":"Dans &quot;Agriculture&quot;","block_context":{"text":"Agriculture","link":"https:\/\/www.enviroscop.fr\/actu\/category\/activite\/agriculture\/"},"img":{"alt_text":"","src":"https:\/\/i0.wp.com\/www.enviroscop.fr\/actu\/wp-content\/uploads\/2013\/05\/17141_une.jpg?resize=350%2C200&ssl=1","width":350,"height":200},"classes":[]},{"id":5447,"url":"https:\/\/www.enviroscop.fr\/actu\/2024\/05\/le-cerema-publie-les-donnees-2009-2023-de-consommation-foncier\/","url_meta":{"origin":4792,"position":5},"title":"Le Cerema publie les donn\u00e9es 2009-2023 de consommation fonci\u00e8re","author":"Enviroscop","date":"14 mai 2024","format":false,"excerpt":"Dans le cadre de l'observatoire de l'artificialisation des sols, le Cerema vient de produire les nouveaux chiffres de mesure annuelle de la consommation d'espaces. Des outils d'aide \u00e0 la visualisation et \u00e0 l'analyse de ces donn\u00e9es sont aussi propos\u00e9s, via un tableau de bord interactif et la publication d'indicateurs pr\u00e9-calcul\u00e9s\u2026","rel":"","context":"Dans &quot;Agriculture&quot;","block_context":{"text":"Agriculture","link":"https:\/\/www.enviroscop.fr\/actu\/category\/activite\/agriculture\/"},"img":{"alt_text":"Consommation annuelle d'espaces naturels, agricoles et forestiers","src":"https:\/\/i0.wp.com\/www.cerema.fr\/sites\/default\/files\/inline-images\/graphe1_2023.png?resize=350%2C200&ssl=1","width":350,"height":200,"srcset":"https:\/\/i0.wp.com\/www.cerema.fr\/sites\/default\/files\/inline-images\/graphe1_2023.png?resize=350%2C200&ssl=1 1x, https:\/\/i0.wp.com\/www.cerema.fr\/sites\/default\/files\/inline-images\/graphe1_2023.png?resize=525%2C300&ssl=1 1.5x, https:\/\/i0.wp.com\/www.cerema.fr\/sites\/default\/files\/inline-images\/graphe1_2023.png?resize=700%2C400&ssl=1 2x, https:\/\/i0.wp.com\/www.cerema.fr\/sites\/default\/files\/inline-images\/graphe1_2023.png?resize=1050%2C600&ssl=1 3x, https:\/\/i0.wp.com\/www.cerema.fr\/sites\/default\/files\/inline-images\/graphe1_2023.png?resize=1400%2C800&ssl=1 4x"},"classes":[]}],"jetpack_sharing_enabled":true,"_links":{"self":[{"href":"https:\/\/www.enviroscop.fr\/actu\/wp-json\/wp\/v2\/posts\/4792","targetHints":{"allow":["GET"]}}],"collection":[{"href":"https:\/\/www.enviroscop.fr\/actu\/wp-json\/wp\/v2\/posts"}],"about":[{"href":"https:\/\/www.enviroscop.fr\/actu\/wp-json\/wp\/v2\/types\/post"}],"author":[{"embeddable":true,"href":"https:\/\/www.enviroscop.fr\/actu\/wp-json\/wp\/v2\/users\/1"}],"replies":[{"embeddable":true,"href":"https:\/\/www.enviroscop.fr\/actu\/wp-json\/wp\/v2\/comments?post=4792"}],"version-history":[{"count":1,"href":"https:\/\/www.enviroscop.fr\/actu\/wp-json\/wp\/v2\/posts\/4792\/revisions"}],"predecessor-version":[{"id":4793,"href":"https:\/\/www.enviroscop.fr\/actu\/wp-json\/wp\/v2\/posts\/4792\/revisions\/4793"}],"wp:attachment":[{"href":"https:\/\/www.enviroscop.fr\/actu\/wp-json\/wp\/v2\/media?parent=4792"}],"wp:term":[{"taxonomy":"category","embeddable":true,"href":"https:\/\/www.enviroscop.fr\/actu\/wp-json\/wp\/v2\/categories?post=4792"},{"taxonomy":"post_tag","embeddable":true,"href":"https:\/\/www.enviroscop.fr\/actu\/wp-json\/wp\/v2\/tags?post=4792"}],"curies":[{"name":"wp","href":"https:\/\/api.w.org\/{rel}","templated":true}]}}