{"id":4815,"date":"2022-06-15T15:08:19","date_gmt":"2022-06-15T14:08:19","guid":{"rendered":"http:\/\/www.enviroscop.fr\/actu\/?p=4815"},"modified":"2022-08-19T10:43:27","modified_gmt":"2022-08-19T09:43:27","slug":"decarboner-les-territoires","status":"publish","type":"post","link":"https:\/\/www.enviroscop.fr\/actu\/2022\/06\/decarboner-les-territoires\/","title":{"rendered":"D\u00e9carboner les territoires"},"content":{"rendered":"<p>Pilot\u00e9e par le Cerema, la s\u00e9rie de fiches d\u00e9carboner les territoires vise \u00e0\u00a0<strong>aider les techniciens de collectivit\u00e9s<\/strong>\u00a0\u00e0 une meilleure connaissance des<strong>\u00a0techniques de d\u00e9carbonation des territoires<\/strong>. Elle offre des \u00e9l\u00e9ments cl\u00e9s concernant le contenu des technologies, leurs impacts, des exemples de bonnes pratiques et le r\u00f4le possible des collectivit\u00e9s.<\/p>\n<p><em><strong><img data-recalc-dims=\"1\" decoding=\"async\" class=\"alignleft\" src=\"https:\/\/i0.wp.com\/www.cerema.fr\/sites\/default\/files\/styles\/publication_portrait\/public\/images\/product\/2022\/03\/vignette-methanisation.jpg?w=750&#038;ssl=1\" \/>Fiche n\u00b0 01 &#8211; La m\u00e9thanisation agricole<\/strong><\/em><\/p>\n<p>La m\u00e9thanisation agricole constitue une fili\u00e8re en plein d\u00e9veloppement, permettant de r\u00e9pondre \u00e0 de nombreux enjeux, notamment sur le plan de la lutte contre le changement climatique et de l\u2019autonomie budg\u00e9taire des agriculteurs. La programmation pluriannuelle de l\u2019\u00e9nergie (PPE) pr\u00e9voit ainsi une production entre 24 et 32 TWh par an de biom\u00e9thane\/biogaz en 2028.<br \/>\nCette fiche pr\u00e9cise ce que sont la m\u00e9thanisation agricole et les voies de valorisation du biogaz produit et du digestat. Elle donne \u00e9galement des cl\u00e9s sur les bonnes pratiques environnementales, ainsi que sur le r\u00f4le des collectivit\u00e9s locales. Illustr\u00e9e de retours d\u2019exp\u00e9riences, cette fiche doit permettre aux techniciens d\u2019identifier des pistes d\u2019actions dans leurs territoires.<\/p>\n<p>&nbsp;<\/p>\n<p>Pour avoir acc\u00e8s \u00e0 cette fiche et aux autres de la collection,<a href=\"https:\/\/www.cerema.fr\/fr\/centre-ressources\/boutique\/decarboner-territoires\" target=\"_blank\" rel=\"noopener\"> c&rsquo;est sur le site du CEREMA<\/a><\/p>\n","protected":false},"excerpt":{"rendered":"<p>Pilot\u00e9e par le Cerema, la s\u00e9rie de fiches d\u00e9carboner les territoires vise \u00e0\u00a0aider les techniciens de collectivit\u00e9s\u00a0\u00e0 une meilleure connaissance des\u00a0techniques de d\u00e9carbonation des territoires. Elle offre des \u00e9l\u00e9ments cl\u00e9s concernant le contenu des technologies, leurs impacts, des exemples de bonnes pratiques et le r\u00f4le possible des collectivit\u00e9s. Fiche n\u00b0 01 &#8211; La m\u00e9thanisation agricole &hellip; <\/p>\n<p><a class=\"more-link btn\" href=\"https:\/\/www.enviroscop.fr\/actu\/2022\/06\/decarboner-les-territoires\/\">Lire la suite<\/a><\/p>\n","protected":false},"author":1,"featured_media":0,"comment_status":"open","ping_status":"open","sticky":false,"template":"","format":"standard","meta":{"jetpack_post_was_ever_published":false,"_jetpack_newsletter_access":"","_jetpack_dont_email_post_to_subs":false,"_jetpack_newsletter_tier_id":0,"_jetpack_memberships_contains_paywalled_content":false,"_jetpack_memberships_contains_paid_content":false,"footnotes":"","jetpack_publicize_message":"","jetpack_publicize_feature_enabled":true,"jetpack_social_post_already_shared":true,"jetpack_social_options":{"image_generator_settings":{"template":"highway","default_image_id":0,"font":"","enabled":false},"version":2}},"categories":[3,4,124,15,18,20,7,82],"tags":[],"class_list":["post-4815","post","type-post","status-publish","format-standard","hentry","category-agriculture","category-air","category-cerema","category-climat","category-deplacements","category-durable","category-energie","category-ingenierie","item-wrap"],"jetpack_publicize_connections":[],"jetpack_featured_media_url":"","jetpack_shortlink":"https:\/\/wp.me\/p3rXAp-1fF","jetpack_likes_enabled":true,"jetpack-related-posts":[{"id":4763,"url":"https:\/\/www.enviroscop.fr\/actu\/2022\/05\/deux-nouvelles-fiches-du-cerema-sur-des-sujets-qui-nous-interessent\/","url_meta":{"origin":4815,"position":0},"title":"Deux nouvelles fiches du CEREMA sur des sujets qui nous int\u00e9ressent","author":"Enviroscop","date":"17 mai 2022","format":false,"excerpt":"R\u00e9silience et cour d'\u00e9cole La s\u00e9rie de fiches \" R\u00e9silience et cour d\u2019\u00e9cole \" pr\u00e9sente des projets de r\u00e9am\u00e9nagement de cours d\u2019\u00e9cole. S\u2019adaptant \u00e0 chaque contexte, ces projets partagent le souci d\u2019int\u00e9grer plus de nature, de\u00a0diversifier les usages\u00a0et d\u2019am\u00e9liorer les conditions de vie, notamment en \u00e9t\u00e9 pour prendre en compte\u2026","rel":"","context":"Dans &quot;Agriculture&quot;","block_context":{"text":"Agriculture","link":"https:\/\/www.enviroscop.fr\/actu\/category\/activite\/agriculture\/"},"img":{"alt_text":"","src":"","width":0,"height":0},"classes":[]},{"id":3944,"url":"https:\/\/www.enviroscop.fr\/actu\/2020\/11\/amorce-publie-trois-guides-pour-les-nouveaux-elus-locaux-dechets-energie-eau\/","url_meta":{"origin":4815,"position":1},"title":"Amorce publie trois guides pour les nouveaux \u00e9lus locaux : d\u00e9chets, \u00e9nergie, eau","author":"Enviroscop","date":"25 novembre 2020","format":false,"excerpt":"Amorce publie trois guides avec l\u2019Ademe, la Banque des Territoires et les agences de l\u2019eau. Le premier\u00a0guide, \u00e9labor\u00e9 avec l\u2019Ademe et s\u2019adressant aux \u00e9lus charg\u00e9s de la gestion des d\u00e9chets m\u00e9nagers, vise \u00e0 les aider \u00e0 d\u00e9ployer une \"strat\u00e9gie de transition \u00e9cologique\" \u00e0 partir de cette \"comp\u00e9tence ancienne des collectivit\u00e9s\".\u2026","rel":"","context":"Dans &quot;ADEME&quot;","block_context":{"text":"ADEME","link":"https:\/\/www.enviroscop.fr\/actu\/category\/source\/ademe\/"},"img":{"alt_text":"","src":"https:\/\/i0.wp.com\/amorce.asso.fr\/storage\/publications\/images\/2020\/11\/k5M486vJ93fWyGr0GSaAgUnUrdZUlI1FAh4GtQsZ.png?resize=350%2C200&ssl=1","width":350,"height":200},"classes":[]},{"id":3887,"url":"https:\/\/www.enviroscop.fr\/actu\/2020\/10\/comment-les-plui-peuvent-ils-contribuer-a-la-transition-energetique-des-territoires\/","url_meta":{"origin":4815,"position":2},"title":"Comment les PLU(i) peuvent-ils contribuer \u00e0 la transition \u00e9nerg\u00e9tique des territoires ?","author":"Enviroscop","date":"12 octobre 2020","format":false,"excerpt":"Le Cerema pr\u00e9sente une s\u00e9rie de fiches pratiques sur le th\u00e8me \"PLUi et \u00e9nergie\". Les cinq premi\u00e8res fiches sont disponibles, et portent sur l'articulation PLUI et planification \u00e9nergie-climat, sur l'\u00e9olien, les r\u00e9seaux de chaleur, le photovolta\u00efque et la m\u00e9thanisation. Pour lire l'article et t\u00e9l\u00e9charger les fiches, allez sur le site\u2026","rel":"","context":"Dans &quot;Energie&quot;","block_context":{"text":"Energie","link":"https:\/\/www.enviroscop.fr\/actu\/category\/energie\/"},"img":{"alt_text":"","src":"https:\/\/i0.wp.com\/www.enviroscop.fr\/actu\/wp-content\/uploads\/2020\/10\/PLUiENR-300x161.jpg?resize=350%2C200","width":350,"height":200},"classes":[]},{"id":5249,"url":"https:\/\/www.enviroscop.fr\/actu\/2023\/06\/energies-renouvelables-lancement-dun-portail-cartographique\/","url_meta":{"origin":4815,"position":3},"title":"\u00c9nergies renouvelables : lancement d&rsquo;un portail cartographique","author":"Enviroscop","date":"7 juin 2023","format":false,"excerpt":"\u00a9 Sandrine Prot Le minist\u00e8re de la Transition \u00e9nerg\u00e9tique, le Cerema et l\u2019Institut national de l\u2019information g\u00e9ographique et foresti\u00e8re (IGN) ont annonc\u00e9 ce 5 juin la mise en ligne d'un portail cartographique qui aura notamment pour mission d\u2019accompagner les \u00e9lus locaux dans leur travail de planification des \u00e9nergies renouvelables sur\u2026","rel":"","context":"Dans &quot;Banque des Territoires&quot;","block_context":{"text":"Banque des Territoires","link":"https:\/\/www.enviroscop.fr\/actu\/category\/source\/banque-des-territoires\/"},"img":{"alt_text":"Eoliennes","src":"https:\/\/i0.wp.com\/www.banquedesterritoires.fr\/sites\/default\/files\/styles\/landscape_auto_crop\/public\/2023-06\/dfshhhhhhhhhhhhgssgdhsghsghsgghhtitre-1.jpg?resize=350%2C200&ssl=1","width":350,"height":200},"classes":[]},{"id":4928,"url":"https:\/\/www.enviroscop.fr\/actu\/2022\/09\/capamob-un-outil-pour-aider-les-villes-moyennes-et-les-territoires-peu-denses-a-realiser-leur-diagnostic-des-mobilites\/","url_meta":{"origin":4815,"position":4},"title":"CapaMOB : Un outil pour aider les villes moyennes et les territoires peu denses \u00e0 r\u00e9aliser leur diagnostic des mobilit\u00e9s","author":"Enviroscop","date":"5 septembre 2022","format":false,"excerpt":"Le Cerema met en ligne un outil pour accompagner les collectivit\u00e9s en charge de l\u2019organisation des mobilit\u00e9s dans la r\u00e9alisation du diagnostic des mobilit\u00e9s sur leur territoire. Appel\u00e9 CapaMOB, il permet de guider les acteurs dans la d\u00e9marche, qu\u2019ils soient seuls ou en \u00e9quipe. Mathias Gent, Chef de projet planification\u2026","rel":"","context":"Dans &quot;Am\u00e9nagement&quot;","block_context":{"text":"Am\u00e9nagement","link":"https:\/\/www.enviroscop.fr\/actu\/category\/amenagement\/"},"img":{"alt_text":"Vue du pole multimodal de la gare de Lunel","src":"https:\/\/i0.wp.com\/www.cerema.fr\/sites\/default\/files\/styles\/uas_medium\/public\/media\/images\/2022\/06\/pole_multimodal_de_lunel_-_laurent_boutonnet_-_region_occitanie.jpg?resize=350%2C200&ssl=1","width":350,"height":200,"srcset":"https:\/\/i0.wp.com\/www.cerema.fr\/sites\/default\/files\/styles\/uas_medium\/public\/media\/images\/2022\/06\/pole_multimodal_de_lunel_-_laurent_boutonnet_-_region_occitanie.jpg?resize=350%2C200&ssl=1 1x, https:\/\/i0.wp.com\/www.cerema.fr\/sites\/default\/files\/styles\/uas_medium\/public\/media\/images\/2022\/06\/pole_multimodal_de_lunel_-_laurent_boutonnet_-_region_occitanie.jpg?resize=525%2C300&ssl=1 1.5x, https:\/\/i0.wp.com\/www.cerema.fr\/sites\/default\/files\/styles\/uas_medium\/public\/media\/images\/2022\/06\/pole_multimodal_de_lunel_-_laurent_boutonnet_-_region_occitanie.jpg?resize=700%2C400&ssl=1 2x, https:\/\/i0.wp.com\/www.cerema.fr\/sites\/default\/files\/styles\/uas_medium\/public\/media\/images\/2022\/06\/pole_multimodal_de_lunel_-_laurent_boutonnet_-_region_occitanie.jpg?resize=1050%2C600&ssl=1 3x"},"classes":[]},{"id":5056,"url":"https:\/\/www.enviroscop.fr\/actu\/2022\/11\/la-nature-source-de-biodiversite-au-sein-des-territoires-de-loutil-a-la-strategie\/","url_meta":{"origin":4815,"position":5},"title":"La nature source de biodiversit\u00e9 au sein des territoires. De l\u2019outil \u00e0 la strat\u00e9gie.","author":"Enviroscop","date":"9 novembre 2022","format":false,"excerpt":"Le Cerema a publi\u00e9 en octobre 2022 un guide pr\u00e9sentant des m\u00e9thodes pour \u00e9laborer une v\u00e9ritable strat\u00e9gie biodiversit\u00e9 au niveau du territoire. Il pr\u00e9sente des outils et des retours d\u2019exp\u00e9rience utiles pour les collectivit\u00e9s. Les axes propos\u00e9s suivent la s\u00e9quence ERc : Conna\u00eetre le territoire pour \u00e9viter les zones aux\u2026","rel":"","context":"Dans &quot;Am\u00e9nagement&quot;","block_context":{"text":"Am\u00e9nagement","link":"https:\/\/www.enviroscop.fr\/actu\/category\/amenagement\/"},"img":{"alt_text":"","src":"https:\/\/i0.wp.com\/erc.drealnpdc.fr\/wp-content\/uploads\/2022\/10\/Cerema-strategie-biodiversite.png?resize=350%2C200&ssl=1","width":350,"height":200,"srcset":"https:\/\/i0.wp.com\/erc.drealnpdc.fr\/wp-content\/uploads\/2022\/10\/Cerema-strategie-biodiversite.png?resize=350%2C200&ssl=1 1x, https:\/\/i0.wp.com\/erc.drealnpdc.fr\/wp-content\/uploads\/2022\/10\/Cerema-strategie-biodiversite.png?resize=525%2C300&ssl=1 1.5x"},"classes":[]}],"jetpack_sharing_enabled":true,"_links":{"self":[{"href":"https:\/\/www.enviroscop.fr\/actu\/wp-json\/wp\/v2\/posts\/4815","targetHints":{"allow":["GET"]}}],"collection":[{"href":"https:\/\/www.enviroscop.fr\/actu\/wp-json\/wp\/v2\/posts"}],"about":[{"href":"https:\/\/www.enviroscop.fr\/actu\/wp-json\/wp\/v2\/types\/post"}],"author":[{"embeddable":true,"href":"https:\/\/www.enviroscop.fr\/actu\/wp-json\/wp\/v2\/users\/1"}],"replies":[{"embeddable":true,"href":"https:\/\/www.enviroscop.fr\/actu\/wp-json\/wp\/v2\/comments?post=4815"}],"version-history":[{"count":1,"href":"https:\/\/www.enviroscop.fr\/actu\/wp-json\/wp\/v2\/posts\/4815\/revisions"}],"predecessor-version":[{"id":4816,"href":"https:\/\/www.enviroscop.fr\/actu\/wp-json\/wp\/v2\/posts\/4815\/revisions\/4816"}],"wp:attachment":[{"href":"https:\/\/www.enviroscop.fr\/actu\/wp-json\/wp\/v2\/media?parent=4815"}],"wp:term":[{"taxonomy":"category","embeddable":true,"href":"https:\/\/www.enviroscop.fr\/actu\/wp-json\/wp\/v2\/categories?post=4815"},{"taxonomy":"post_tag","embeddable":true,"href":"https:\/\/www.enviroscop.fr\/actu\/wp-json\/wp\/v2\/tags?post=4815"}],"curies":[{"name":"wp","href":"https:\/\/api.w.org\/{rel}","templated":true}]}}