{"id":4824,"date":"2022-06-17T10:30:28","date_gmt":"2022-06-17T09:30:28","guid":{"rendered":"http:\/\/www.enviroscop.fr\/actu\/?p=4824"},"modified":"2022-06-17T10:30:28","modified_gmt":"2022-06-17T09:30:28","slug":"comment-massifier-les-energies-renouvelables","status":"publish","type":"post","link":"https:\/\/www.enviroscop.fr\/actu\/2022\/06\/comment-massifier-les-energies-renouvelables\/","title":{"rendered":"Comment massifier les \u00e9nergies renouvelables\u2009?"},"content":{"rendered":"<p>L\u2019urgence climatique et la n\u00e9cessit\u00e9 de reprendre en main notre souverainet\u00e9 \u00e9nerg\u00e9tique appellent \u00e0 d\u00e9velopper les \u00e9nergies renouvelables \u00e0 un rythme jamais \u00e9gal\u00e9. Un d\u00e9fi ambitieux, mais qu\u2019il est possible de r\u00e9ussir collectivement.<\/p>\n<p>&nbsp;<\/p>\n<p><a href=\"https:\/\/infos.ademe.fr\/magazine-juin-2022\/dossier\/\" target=\"_blank\" rel=\"noopener\">Un dossier ADEME<\/a><\/p>\n<p><img data-recalc-dims=\"1\" loading=\"lazy\" decoding=\"async\" data-attachment-id=\"4825\" data-permalink=\"https:\/\/www.enviroscop.fr\/actu\/2022\/06\/comment-massifier-les-energies-renouvelables\/dossierademe\/\" data-orig-file=\"https:\/\/i0.wp.com\/www.enviroscop.fr\/actu\/wp-content\/uploads\/2022\/06\/DossierADEME.jpg?fit=608%2C782&amp;ssl=1\" data-orig-size=\"608,782\" data-comments-opened=\"1\" data-image-meta=\"{&quot;aperture&quot;:&quot;0&quot;,&quot;credit&quot;:&quot;&quot;,&quot;camera&quot;:&quot;&quot;,&quot;caption&quot;:&quot;&quot;,&quot;created_timestamp&quot;:&quot;0&quot;,&quot;copyright&quot;:&quot;&quot;,&quot;focal_length&quot;:&quot;0&quot;,&quot;iso&quot;:&quot;0&quot;,&quot;shutter_speed&quot;:&quot;0&quot;,&quot;title&quot;:&quot;&quot;,&quot;orientation&quot;:&quot;0&quot;}\" data-image-title=\"DossierADEME\" data-image-description=\"\" data-image-caption=\"\" data-large-file=\"https:\/\/i0.wp.com\/www.enviroscop.fr\/actu\/wp-content\/uploads\/2022\/06\/DossierADEME.jpg?fit=608%2C782&amp;ssl=1\" class=\"alignleft size-full wp-image-4825\" src=\"https:\/\/i0.wp.com\/www.enviroscop.fr\/actu\/wp-content\/uploads\/2022\/06\/DossierADEME.jpg?resize=608%2C782&#038;ssl=1\" alt=\"\" width=\"608\" height=\"782\" srcset=\"https:\/\/i0.wp.com\/www.enviroscop.fr\/actu\/wp-content\/uploads\/2022\/06\/DossierADEME.jpg?w=608&amp;ssl=1 608w, https:\/\/i0.wp.com\/www.enviroscop.fr\/actu\/wp-content\/uploads\/2022\/06\/DossierADEME.jpg?resize=233%2C300&amp;ssl=1 233w\" sizes=\"auto, (max-width: 608px) 100vw, 608px\" \/><\/p>\n<p>&nbsp;<\/p>\n","protected":false},"excerpt":{"rendered":"<p>L\u2019urgence climatique et la n\u00e9cessit\u00e9 de reprendre en main notre souverainet\u00e9 \u00e9nerg\u00e9tique appellent \u00e0 d\u00e9velopper les \u00e9nergies renouvelables \u00e0 un rythme jamais \u00e9gal\u00e9. Un d\u00e9fi ambitieux, mais qu\u2019il est possible de r\u00e9ussir collectivement. &nbsp; Un dossier ADEME &nbsp;<\/p>\n","protected":false},"author":1,"featured_media":0,"comment_status":"open","ping_status":"open","sticky":false,"template":"","format":"standard","meta":{"jetpack_post_was_ever_published":false,"_jetpack_newsletter_access":"","_jetpack_dont_email_post_to_subs":false,"_jetpack_newsletter_tier_id":0,"_jetpack_memberships_contains_paywalled_content":false,"_jetpack_memberships_contains_paid_content":false,"footnotes":"","jetpack_publicize_message":"","jetpack_publicize_feature_enabled":true,"jetpack_social_post_already_shared":true,"jetpack_social_options":{"image_generator_settings":{"template":"highway","default_image_id":0,"font":"","enabled":false},"version":2}},"categories":[2,20,22,7,68],"tags":[],"class_list":["post-4824","post","type-post","status-publish","format-standard","hentry","category-ademe","category-durable","category-economie","category-energie","category-france","item-wrap"],"jetpack_publicize_connections":[],"jetpack_featured_media_url":"","jetpack_shortlink":"https:\/\/wp.me\/p3rXAp-1fO","jetpack_likes_enabled":true,"jetpack-related-posts":[{"id":2740,"url":"https:\/\/www.enviroscop.fr\/actu\/2017\/01\/etude-ademe-couts-des-energies-renouvelables-en-france\/","url_meta":{"origin":4824,"position":0},"title":"\u00c9tude ADEME : co\u00fbts des \u00e9nergies renouvelables en France","author":"Enviroscop","date":"25 janvier 2017","format":false,"excerpt":"\u00c0 l\u2019occasion des Assises europ\u00e9ennes de la transition \u00e9nerg\u00e9tique, l\u2019ADEME publie le 25 janvier\u00a0son \u00e9tude\u00a0\u00ab\u00a0Co\u00fbts des \u00e9nergies renouvelables\u00a0en France\u00a0\u00bb. Elle montre que le\u00a0co\u00fbt\u00a0des \u00e9nergies renouvelables (EnR) continue de baisser rapidement, et d\u00e9taille \u00e9galement les principaux param\u00e8tres r\u00e9gissant les co\u00fbts de production des diff\u00e9rentes fili\u00e8res de production de chaleur ou d\u2019\u00e9lectricit\u00e9\u2026","rel":"","context":"Dans &quot;ADEME&quot;","block_context":{"text":"ADEME","link":"https:\/\/www.enviroscop.fr\/actu\/category\/source\/ademe\/"},"img":{"alt_text":"","src":"https:\/\/i0.wp.com\/www.ademe.fr\/sites\/default\/files\/styles\/asset_image_full\/public\/assets\/images\/cout-enr-france-actu.jpg?resize=350%2C200","width":350,"height":200},"classes":[]},{"id":280,"url":"https:\/\/www.enviroscop.fr\/actu\/2012\/11\/les-chiffres-clef-energie-climat-2012-ademe\/","url_meta":{"origin":4824,"position":1},"title":"Les chiffres clef Energie-Climat 2012, ADEME","author":"Enviroscop","date":"2 novembre 2012","format":false,"excerpt":"Afin de partager les chiffres cl??s ??nergie et climat avec l???ensemble des acteurs de la ma??trise de l?????nergie et des ??nergies renouvelables, l???ADEME a souhait?? r??unir dans un seul document de r??f??rence les donn??es essentielles s...","rel":"","context":"Dans &quot;ADEME&quot;","block_context":{"text":"ADEME","link":"https:\/\/www.enviroscop.fr\/actu\/category\/source\/ademe\/"},"img":{"alt_text":"","src":"","width":0,"height":0},"classes":[]},{"id":138,"url":"https:\/\/www.enviroscop.fr\/actu\/2011\/12\/ademe-chiffres-cles-2010-energie-et-climat\/","url_meta":{"origin":4824,"position":2},"title":"ADEME Chiffres cl\u00e9s 2010 &#8211; \u00e9nergie et climat","author":"Enviroscop","date":"15 d\u00e9cembre 2011","format":false,"excerpt":"Afin de partager les chiffres cl??s ??nergie et climat avec l???ensemble des acteurs de la ma??trise de l?????nergie et des ??nergies renouvelables, l???ADEME a souhait?? r??unir dans un seul document de r??f??rence les donn??es essentielles s...","rel":"","context":"Dans &quot;Energie&quot;","block_context":{"text":"Energie","link":"https:\/\/www.enviroscop.fr\/actu\/category\/energie\/"},"img":{"alt_text":"","src":"","width":0,"height":0},"classes":[]},{"id":1772,"url":"https:\/\/www.enviroscop.fr\/actu\/2014\/02\/publications-ademe-2\/","url_meta":{"origin":4824,"position":3},"title":"Publications ADEME : Climat, air et \u00e9nergie","author":"Enviroscop","date":"4 f\u00e9vrier 2014","format":false,"excerpt":"Afin de partager les chiffres cl\u00e9s \u00ab\u00a0\u00e9nergie et climat\u00a0\u00bb avec l\u2019ensemble des acteurs de la ma\u00eetrise de l\u2019\u00e9nergie et des \u00e9nergies renouvelables, l\u2019ADEME a souhait\u00e9 r\u00e9unir dans un seul document de r\u00e9f\u00e9rence les donn\u00e9es essentielles sur la consommation \u00e9nerg\u00e9tique, le d\u00e9veloppement des \u00e9nergies renouvelables et les \u00e9missions de gaz \u00e0\u2026","rel":"","context":"Dans &quot;ADEME&quot;","block_context":{"text":"ADEME","link":"https:\/\/www.enviroscop.fr\/actu\/category\/source\/ademe\/"},"img":{"alt_text":"Publications ADEME","src":"https:\/\/i0.wp.com\/www.enviroscop.fr\/actu\/wp-content\/uploads\/2014\/02\/img46369FE5E11FE10F65A25DDB61303E13_tomcatlocal1391183891159.jpg?resize=350%2C200","width":350,"height":200},"classes":[]},{"id":1545,"url":"https:\/\/www.enviroscop.fr\/actu\/2013\/10\/le-journal-des-energies-renouvelables-le-soleil-au-service-de-lhomme\/","url_meta":{"origin":4824,"position":4},"title":"Le journal des \u00e9nergies renouvelables : le soleil au service de l&rsquo;Homme","author":"Enviroscop","date":"24 octobre 2013","format":false,"excerpt":"En juin 1973 se tenait \u00e0 l\u2019Unesco le congr\u00e8s \u00ab\u00a0Le soleil au service de l\u2019homme\u00a0\u00bb. F\u00eat\u00e9 vingt ans plus tard par une autre manifestation \u00ab\u00a0Le soleil au service de l\u2019humanit\u00e9\u00a0\u00bb, il est \u00e0 nouveau honor\u00e9 le 3 octobre 2013, pour son quaranti\u00e8me anniversaire, sous le titre \u00ab\u00a0Les \u00e9nergies renouvelables au\u2026","rel":"","context":"Dans &quot;ADEME&quot;","block_context":{"text":"ADEME","link":"https:\/\/www.enviroscop.fr\/actu\/category\/source\/ademe\/"},"img":{"alt_text":"","src":"http:\/\/www2.ademe.fr\/servlet\/getImg?img=F22676072DB6D24CF4DDD452C01CE8FC_tomcatlocal1382517117244.png","width":350,"height":200},"classes":[]},{"id":1523,"url":"https:\/\/www.enviroscop.fr\/actu\/2013\/10\/40-ans-de-developpement-des-energies-renouvelables-en-france\/","url_meta":{"origin":4824,"position":5},"title":"40 ans de d\u00e9veloppement des \u00e9nergies renouvelables en France","author":"Enviroscop","date":"9 octobre 2013","format":false,"excerpt":"En 1973, \u00e0 Paris sous l'\u00e9gide de lUNESCO, s'est tenu le premier congr\u00e8s \u00ab\u00a0Le soleil au service de lHumanit\u00e9\u00a0\u00bb qui a marqu\u00e9 l'entr\u00e9e de la th\u00e9matique des \u00e9nergies renouvelables parmi les grandes causes internationales. Pour c\u00e9l\u00e9brer le 40\u00e8me anniversaire de cet \u00e9v\u00e9nement, l\u2019UNESCO, l\u2019ADEME et le CNRS ont organis\u00e9 le\u00a03\u00a0octobre\u00a02013\u2026","rel":"","context":"Dans &quot;ADEME&quot;","block_context":{"text":"ADEME","link":"https:\/\/www.enviroscop.fr\/actu\/category\/source\/ademe\/"},"img":{"alt_text":"","src":"","width":0,"height":0},"classes":[]}],"jetpack_sharing_enabled":true,"_links":{"self":[{"href":"https:\/\/www.enviroscop.fr\/actu\/wp-json\/wp\/v2\/posts\/4824","targetHints":{"allow":["GET"]}}],"collection":[{"href":"https:\/\/www.enviroscop.fr\/actu\/wp-json\/wp\/v2\/posts"}],"about":[{"href":"https:\/\/www.enviroscop.fr\/actu\/wp-json\/wp\/v2\/types\/post"}],"author":[{"embeddable":true,"href":"https:\/\/www.enviroscop.fr\/actu\/wp-json\/wp\/v2\/users\/1"}],"replies":[{"embeddable":true,"href":"https:\/\/www.enviroscop.fr\/actu\/wp-json\/wp\/v2\/comments?post=4824"}],"version-history":[{"count":1,"href":"https:\/\/www.enviroscop.fr\/actu\/wp-json\/wp\/v2\/posts\/4824\/revisions"}],"predecessor-version":[{"id":4826,"href":"https:\/\/www.enviroscop.fr\/actu\/wp-json\/wp\/v2\/posts\/4824\/revisions\/4826"}],"wp:attachment":[{"href":"https:\/\/www.enviroscop.fr\/actu\/wp-json\/wp\/v2\/media?parent=4824"}],"wp:term":[{"taxonomy":"category","embeddable":true,"href":"https:\/\/www.enviroscop.fr\/actu\/wp-json\/wp\/v2\/categories?post=4824"},{"taxonomy":"post_tag","embeddable":true,"href":"https:\/\/www.enviroscop.fr\/actu\/wp-json\/wp\/v2\/tags?post=4824"}],"curies":[{"name":"wp","href":"https:\/\/api.w.org\/{rel}","templated":true}]}}