{"id":4846,"date":"2022-06-24T09:52:30","date_gmt":"2022-06-24T08:52:30","guid":{"rendered":"http:\/\/www.enviroscop.fr\/actu\/?p=4846"},"modified":"2022-06-24T09:52:30","modified_gmt":"2022-06-24T08:52:30","slug":"biodiversite-un-projet-de-reglement-europeen-veut-imposer-la-reparation-des-dommages-infliges-a-la-nature","status":"publish","type":"post","link":"https:\/\/www.enviroscop.fr\/actu\/2022\/06\/biodiversite-un-projet-de-reglement-europeen-veut-imposer-la-reparation-des-dommages-infliges-a-la-nature\/","title":{"rendered":"Biodiversit\u00e9 : un projet de r\u00e8glement europ\u00e9en veut imposer la r\u00e9paration des dommages inflig\u00e9s \u00e0 la nature"},"content":{"rendered":"<div style=\"width: 1040px\" class=\"wp-caption alignnone\"><img data-recalc-dims=\"1\" loading=\"lazy\" decoding=\"async\" src=\"https:\/\/i0.wp.com\/www.banquedesterritoires.fr\/sites\/default\/files\/styles\/landscape_auto_crop\/public\/2022-06\/6194738680_2a16322159_k.jpg?resize=750%2C534&#038;ssl=1\" alt=\"espace naturel\" width=\"750\" height=\"534\" \/><p class=\"wp-caption-text\">\u00a9 D\u00e9partement des Yvelines (CC BY-ND 2.0)<\/p><\/div>\n<p>La Commission europ\u00e9enne a pr\u00e9sent\u00e9 ce 22 juin un projet de r\u00e8glement visant \u00e0 r\u00e9parer d&rsquo;ici \u00e0 2030 les dommages caus\u00e9s \u00e0 la nature dans 20% des \u00e9cosyst\u00e8mes ab\u00eem\u00e9s d&rsquo;Europe, afin de prot\u00e9ger la biodiversit\u00e9, en particulier les populations d&rsquo;abeilles, mais aussi de limiter les effets des catastrophes naturelles. Le m\u00eame jour, la Commission a d\u00e9taill\u00e9 de nouvelles r\u00e8gles pour r\u00e9duire de moiti\u00e9 l&rsquo;utilisation des pesticides d&rsquo;ici \u00e0 2030.<\/p>\n<p>\u00ab\u00a0Depuis trente ans, nous nous concentrons sur la pr\u00e9servation des espaces naturels, mais cela ne suffit plus pour inverser la perte de biodiversit\u00e9 : une trop grande partie de notre nature est d\u00e9truite ou d\u00e9grad\u00e9e, 81% des habitats naturels de l&rsquo;UE sont en mauvais \u00e9tat\u00a0\u00bb, a soulign\u00e9 le commissaire \u00e0 l&rsquo;Environnement Virginijus Sinkevicius en pr\u00e9sentant ce 22 juin le\u00a0<a href=\"https:\/\/environment.ec.europa.eu\/publications\/nature-restoration-law_fr\">premier projet de r\u00e8glement<\/a>\u00a0visant explicitement la restauration de la nature en Europe. Le texte, qui sera discut\u00e9 par les Etats membres et les eurod\u00e9put\u00e9s, imposera des objectifs contraignants de restauration des \u00e9cosyst\u00e8mes (for\u00eats, prairies, espaces marins&#8230;) ab\u00eem\u00e9s par la pollution, l&rsquo;abus de pesticides et d&rsquo;engrais, l&rsquo;exploitation intensive des sols ou la disparition de zones humides. \u00ab\u00a0Cette loi exigera que d&rsquo;ici 2030, des mesures de restauration efficaces soient en place sur 20% des zones terrestres et maritimes ab\u00eem\u00e9es, et d&rsquo;ici 2050, sur tous les \u00e9cosyst\u00e8mes qui en ont besoin\u00a0\u00bb, a ajout\u00e9 le commissaire.<\/p>\n<p>En compl\u00e9ment de la l\u00e9gislation existante, chaque Etat sera tenu d&rsquo;\u00e9laborer \u00ab\u00a0un plan de restauration\u00a0\u00bb selon des r\u00e8gles strictes de planification et d&rsquo;\u00e9valuation, avec priorit\u00e9 aux \u00ab\u00a0puits de carbone\u00a0\u00bb (for\u00eats, tourbi\u00e8res&#8230;) susceptibles de stocker du CO2 et \u00e0 la pr\u00e9vention ou la r\u00e9duction des effets des catastrophes naturelles telles que les inondations.<\/p>\n<p>Lire l&rsquo;int\u00e9gralit\u00e9 de l&rsquo;article sur <a href=\"https:\/\/www.banquedesterritoires.fr\/biodiversite-un-projet-de-reglement-europeen-veut-imposer-la-reparation-des-dommages-infliges-la\" target=\"_blank\" rel=\"noopener\">le site de la banque des territoires<\/a><\/p>\n","protected":false},"excerpt":{"rendered":"<p>La Commission europ\u00e9enne a pr\u00e9sent\u00e9 ce 22 juin un projet de r\u00e8glement visant \u00e0 r\u00e9parer d&rsquo;ici \u00e0 2030 les dommages caus\u00e9s \u00e0 la nature dans 20% des \u00e9cosyst\u00e8mes ab\u00eem\u00e9s d&rsquo;Europe, afin de prot\u00e9ger la biodiversit\u00e9, en particulier les populations d&rsquo;abeilles, mais aussi de limiter les effets des catastrophes naturelles. Le m\u00eame jour, la Commission a &hellip; <\/p>\n<p><a class=\"more-link btn\" href=\"https:\/\/www.enviroscop.fr\/actu\/2022\/06\/biodiversite-un-projet-de-reglement-europeen-veut-imposer-la-reparation-des-dommages-infliges-a-la-nature\/\">Lire la suite<\/a><\/p>\n","protected":false},"author":1,"featured_media":0,"comment_status":"open","ping_status":"open","sticky":false,"template":"","format":"standard","meta":{"jetpack_post_was_ever_published":false,"_jetpack_newsletter_access":"","_jetpack_dont_email_post_to_subs":false,"_jetpack_newsletter_tier_id":0,"_jetpack_memberships_contains_paywalled_content":false,"_jetpack_memberships_contains_paid_content":false,"footnotes":"","jetpack_publicize_message":"","jetpack_publicize_feature_enabled":true,"jetpack_social_post_already_shared":true,"jetpack_social_options":{"image_generator_settings":{"template":"highway","default_image_id":0,"font":"","enabled":false},"version":2}},"categories":[11,6,26,10,35,37,67,41],"tags":[],"class_list":["post-4846","post","type-post","status-publish","format-standard","hentry","category-biodiversite","category-ecologie","category-europe","category-evaluation","category-juridique","category-mesures","category-nature","category-paysage","item-wrap"],"jetpack_publicize_connections":[],"jetpack_featured_media_url":"","jetpack_shortlink":"https:\/\/wp.me\/p3rXAp-1ga","jetpack_likes_enabled":true,"jetpack-related-posts":[{"id":4841,"url":"https:\/\/www.enviroscop.fr\/actu\/2022\/06\/un-appel-a-projets-sur-la-gestion-despeces-exotiques-envahissantes\/","url_meta":{"origin":4846,"position":0},"title":"Un appel \u00e0 projets sur la gestion d&rsquo;esp\u00e8ces exotiques envahissantes","author":"Enviroscop","date":"22 juin 2022","format":false,"excerpt":"Le minist\u00e8re de la Transition \u00e9cologique et de la Coh\u00e9sion des territoires vient de lancer un\u00a0appel \u00e0 projets\u00a0visant \u00e0 r\u00e9guler les populations d\u2019esp\u00e8ces exotiques envahissantes, qui constituent l\u2019une des principales menaces pour la biodiversit\u00e9. A ce jour pr\u00e8s de 120 esp\u00e8ces sont r\u00e9f\u00e9renc\u00e9es comme telles en m\u00e9tropole et plus de\u2026","rel":"","context":"Dans &quot;biodiversit\u00e9&quot;","block_context":{"text":"biodiversit\u00e9","link":"https:\/\/www.enviroscop.fr\/actu\/category\/nature\/biodiversite\/"},"img":{"alt_text":"","src":"","width":0,"height":0},"classes":[]},{"id":2526,"url":"https:\/\/www.enviroscop.fr\/actu\/2015\/12\/plan-batiment-durable-20-propositions-dactions-pour-la-biodiversite\/","url_meta":{"origin":4846,"position":1},"title":"Plan b\u00e2timent durable, 20 propositions d&rsquo;actions pour la biodiversit\u00e9","author":"Enviroscop","date":"16 d\u00e9cembre 2015","format":false,"excerpt":"La transition \u00e9cologique conduit \u00e0 faire \u00e9merger la biodiversit\u00e9 comme un sujet \u00e0 part enti\u00e8re participant \u00e0 l\u2019\u00e9laboration du b\u00e2timent de demain et \u00e0 plus grande qualit\u00e9 de vie urbaine. De nombreux travaux et initiatives sur ce th\u00e8me sont d\u00e9j\u00e0 entrepris mais tr\u00e8s divers et \u00e9pars, ils sont trop souvent\u2026","rel":"","context":"Dans &quot;biodiversit\u00e9&quot;","block_context":{"text":"biodiversit\u00e9","link":"https:\/\/www.enviroscop.fr\/actu\/category\/nature\/biodiversite\/"},"img":{"alt_text":"","src":"","width":0,"height":0},"classes":[]},{"id":4939,"url":"https:\/\/www.enviroscop.fr\/actu\/2022\/09\/comment-integrer-la-biodiversite-dans-la-planification-urbaine-ou-linverse\/","url_meta":{"origin":4846,"position":2},"title":"Comment int\u00e9grer la biodiversit\u00e9 dans la planification urbaine\u2026 ou l\u2019inverse ?","author":"Enviroscop","date":"9 septembre 2022","format":false,"excerpt":"\u00a9 DR \"D\u00e9montrer comment l\u2019urbanisme doit et peut s\u2019adapter \u00e0 la biodiversit\u00e9, et non l\u2019inverse\". Tel \u00e9tait l\u2019objectif affich\u00e9 de l\u2019un des ateliers des\u00a012es Assises nationales de la biodiversit\u00e9\u00a0qui se tiennent \u00e0 Besan\u00e7on du 7 au 9 septembre. \u00a0 Un atelier des 12es Assises nationales de la biodiversit\u00e9 qui se\u2026","rel":"","context":"Dans &quot;AEU&quot;","block_context":{"text":"AEU","link":"https:\/\/www.enviroscop.fr\/actu\/category\/amenagement\/urbanisme\/aeu\/"},"img":{"alt_text":"espace naturel ville ","src":"https:\/\/i0.wp.com\/www.banquedesterritoires.fr\/sites\/default\/files\/styles\/landscape_no_crop\/public\/2022-09\/Sanfghfdghfghfghs%20titre-1.jpg?resize=350%2C200&ssl=1","width":350,"height":200,"srcset":"https:\/\/i0.wp.com\/www.banquedesterritoires.fr\/sites\/default\/files\/styles\/landscape_no_crop\/public\/2022-09\/Sanfghfdghfghfghs%20titre-1.jpg?resize=350%2C200&ssl=1 1x, https:\/\/i0.wp.com\/www.banquedesterritoires.fr\/sites\/default\/files\/styles\/landscape_no_crop\/public\/2022-09\/Sanfghfdghfghfghs%20titre-1.jpg?resize=525%2C300&ssl=1 1.5x, https:\/\/i0.wp.com\/www.banquedesterritoires.fr\/sites\/default\/files\/styles\/landscape_no_crop\/public\/2022-09\/Sanfghfdghfghfghs%20titre-1.jpg?resize=700%2C400&ssl=1 2x"},"classes":[]},{"id":2764,"url":"https:\/\/www.enviroscop.fr\/actu\/2017\/03\/projet-de-decret-relatif-a-lapplication-des-dispositions-cynegetique-de-la-loi-n-2016-1087-du-8-aout-2016-pour-la-reconquete-de-la-biodiversite-de-la-nature-des-paysages\/","url_meta":{"origin":4846,"position":3},"title":"Projet de d\u00e9cret relatif \u00e0 l\u2019application des dispositions cyn\u00e9g\u00e9tique de la Loi n\u00b0 2016-1087 du 8 ao\u00fbt 2016 pour la reconqu\u00eate de la biodiversit\u00e9, de la nature et des paysages","author":"Enviroscop","date":"14 mars 2017","format":false,"excerpt":"Le pr\u00e9sent projet de d\u00e9cret, soumis \u00e0 Consultation du public, modifie certaines dispositions r\u00e9glementaires du code de l\u2019environnement relatives \u00e0 l\u2019application des dispositions de la loi pour la reconqu\u00eate de la biodiversit\u00e9, de la nature et des paysages du 8 ao\u00fbt 2016. Il actualise \u00e9galement la dur\u00e9e de classement par\u2026","rel":"","context":"Dans &quot;biodiversit\u00e9&quot;","block_context":{"text":"biodiversit\u00e9","link":"https:\/\/www.enviroscop.fr\/actu\/category\/nature\/biodiversite\/"},"img":{"alt_text":"","src":"","width":0,"height":0},"classes":[]},{"id":3890,"url":"https:\/\/www.enviroscop.fr\/actu\/2020\/10\/etat-de-lart-des-impacts-des-energies-renouvelables-sur-la-biodiversite-les-sols-et-les-paysages-et-des-moyens-devaluation-de-ces-impacts\/","url_meta":{"origin":4846,"position":4},"title":"Etat de l&rsquo;art des impacts des \u00e9nergies renouvelables sur la biodiversit\u00e9, les sols et les paysages, et des moyens d&rsquo;\u00e9valuation de ces impacts","author":"Enviroscop","date":"14 octobre 2020","format":false,"excerpt":"Les objectifs de d\u00e9veloppement des \u00e9nergies renouvelables en France pour les p\u00e9riodes 2018-2023 et 2024-2028 ont \u00e9t\u00e9 pr\u00e9sent\u00e9s en novembre 2018 suite \u00e0 la r\u00e9vision de la Programmation Pluriannuelle de l\u2019Energie (PPE). En compl\u00e9ment d\u2019un objectif de r\u00e9duction de moiti\u00e9 de la consommation d\u2019\u00e9nergie sur le territoire d\u2019ici 2050, la\u2026","rel":"","context":"Dans &quot;Energie&quot;","block_context":{"text":"Energie","link":"https:\/\/www.enviroscop.fr\/actu\/category\/energie\/"},"img":{"alt_text":"","src":"https:\/\/i0.wp.com\/www.ademe.fr\/sites\/default\/files\/styles\/ressources_image\/public\/assets\/images\/capture_etude_deloitte.png?resize=350%2C200&ssl=1","width":350,"height":200},"classes":[]},{"id":4409,"url":"https:\/\/www.enviroscop.fr\/actu\/2021\/09\/congres-mondial-de-la-nature-les-grands-axes-de-la-prochaine-strategie-nationale-pour-la-biodiversite-devoiles\/","url_meta":{"origin":4846,"position":5},"title":"Congr\u00e8s mondial de la nature : les grands axes de la prochaine strat\u00e9gie nationale pour la biodiversit\u00e9 d\u00e9voil\u00e9s","author":"Enviroscop","date":"13 septembre 2021","format":false,"excerpt":"\u00c0 l'occasion du Congr\u00e8s mondial de la nature, B\u00e9rang\u00e8re Abba, secr\u00e9taire d'\u00c9tat charg\u00e9e de la biodiversit\u00e9, a pr\u00e9sent\u00e9 ce 7 septembre \u00e0 Marseille les \"quatre axes structurants\" de la prochaine strat\u00e9gie nationale pour la biodiversit\u00e9 2021-2030 : la restauration et la protection des \u00e9cosyst\u00e8mes, l'utilisation \"durable et \"\u00e9quitable\" des services\u2026","rel":"","context":"Dans &quot;biodiversit\u00e9&quot;","block_context":{"text":"biodiversit\u00e9","link":"https:\/\/www.enviroscop.fr\/actu\/category\/nature\/biodiversite\/"},"img":{"alt_text":"Congr\u00e8s mondial de la nature","src":"https:\/\/i0.wp.com\/www.banquedesterritoires.fr\/sites\/default\/files\/styles\/landscape_auto_crop\/public\/2021-09\/Captyutyutyutyutyuture.JPG?resize=350%2C200&ssl=1","width":350,"height":200},"classes":[]}],"jetpack_sharing_enabled":true,"_links":{"self":[{"href":"https:\/\/www.enviroscop.fr\/actu\/wp-json\/wp\/v2\/posts\/4846","targetHints":{"allow":["GET"]}}],"collection":[{"href":"https:\/\/www.enviroscop.fr\/actu\/wp-json\/wp\/v2\/posts"}],"about":[{"href":"https:\/\/www.enviroscop.fr\/actu\/wp-json\/wp\/v2\/types\/post"}],"author":[{"embeddable":true,"href":"https:\/\/www.enviroscop.fr\/actu\/wp-json\/wp\/v2\/users\/1"}],"replies":[{"embeddable":true,"href":"https:\/\/www.enviroscop.fr\/actu\/wp-json\/wp\/v2\/comments?post=4846"}],"version-history":[{"count":1,"href":"https:\/\/www.enviroscop.fr\/actu\/wp-json\/wp\/v2\/posts\/4846\/revisions"}],"predecessor-version":[{"id":4847,"href":"https:\/\/www.enviroscop.fr\/actu\/wp-json\/wp\/v2\/posts\/4846\/revisions\/4847"}],"wp:attachment":[{"href":"https:\/\/www.enviroscop.fr\/actu\/wp-json\/wp\/v2\/media?parent=4846"}],"wp:term":[{"taxonomy":"category","embeddable":true,"href":"https:\/\/www.enviroscop.fr\/actu\/wp-json\/wp\/v2\/categories?post=4846"},{"taxonomy":"post_tag","embeddable":true,"href":"https:\/\/www.enviroscop.fr\/actu\/wp-json\/wp\/v2\/tags?post=4846"}],"curies":[{"name":"wp","href":"https:\/\/api.w.org\/{rel}","templated":true}]}}